{"id":11451,"date":"2019-08-31T00:41:02","date_gmt":"2019-08-31T00:41:02","guid":{"rendered":"https:\/\/redsemlac.com\/semmexico\/?p=11451"},"modified":"2023-07-21T14:53:35","modified_gmt":"2023-07-21T19:53:35","slug":"omisas-autoridades-frente-a-la-violencia-machista","status":"publish","type":"post","link":"https:\/\/redsemlac.com\/semmexico\/omisas-autoridades-frente-a-la-violencia-machista\/","title":{"rendered":"Omisas autoridades frente a la violencia machista"},"content":{"rendered":"\n<p class=\"wp-block-paragraph\">Omisas autoridades frente a la violencia machista.<\/p>\n\n\n\n<p class=\"wp-block-paragraph\">Mujeres de Oaxaca la voz de 126 vidas silenciadas<\/p>\n\n\n\n<p class=\"wp-block-paragraph\">65 % ocurri\u00f3 en uno de los 40 municipios con AVG<\/p>\n\n\n\n<p class=\"wp-block-paragraph\"> Patricia Brise\u00f1o<\/p>\n\n\n\n<p class=\"wp-block-paragraph\"> SemM\u00e9xico Oaxaca, 30 agosto 2019.- Familiares de v\u00edctimas, colectivos feministas y defensoras de los derechos humanos denunciaron que a un a\u00f1o de la declaratoria de Alerta por Violencia de G\u00e9nero (AVG) contra las mujeres en 40 municipios de Oaxaca, las dependencias encargadas de la prevenci\u00f3n, atenci\u00f3n, sanci\u00f3n y erradicaci\u00f3n de este delito han sido omisas, dando paso a la impunidad.<\/p>\n\n\n\n<p class=\"wp-block-paragraph\">El incumplimiento deja un saldo ominoso de 126 mujeres y ni\u00f1as  asesinadas,&nbsp; a quienes les negaron el derecho de vivir, a la libertad y la seguridad.<\/p>\n\n\n\n<p class=\"wp-block-paragraph\">Para rememorar las&nbsp; vidas apagadas por los feminicidios, registrados en este \u00faltimo a\u00f1o &#8211;del 30 de agosto de 2018 a la fecha- el colectivo de teatro Casa Las M\u00e1scaras present\u00f3 la instalaci\u00f3n de 126 m\u00e1scaras elaboradas manualmente con cera, madera y cart\u00f3n, sugiriendo el rostro de las mujeres asesinadas y sin justicia. <\/p>\n\n\n\n<p class=\"wp-block-paragraph\">El acto de denuncia se realiz\u00f3 sobre el andador tur\u00edstico Macedonio Alcal\u00e1, a un costado del templo dominico de Santo Domingo de Guzm\u00e1n, en el centro hist\u00f3rico de Oaxaca,\u00a0 donde las activistas presentaron un pronunciamiento colectivo. <\/p>\n\n\n\n<p class=\"wp-block-paragraph\">\u201cTodas y cada una de ellas, representan para nosotras, un motivo para estar aqu\u00ed, para que sus voces silenciadas por la violencia machista, en complicidad con una violencia institucional, resuenen fuerte a trav\u00e9s de las nuestras, exigiendo justicia\u201d.<\/p>\n\n\n\n<p class=\"wp-block-paragraph\">En su intervenci\u00f3n, Ang\u00e9lica Ayala Ortiz y Ana Mar\u00eda Hern\u00e1ndez, del Grupo de estudios sobre la mujer \u201cRosario Castellanos\u201d y el Consorcio para la Equidad, cap\u00edtulo Oaxaca, informaron que a un a\u00f1o de la declaratoria de la AVG, 126 ni\u00f1as y mujeres que han sido asesinadas de manera violenta; estos cr\u00edmenes han ocurrido un 65 % en los municipios con alerta de g\u00e9nero y un 35 % en municipios sin alerta. <\/p>\n\n\n\n<p class=\"wp-block-paragraph\">Del total de los 126 casos, un 26 % ocurrieron en el Istmo; 18 % en la Costa; 16 % en el Papaloapan al igual que en Valles Centrales; 14 % en la Mixteca; 6%&nbsp; en la Sierra Sur y, finalmente, 2% ciento se ubicaron en la Sierra Norte y la Ca\u00f1ada.<\/p>\n\n\n\n<p class=\"wp-block-paragraph\">Dentro de las principales formas de asesinato, el 59 % fue por armas de fuego; 11% por arma blanca;&nbsp; 7 % por golpes, y&nbsp; 4 % por asfixia. Y en cuanto a sus edades, los porcentajes m\u00e1s relevantes indican que el 28 % ten\u00edan entre 16 y 29 a\u00f1os; 24 % entre 30 y 44 a\u00f1os, y cuatro por ciento eran menores de 15 a\u00f1os.<\/p>\n\n\n\n<p class=\"wp-block-paragraph\">\u201cUn a\u00f1o despu\u00e9s de la declaratoria&nbsp; de alerta por violencia de g\u00e9nero en Oaxaca, se ha desquebrajado por la simulaci\u00f3n y complicidad por parte de los tres poderes del estado,&nbsp; y qued\u00f3 reducida a acciones de escritorio, fotos y eventos que no han tenido impacto\u201d, consideraron las activistas a nombre de las&nbsp; familias agraviadas.<\/p>\n\n\n\n<p class=\"wp-block-paragraph\">Por ello, demandaron evaluar d\u00f3nde y c\u00f3mo se ejercen los recursos financieros entregados por el gobierno federal a los 40 municipios con alerta de g\u00e9nero, desde la transparencia en la informaci\u00f3n \u201chasta el impacto que estos recursos influyeron o no la seguridad de las mujeres y las ni\u00f1as\u201d.<\/p>\n\n\n\n<p class=\"wp-block-paragraph\">Al final del posicionamiento de las participantes&nbsp; colocaron en el piso de cantera, a un costado de las 126 m\u00e1scaras igual n\u00famero de corazones de papel color rojo, con los nombres impresos de cada de una de las v\u00edctimas de feminicidio.<\/p>\n","protected":false},"excerpt":{"rendered":"<p>Omisas autoridades frente a la violencia machista. Mujeres de Oaxaca la voz de 126 vidas silenciadas 65 % ocurri\u00f3 en uno de los 40 municipios con AVG Patricia Brise\u00f1o SemM\u00e9xico Oaxaca, 30 agosto 2019.- Familiares de v\u00edctimas, colectivos feministas y defensoras de los derechos humanos denunciaron que a un a\u00f1o de la declaratoria de Alerta [&hellip;]<\/p>\n","protected":false},"author":3,"featured_media":11453,"comment_status":"open","ping_status":"open","sticky":false,"template":"","format":"standard","meta":{"_monsterinsights_skip_tracking":false,"footnotes":""},"categories":[690,54],"tags":[],"class_list":["post-11451","post","type-post","status-publish","format-standard","has-post-thumbnail","category-690","category-mujeres"],"_links":{"self":[{"href":"https:\/\/redsemlac.com\/semmexico\/wp-json\/wp\/v2\/posts\/11451","targetHints":{"allow":["GET"]}}],"collection":[{"href":"https:\/\/redsemlac.com\/semmexico\/wp-json\/wp\/v2\/posts"}],"about":[{"href":"https:\/\/redsemlac.com\/semmexico\/wp-json\/wp\/v2\/types\/post"}],"author":[{"embeddable":true,"href":"https:\/\/redsemlac.com\/semmexico\/wp-json\/wp\/v2\/users\/3"}],"replies":[{"embeddable":true,"href":"https:\/\/redsemlac.com\/semmexico\/wp-json\/wp\/v2\/comments?post=11451"}],"version-history":[{"count":0,"href":"https:\/\/redsemlac.com\/semmexico\/wp-json\/wp\/v2\/posts\/11451\/revisions"}],"wp:featuredmedia":[{"embeddable":true,"href":"https:\/\/redsemlac.com\/semmexico\/wp-json\/wp\/v2\/media\/11453"}],"wp:attachment":[{"href":"https:\/\/redsemlac.com\/semmexico\/wp-json\/wp\/v2\/media?parent=11451"}],"wp:term":[{"taxonomy":"category","embeddable":true,"href":"https:\/\/redsemlac.com\/semmexico\/wp-json\/wp\/v2\/categories?post=11451"},{"taxonomy":"post_tag","embeddable":true,"href":"https:\/\/redsemlac.com\/semmexico\/wp-json\/wp\/v2\/tags?post=11451"}],"curies":[{"name":"wp","href":"https:\/\/api.w.org\/{rel}","templated":true}]}}