{"id":11443,"date":"2019-08-30T19:49:15","date_gmt":"2019-08-30T19:49:15","guid":{"rendered":"https:\/\/redsemlac.com\/semmexico\/?p=11443"},"modified":"2023-07-21T14:53:36","modified_gmt":"2023-07-21T19:53:36","slug":"opinion-82","status":"publish","type":"post","link":"https:\/\/redsemlac.com\/semmexico\/opinion-82\/","title":{"rendered":"Palabra de Ant\u00edgona: Primer A\u00f1o de Gobierno"},"content":{"rendered":"\n<h2 class=\"wp-block-heading\">Llega AMLO con el estigma del abandono a las criaturas m\u00e1s pobres<\/h2>\n\n\n\n<p class=\"wp-block-paragraph\">Con la postura de dejar sin apoyo a las trabajadoras informales<\/p>\n\n\n\n<p class=\"wp-block-paragraph\">Y con un enorme pendiente: crece sin parar la violencia contra las mujeres<\/p>\n\n\n\n<p class=\"wp-block-paragraph\">Por Sara Lovera<\/p>\n\n\n\n<p class=\"wp-block-paragraph\">SemM\u00e9xico. Cd. de M\u00e9xico. 30 de agosto de 2019.- El primer informe del gobierno de Andr\u00e9s Manuel L\u00f3pez Obrador, cristiano, honrado, con principios y una aut\u00e9ntica preocupaci\u00f3n por los despose\u00eddos, ser\u00e1 recordado por su decisi\u00f3n de cerrar m\u00e1s de 300 estancias infantiles, desaparecer 3OO millones para las organizaciones feministas; reducir al 50 por ciento los recursos y los espacios de atenci\u00f3n a las mujeres violentadas.<\/p>\n\n\n\n<p class=\"wp-block-paragraph\">Ser\u00e1 recordado, sin poderlo olvidar, que para \u00e9l es m\u00e1s importante la integridad de las piedras con que se construyeron los monumentos hist\u00f3ricos o conmemorativos que los cuerpos y vidas destruidas por la violencia contra las mujeres.<\/p>\n\n\n\n<p class=\"wp-block-paragraph\">Este informe  de la 4\u00aa Transformaci\u00f3n, en el que su l\u00edder se ha comparado con los grandes revolucionarios como Madero, Ju\u00e1rez y L\u00e1zaro C\u00e1rdenas, ser\u00e1 recordado por como informe sobre los recortes de personal, sin an\u00e1lisis, plan, proyecto, sino como cortes de maciza en una carnicer\u00eda, dejando a miles de trabajadores y trabajadoras en la calle. Manifestaciones han sobrado, quejas se han acumulado.<\/p>\n\n\n\n<p class=\"wp-block-paragraph\">Y esta primera rendici\u00f3n de cuentas tambi\u00e9n ser\u00e1 recordada por el crecimiento sistem\u00e1tico de la violencia contra las mujeres, las evidencias de que las fuerzas armadas, policiacas, del orden, que quiso imponer como estrategia contra el crimen apabullante, es equivocada, atenta contra la vida y la libertad de las mujeres. Los militares, marinos y agentes policiacos, concentran en su actuar todo el poder, toda la fuerza, todo el autoritarismo propio de la descripci\u00f3n del patriarcado. Dir\u00e1  si su plan emergente ha reportado algo.<\/p>\n\n\n\n<p class=\"wp-block-paragraph\">La discusi\u00f3n razonada, erudita, desde los derechos humanos de no mantener al ej\u00e9rcito como polic\u00eda en todos los rincones del pa\u00eds, no se oy\u00f3. La ley dice que ser\u00e1 el mando civil quien la dirija, en la pr\u00e1ctica miles de militares est\u00e1n patrullando al pa\u00eds. Y ah\u00ed est\u00e1n, hoy mismo, el ejemplo de lo que hacen los uniformados con las mujeres, en Azcapotzalco, Veracruz, la agencia del Ministerio P\u00fablico o los pueblos y comunidades de los Altos de Chiapas.<\/p>\n\n\n\n<p class=\"wp-block-paragraph\">Evidentemente este primer tramo de gobierno ser\u00e1 tambi\u00e9n reflejo de que dir\u00e1  sobre  el cero crecimiento econ\u00f3mico; la destrucci\u00f3n de algunas instituciones creadas por la democracia moderna, capitalista pero moderna. Peligran la Comisi\u00f3n Nacional de los Derechos Humanos, el Instituto de Transparencia, la Autonom\u00eda de la Universidad; la ley de derechos ciudadanos al negarse por la circular No.1 de abril de 2019, cualesquiera recursos para las tareas organizadas, consistentes, demostrables y legales de las organizaciones de la sociedad civil, incluidas las de las feministas y el movimiento de los derechos humanos de las mujeres.<\/p>\n\n\n\n<p class=\"wp-block-paragraph\">Para el r\u00e9gimen solamente el Gobierno tiene el monopolio de la verdad, la distribuci\u00f3n de los recursos de todas y todos los mexicanos y las reglas de la redistribuci\u00f3n. Se ha olvidado que es jefe de Estado: territorio, poblaci\u00f3n y gobierno. Se ha olvidado de los derechos ciudadanos, nos trata como s\u00fabditos, despose\u00eddos, a quienes se les da \u201cayuda\u201d misericordiosa. Cristo es considerado el rey de reyes, el hijo de dios, que vino a la tierra para sentir y sufrir como humano. Hoy el presidencialismo autoritario y bien conocido, se ha reconvertido.<\/p>\n\n\n\n<p class=\"wp-block-paragraph\">El presidente de la Rep\u00fablica informar\u00e1 este domingo de sus cuatro programas anunciados desde hace a\u00f1os, ratificados en la campa\u00f1a presidencial y sostenidos durante cada d\u00eda en conferencia de prensa desde el primero de diciembre de 2018:<\/p>\n\n\n\n<p class=\"wp-block-paragraph\">Combate a la corrupci\u00f3n; becas -dinero directo- que el presidente, como buen pastor y padre todo poderoso llama \u201cayudas\u201d a los m\u00e1s necesitados. <\/p>\n\n\n\n<p class=\"wp-block-paragraph\">Combate a la corrupci\u00f3n; becas -dinero directo- que el presidente, como buen pastor y padre todo poderoso llama \u201cayudas\u201d a los m\u00e1s necesitados. Becas para estudiantes, becas para migrantes; becas para campesinos y campesinas; becas para trabajadores juveniles; becas y m\u00e1s becas, distribuidas por un ej\u00e9rcito de personas que llevan un chaleco con el nombre del presidente de la Rep\u00fablica, casi todas esas personas muy j\u00f3venes y que se hacen llamar \u201cServidores de la Naci\u00f3n\u201d.<\/p>\n\n\n\n<p class=\"wp-block-paragraph\">Sobre la lucha contra la corrupci\u00f3n -veremos- hoy no sabemos y el estado de la naci\u00f3n en materia de paz y seguridad: las refiner\u00edas, dijo 4 y no hay en proyecto m\u00e1s que una. Y sobre la construcci\u00f3n de un aeropuerto que est\u00e1 impugnado por los tribunales, sobre lo que podr\u00eda configurarse un desacato, de no admitir el fallo judicial.<\/p>\n\n\n\n<p class=\"wp-block-paragraph\">En t\u00e9rminos de justicia, el nuevo r\u00e9gimen est\u00e1 flaqueando, muchos anuncios y di\u00e1logos con quienes buscan a sus hijos e hijas; muchas mesas de trabajo para ver c\u00f3mo en un mes se resuelve la violencia contra las mujeres; muchos discursos contra la corrupci\u00f3n, pocas acciones; muchas catilinarias ma\u00f1aneras sobre el amor y la conciliaci\u00f3n y un aumento desmedido de la violencia, el mal humor entre mexicanas y mexicanos; muchas reyertas comunales, muchos pleitos callejeros, aparici\u00f3n de nuevos delitos, como incendiar bares; nuevas angustias, gran desempleo.<\/p>\n\n\n\n<p class=\"wp-block-paragraph\">En t\u00e9rminos de pol\u00edtica de g\u00e9nero. Cero. Disminuida la presencia y labor de la instituci\u00f3n rectora de esa pol\u00edtica; anuncios de diminuci\u00f3n de recursos y disminuci\u00f3n efectiva de recursos en los programas compartidos con las entidades de la Rep\u00fablica; cierre sin miramientos de programas y reglamentos por ejemplo para cl\u00ednicas especializadas del seguro social; programa de c\u00e1ncer de mama en la Ciudad de M\u00e9xico; el programa espec\u00edfico para discapacitadas y discapacitados; disminuci\u00f3n de recursos y acciones en el Instituto de Desarrollo Social, antes encargado de coordinar las organizaciones de la sociedad civil, ahora en ca\u00edda.<\/p>\n\n\n\n<p class=\"wp-block-paragraph\">El presidente de la Rep\u00fablica, el nombre es exacto, el que manda, el que decide, en un sistema presidencialista, cuando menos 8 ocasiones ha desmentido a sus secretarios o secretarias de estado; ha contradicho acciones y actividades que siente no le gust\u00f3 a alguien o en quien conf\u00eda, y ha tenido al menos 6 renuncias importantes en su gabinete.<\/p>\n\n\n\n<p class=\"wp-block-paragraph\">Estamos en presencia de un mandato al menos machista y autoritario, peligrosamente pragm\u00e1tico-populista, que s\u00ed, que ha podido encumbrarse por la f\u00e9tida y tremenda herencia de gobiernos anteriores, de funcionarios y funcionarias inconfiables; de programas fallidos, resultado den una democracia imperfecta, de un acumulado de violencias inaceptables y tambi\u00e9n de corrupci\u00f3n. De instituciones caducas, y paralelamente de nuevas instituciones de un proceso hacia la democracia.<\/p>\n\n\n\n<p class=\"wp-block-paragraph\">Ojo, con esa imperfecta democracia, en buena parte por quienes han sido correligionarios del presidente Andr\u00e9s Manuel L\u00f3pez Obrador, le permiti\u00f3 acceder al poder por la v\u00eda pac\u00edfica, dentro de una democracia formal, occidental, burguesa, capitalista, etc\u00e9tera. Lo que llama nuevo r\u00e9gimen, no es una revoluci\u00f3n, tampoco es un cambio de sistema, es simplemente una nueva forma de gobernar que parece no tener rostro definido y en cambio ya camina en sentido de destruir las instituciones de la democracia moderna, las instituciones que hacen contrapeso a cualquier gobernante que busque constituirse en dictador.\u00a0\u00a0<\/p>\n\n\n\n<p class=\"wp-block-paragraph\">\u00a1Peligro! Y para las mujeres, anuncio de volver a retomar nuestras antiguas formas de lucha, salir a la calle, reagruparnos, pensar en progresista, defender nuestros derechos, pelear por el aborto, la libre opci\u00f3n sexual, por la erradicaci\u00f3n de la violencia y la participaci\u00f3n pol\u00edtica. Creer en este r\u00e9gimen, juntarse a \u00e9l, comer con sus representantes, cenar con las que piensan que tienen poder, oler flores donde hay podredumbre, nos puede enviar 50 a\u00f1os atr\u00e1s. Ojo. Veremos.<\/p>\n","protected":false},"excerpt":{"rendered":"<p>Llega AMLO con el estigma del abandono a las criaturas m\u00e1s pobres<\/p>\n","protected":false},"author":3,"featured_media":9290,"comment_status":"open","ping_status":"open","sticky":false,"template":"","format":"standard","meta":{"_monsterinsights_skip_tracking":false,"footnotes":""},"categories":[690,95,69],"tags":[],"class_list":["post-11443","post","type-post","status-publish","format-standard","has-post-thumbnail","category-690","category-palabra-de-antigona","category-sara-lovera"],"_links":{"self":[{"href":"https:\/\/redsemlac.com\/semmexico\/wp-json\/wp\/v2\/posts\/11443","targetHints":{"allow":["GET"]}}],"collection":[{"href":"https:\/\/redsemlac.com\/semmexico\/wp-json\/wp\/v2\/posts"}],"about":[{"href":"https:\/\/redsemlac.com\/semmexico\/wp-json\/wp\/v2\/types\/post"}],"author":[{"embeddable":true,"href":"https:\/\/redsemlac.com\/semmexico\/wp-json\/wp\/v2\/users\/3"}],"replies":[{"embeddable":true,"href":"https:\/\/redsemlac.com\/semmexico\/wp-json\/wp\/v2\/comments?post=11443"}],"version-history":[{"count":0,"href":"https:\/\/redsemlac.com\/semmexico\/wp-json\/wp\/v2\/posts\/11443\/revisions"}],"wp:featuredmedia":[{"embeddable":true,"href":"https:\/\/redsemlac.com\/semmexico\/wp-json\/wp\/v2\/media\/9290"}],"wp:attachment":[{"href":"https:\/\/redsemlac.com\/semmexico\/wp-json\/wp\/v2\/media?parent=11443"}],"wp:term":[{"taxonomy":"category","embeddable":true,"href":"https:\/\/redsemlac.com\/semmexico\/wp-json\/wp\/v2\/categories?post=11443"},{"taxonomy":"post_tag","embeddable":true,"href":"https:\/\/redsemlac.com\/semmexico\/wp-json\/wp\/v2\/tags?post=11443"}],"curies":[{"name":"wp","href":"https:\/\/api.w.org\/{rel}","templated":true}]}}