{"id":11432,"date":"2019-08-30T03:15:49","date_gmt":"2019-08-30T03:15:49","guid":{"rendered":"https:\/\/redsemlac.com\/semmexico\/?p=11432"},"modified":"2023-07-21T14:53:36","modified_gmt":"2023-07-21T19:53:36","slug":"guerrero-28","status":"publish","type":"post","link":"https:\/\/redsemlac.com\/semmexico\/guerrero-28\/","title":{"rendered":"Despiden a adolescente asesinada en Guerrero"},"content":{"rendered":"\n<p class=\"wp-block-paragraph\"><strong>* Presuntamente\nsecuestrada por \u201camigos\u201d<\/strong><\/p>\n\n\n\n<p class=\"wp-block-paragraph\"><strong>Josefina Aguilar\nPastor <\/strong><\/p>\n\n\n\n<p class=\"wp-block-paragraph\">SemM\u00e9xico, Chilpancingo,\nGro., 29 agosto 2019.- Son jazmines los que adornan y aromatizan la caja, un\nata\u00fad blanco como era ella, apenas ten\u00eda 13 a\u00f1os, y quienes se supone eran sus\namigos se encargaron de truncarle la vida, sus proyectos, de separarla de su\nfamilia para siempre, de cerrarle los ojos a Abril Natividad.<\/p>\n\n\n\n<p class=\"wp-block-paragraph\">Son las 5 y media de\nla tarde del martes 27 de agosto de 2019, cuando comienza a escucharse una\nm\u00fasica, no es f\u00fanebre, es m\u00fasica popular que habla de amor y separaci\u00f3n, el\ncontingente se asoma por el punto conocido como el tri\u00e1ngulo, sobre la\ncarretera Tixtla-Chilapa, se enfila hacia el pante\u00f3n de barrio de La Villa.<\/p>\n\n\n\n<p class=\"wp-block-paragraph\">Abril estudiaba en la\nescuela secundaria Pre vocacional R. Leyva Mancilla, donde el lunes pasado,\ncomo en el resto del pa\u00eds inici\u00f3 el ciclo escolar, ah\u00ed, una butaca se encuentra\nvac\u00eda, Abril ya no lleg\u00f3, iniciar\u00eda el segundo grado.<\/p>\n\n\n\n<p class=\"wp-block-paragraph\">No hay muchos datos\nsobre los hechos. Quien la cit\u00f3 en el barrio de Santa Cecilia a las 5 de la tarde\nel d\u00eda jueves, fue un amigo que se presume era su novio. Despu\u00e9s de esa hora ya\nno se le volvi\u00f3 a ver, ni a saber m\u00e1s de ella.<\/p>\n\n\n\n<p class=\"wp-block-paragraph\">Trascendi\u00f3 que a su\nmam\u00e1 le mandaban v\u00eddeos con contenido donde le mostraban a su hija golpeada\npidiendo ayuda. Exig\u00edan 500 mil pesos para liberarla, pero el s\u00e1bado por la\nma\u00f1ana la encontraron arrojada en el lugar conocido como \u201cEl Resumidero\u201d que se\nubica en el barrio de San Antonio, a orillas de la laguna de Tixtla.<\/p>\n\n\n\n<p class=\"wp-block-paragraph\">La Fiscal\u00eda General\ndel Estado abri\u00f3 una carpeta de investigaci\u00f3n, cinco menores de edad est\u00e1n\ndetenidos; algunos de ellos estudiaban en Bachilleres plantel 11 de Tixtla.<\/p>\n\n\n\n<figure class=\"wp-block-image\"><img decoding=\"async\" src=\"https:\/\/redsemlac.com\/semmexico\/wp-content\/uploads\/2019\/08\/nota-jos-5-1024x768.jpg\" alt=\"\" class=\"wp-image-11433\"\/><\/figure>\n\n\n\n<p class=\"wp-block-paragraph\">Abril ofreci\u00f3 a su\nmam\u00e1 regresar temprano, pero nunca volvi\u00f3, su cuerpo mostraba se\u00f1ales de\ntortura. <\/p>\n\n\n\n<p class=\"wp-block-paragraph\">Ya casi son las 6 de\nla tarde y el ata\u00fad con el cuerpo de Abril es depositado en la tumba que ser\u00e1\nde ahora en adelante su casa eterna, mientras la m\u00fasica se mezcla entre\nsollozos de su madre, su familia y amigas y amigos.<\/p>\n\n\n\n<p class=\"wp-block-paragraph\">Alguien suelta un\nmanojo de globos blancos, rotulados con los nombres de la adolescente, despu\u00e9s\nde un rato de permanecer atorados en las ramas de una jacaranda logran\nliberarse y emprenden el vuelo hacia el infinito, poco a poco se van alejando\nhasta perderse.<\/p>\n\n\n\n<p class=\"wp-block-paragraph\">\u201cNo hay palabras que\npuedan mitigar el dolor que hoy nos consterna, la partida de este ser querido,\nde este ser que no nos dice un adi\u00f3s, sino un hasta pronto. Mam\u00e1, hoy no me\ndespido de ti, hoy solo emprendo un viaje, este viaje que tengo que realizar\nsola, pero quiero sepas que siempre estar\u00e9 contigo, quiero que cada uno de los\naqu\u00ed presentes siempre encuentre mi esencia en todas partes donde este; en las\nescuelas donde me vi formada, en la casa donde se me brind\u00f3 amor y cari\u00f1o, en\nla casa donde mis padres me formaron para ser mujer de bien, hoy no me despido\nde ustedes, hoy estoy ya acompa\u00f1ada de mi padre y de mi abuela, hoy descanso,\nhoy solamente cerr\u00e9 los ojos para poder estar con ellos, la p\u00e9rdida de un ser\ncomo Abril nos deja un profundo dolor y un vac\u00edo en nuestro coraz\u00f3n, este dolor\nno sanar\u00e1 pronto\u201d, dijo un familiar, quien al final de su discurso pidi\u00f3\ndespedir a la ni\u00f1a con un minuto de aplausos.<\/p>\n\n\n\n<p class=\"wp-block-paragraph\">El d\u00eda que Abril\ndesapareci\u00f3, la Subsecretar\u00eda de Coordinaci\u00f3n, Enlace y Atenci\u00f3n de\nOrganizaciones Sociales de la Secretar\u00eda General de Gobierno, Violeta Carolina\nParra Reynada, dio a conocer que en el 2018 la Fiscal\u00eda General del Estado\nreport\u00f3 20 carpetas de investigaci\u00f3n por delito de feminicidio, seis\nfeminicidios menos que el a\u00f1o anterior. El Sistema Nacional de Seguridad\nP\u00fablica se\u00f1ala que Guerrero pas\u00f3 del lugar ocho al 16 en el presente a\u00f1o. <\/p>\n\n\n\n<p class=\"wp-block-paragraph\">SEM\/jap\/sj<\/p>\n","protected":false},"excerpt":{"rendered":"<p>Presuntamente secuestrada por \u201camigos\u201d<\/p>\n","protected":false},"author":3,"featured_media":11434,"comment_status":"open","ping_status":"open","sticky":false,"template":"","format":"standard","meta":{"_monsterinsights_skip_tracking":false,"footnotes":""},"categories":[690,54],"tags":[],"class_list":["post-11432","post","type-post","status-publish","format-standard","has-post-thumbnail","category-690","category-mujeres"],"_links":{"self":[{"href":"https:\/\/redsemlac.com\/semmexico\/wp-json\/wp\/v2\/posts\/11432","targetHints":{"allow":["GET"]}}],"collection":[{"href":"https:\/\/redsemlac.com\/semmexico\/wp-json\/wp\/v2\/posts"}],"about":[{"href":"https:\/\/redsemlac.com\/semmexico\/wp-json\/wp\/v2\/types\/post"}],"author":[{"embeddable":true,"href":"https:\/\/redsemlac.com\/semmexico\/wp-json\/wp\/v2\/users\/3"}],"replies":[{"embeddable":true,"href":"https:\/\/redsemlac.com\/semmexico\/wp-json\/wp\/v2\/comments?post=11432"}],"version-history":[{"count":0,"href":"https:\/\/redsemlac.com\/semmexico\/wp-json\/wp\/v2\/posts\/11432\/revisions"}],"wp:featuredmedia":[{"embeddable":true,"href":"https:\/\/redsemlac.com\/semmexico\/wp-json\/wp\/v2\/media\/11434"}],"wp:attachment":[{"href":"https:\/\/redsemlac.com\/semmexico\/wp-json\/wp\/v2\/media?parent=11432"}],"wp:term":[{"taxonomy":"category","embeddable":true,"href":"https:\/\/redsemlac.com\/semmexico\/wp-json\/wp\/v2\/categories?post=11432"},{"taxonomy":"post_tag","embeddable":true,"href":"https:\/\/redsemlac.com\/semmexico\/wp-json\/wp\/v2\/tags?post=11432"}],"curies":[{"name":"wp","href":"https:\/\/api.w.org\/{rel}","templated":true}]}}