{"id":11430,"date":"2019-08-30T02:41:25","date_gmt":"2019-08-30T02:41:25","guid":{"rendered":"https:\/\/redsemlac.com\/semmexico\/?p=11430"},"modified":"2023-07-21T14:53:36","modified_gmt":"2023-07-21T19:53:36","slug":"opinion-81","status":"publish","type":"post","link":"https:\/\/redsemlac.com\/semmexico\/opinion-81\/","title":{"rendered":"Ambig\u00fa"},"content":{"rendered":"\n<h2 class=\"wp-block-heading\"><strong>1 informe 1 logro: apoyos sociales<\/strong><\/h2>\n\n\n\n<p class=\"wp-block-paragraph\"><strong>Amlo y el estrado de las mentiras<\/strong><\/p>\n\n\n\n<p class=\"wp-block-paragraph\"> <strong>Martha Elba Torres Mart\u00ednez<\/strong><\/p>\n\n\n\n<p class=\"wp-block-paragraph\">Este domingo, el presidente L\u00f3pez Obrador rinde su primer\ninforme de Gobierno y lo har\u00e1 a su manera. \u00bfQu\u00e9 va a decir? Nada, fuera de lo\nque no hemos escuchado todas las ma\u00f1anas, el pasado 1 de julio en la\ncelebraci\u00f3n por el triunfo electoral y en la presumida spotiza en medios\ntradicionales y redes.<\/p>\n\n\n\n<p class=\"wp-block-paragraph\">Fuera de los programas sociales, que en su l\u00f3gica implica\ndesarrollo, nada. El combate a la corrupci\u00f3n y los privilegios es una\nsimulaci\u00f3n bien contada. El tabasque\u00f1o vive en el \u00fanico Palacio que tenemos; \u00e9l\ny su familia come a costa erario p\u00fablico; tiene a parentela en Morena, que este\na\u00f1o ejerce mil 500 millones de pesos, a su esposa Beatriz reescribiendo la\nhistoria de M\u00e9xico y a su hijo peque\u00f1o en los mejores colegios. Ya ni que decir\nde familias completas cobrando en el Gobierno Federal. <\/p>\n\n\n\n<p class=\"wp-block-paragraph\">El mismo nepotismo corrupci\u00f3n y privilegios que fomenta el\npoder hegem\u00f3nico. Fuera de eso, todo lo dem\u00e1s es ret\u00f3rica pura.<\/p>\n\n\n\n<p class=\"wp-block-paragraph\">Y tenemos derecho a criticarlo, como a sus antecesores,\nporque viven y tragan de nuestros impuestos. Es el derecho a disentir, de\nse\u00f1alar los errores y deficiencias porque hacen chingaderas con nuestros\ndineros.<\/p>\n\n\n\n<p class=\"wp-block-paragraph\">De seguro va a represumir el \u201cahorro\u201d de 4 mil 500 millones\nde pesos en un mont\u00f3n de a\u00f1os, con el acuerdo de los gasoductos. No nos\nhagamos, el caso ya estaba tocando la puerta de la controversia internacional,\nlo que empeorar\u00eda la de por s\u00ed, quebrantada confianza de los inversiones\nglobales en M\u00e9xico.<\/p>\n\n\n\n<p class=\"wp-block-paragraph\">Por eso el rico mac pato de Slim se par\u00f3 en el estrado de\nlas mentiras de Palacio Nacional y se ech\u00f3 la suya: vamos a crecer y muy pronto.\nAj\u00e1. \u00bfCu\u00e1ntas reuniones Amlo-IP en nueve meses y el crecimiento econ\u00f3mico en\nceros? La realidad es que no hay inversi\u00f3n p\u00fablica y menos privada por la\ndesconfianza en el gobierno lopezobradorista. Al Presidente no le creen. Esa es\nla verdad. Y si todo le sale mal, es por testarudo y rodearse de puro pendejo.<\/p>\n\n\n\n<p class=\"wp-block-paragraph\">Por eso le dio en la torre a las estancias infantiles, a los\nrefugios de mujeres violentadas y retir\u00f3 los tratamientos oncol\u00f3gicos a adultos\ny lo m\u00e1s diab\u00f3lico, a los ni\u00f1os y ni\u00f1as. Que hayan tenido que salir a las\ncalles y bloquearlas para que los vean y escuchen, de veras que es tener muy\npoca madre. Y al Presidente le vali\u00f3.<\/p>\n\n\n\n<p class=\"wp-block-paragraph\">El aeropuerto de Santa Luc\u00eda, parado. No por el capricho de\nunos cuantos buenos abogados defendiendo nuestro derecho de que los impuestos\nno sean malgastados, sino porque sigue de necio en hacerlo frente a un cerro y\nsin importarle el da\u00f1o ecol\u00f3gico que provocar\u00e1.<\/p>\n\n\n\n<p class=\"wp-block-paragraph\">\u00bfNos va a presumir su estrategia de abrazos no balazos? El\nEj\u00e9rcito sobajado, la Guardia Nacional inutilizada y los criminales de fiesta.\nEl Presidente orden\u00f3 que no se les persiguiera y si se les encuentra, abrazos,\nno balazos.<\/p>\n\n\n\n<p class=\"wp-block-paragraph\">Tres hechos muy ilustrativos de que L\u00f3pez Obrador no va a\ncombatir a la delincuencia y habr\u00e1 perd\u00f3n a los criminales:<\/p>\n\n\n\n<p class=\"wp-block-paragraph\">1.- El di\u00e1logo en Oaxaca, la semana pasada. Le rogaron enviara\nal Ej\u00e9rcito porque ya no pueden con tanta violencia:<\/p>\n\n\n\n<p class=\"wp-block-paragraph\">&#8211;<em>No se dialoga con los\nagresores. Se garantiza un derecho inmediato. \u00a1Manden al Ej\u00e9rcito\ninmediatamente! \u00a1No tenemos armas!-,<\/em> gritaba un desesperado hombre.<\/p>\n\n\n\n<p class=\"wp-block-paragraph\">El Presidente de M\u00e9xico, desde el asiento de su camioneta\nblindada:<\/p>\n\n\n\n<p class=\"wp-block-paragraph\"><em>-El Ej\u00e9rcito no usa\npara reprimir al pueblo.<\/em><\/p>\n\n\n\n<p class=\"wp-block-paragraph\"><em>-\u00a1Carajo!, \u00a1\u00bfel narco\nes pueblo?!&#8230;<\/em><\/p>\n\n\n\n<p class=\"wp-block-paragraph\"><em>-S\u00ed, es pueblo, todos\nson seres humanos.<\/em><\/p>\n\n\n\n<p class=\"wp-block-paragraph\">Entonces ya entendemos: el Presidente del pa\u00eds vela por los\nintereses del \u201cpueblo\u201d. As\u00ed sean narcos, asesinos, secuestradores, extorsionadores\ny tratantes.<\/p>\n\n\n\n<p class=\"wp-block-paragraph\">2.- La respuesta del gobernador Silvano Aureoles, a la\npregunta de esta columnista en la rueda de prensa del pasado lunes 26, sobre la\ndecisi\u00f3n de L\u00f3pez Obrador de cumplir con su promesa de amnist\u00eda al narco:<\/p>\n\n\n\n<p class=\"wp-block-paragraph\">\u201cLos delitos generadores de la mayor parte de la violencia y\nde la inseguridad, son del orden federal. En consecuencia, la Federaci\u00f3n tiene\nque dise\u00f1ar su estrategia y nosotros coadyuvar con en ella. Pero no significa\nque en todo estemos de acuerdo. Y no es llevar la contraria o descalificar. Hay\ncosas en las que no voy a estar de acuerdo (\u2026) <\/p>\n\n\n\n<p class=\"wp-block-paragraph\">\u201cT\u00fa no puedes estar dialogando con delincuentes, porque de\npor s\u00ed traemos un severo d\u00e9ficit de procuraci\u00f3n de justicia. Michoac\u00e1n es de\nlos m\u00e1s avanzados en materia procuraci\u00f3n de justicia y s\u00f3lo judicializamos el 3\npor ciento de los casos. La Fiscal\u00eda General de la Rep\u00fablica judicializa el .9\npor ciento. \u00a1Ni el uno por ciento! (\u2026)<\/p>\n\n\n\n<p class=\"wp-block-paragraph\">\u201cCuando t\u00fa le dices al Fiscal General de la Rep\u00fablica: \u00b4oiga,\nse\u00f1or fiscal, \u00bfcu\u00e1ndo van ustedes a perseguir el delito?\u00b4. Y responde: \u00b4no, es\nque no puedo, no tengo recursos. Solamente tengo 3 mil polic\u00edas. Mejor ustedes\nvengan y p\u00eddanme que firmemos un convenio para que yo vaya y atienda\u00b4. \u00bfQu\u00e9 es\neso? Es una debilidad del Estado terrible, penosa. En eso se deber\u00edan de poner\na trabajar en lugar de andar apapachando delincuentes.<\/p>\n\n\n\n<p class=\"wp-block-paragraph\">\u201cEntiendo que la amnist\u00eda que anuncia el se\u00f1or Presidente\ntiene que ver con otras cosas, con presos pol\u00edticos, con algunos encarcelados\npor razones distintas aun delito legalmente tipificado, como cobro de facturas,\npor persecuci\u00f3n pol\u00edtica o por opinar. Pero si la amnist\u00eda es para decir \u00b4\u00f3rale,\nno hay problema\u2026 Tuta, ya sal de la c\u00e1rcel porque te vamos a perdonar todo el da\u00f1o\nque le hiciste a Michoac\u00e1n\u00b4, no coincido con eso porque es poner en riesgo al\nEstado nacional, a las instituciones y la estabilidad social\u201d.<\/p>\n\n\n\n<p class=\"wp-block-paragraph\">3.- La masacre en el bar \u201cCaballo Blanco\u201d en Coatzacoalcos,\nVeracruz. El gobernador morenista Cuitl\u00e1huac Garc\u00eda, se la atribuy\u00f3 a \u201cLa\nLoca\u201d, jefe de plaza del CJNG \u2013supuesto hipot\u00e9tico: puede proteger al grupo\nlocal-. \u201cLa Loca\u201d a trav\u00e9s de su red, se deslinda del hecho y confirma que en\njulio y agosto hab\u00eda sido detenido por la Naval que le sembr\u00f3 droga y\nhuachicol.<\/p>\n\n\n\n<p class=\"wp-block-paragraph\">Cuitl\u00e1huac y el presidente L\u00f3pez Obrador se\u00f1alan a la\nFiscal\u00eda del estado de haberlo liberado esas dos ocasiones. La dependencia\ndemuestra que fue la delegaci\u00f3n de la Fiscal\u00eda General de la Rep\u00fablica la que\ntuvo conocimiento de las dos detenciones y por tanto de su liberaci\u00f3n.<\/p>\n\n\n\n<p class=\"wp-block-paragraph\">Hay dos carpetas de investigaci\u00f3n en la delegaci\u00f3n estatal\nde la FGR: la del 18 de julio (FED\/VER\/0003461\/2019) y la del 7 de agosto de\n2019 (FED\/VER\/COATZ\/0003721\/2019), as\u00ed que todo lo que digan el Presidente y el\ngobernador sobre el fiscal del estado, Jorge Wilckler, es persecuci\u00f3n pol\u00edtica\nporque lo consideran herencia maldita de Miguel \u00c1ngel Yunes\u2026<\/p>\n\n\n\n<p class=\"wp-block-paragraph\" style=\"text-align:left\">\u00a0\u00a0\u00a0\u00a0\u00a0\u00a0\u00a0\u00a0\u00a0\u00a0\u00a0\u00a0\u00a0\u00a0\u00a0\u00a0\u00a0\u00a0\u00a0\u00a0\u00a0\u00a0\u00a0\u00a0\u00a0\u00a0\u00a0\u00a0\u00a0\u00a0\u00a0\u00a0\u00a0\u00a0\u00a0\u00a0\u00a0\u00a0\u00a0\u00a0\u00a0\u00a0\u00a0\u00a0\u00a0\u00a0\u00a0\u00a0\u00a0\u00a0\u00a0\u00a0\u00a0\u00a0\u00a0\u00a0\u00a0\u00a0\u00a0\u00a0\u00a0\u00a0\u00a0\u00a0\u00a0\u00a0\u00a0\u00a0\u00a0\u00a0\u00a0<strong>\u00a0\u00a0 ***<\/strong><\/p>\n\n\n\n<p class=\"wp-block-paragraph\">Por todo lo anterior, escrib\u00ed que el \u00fanico logro de L\u00f3pez\nObrador son los programas sociales y con ellos, cree que logra desarrollo, en\nla perspectiva de su nuevo enunciado: la econom\u00eda popular, porque la macro y\nmicro que establecen los indicadores del Banco de M\u00e9xico, oficiales y\nconfiables hasta el momento, dicen todo lo contrario. Est\u00e1n pendejos, estos no\nsaben, repite cada rato, pero con otras palabras, el Presidente que ahora sus\namplios conocimientos en la materia, los har\u00e1 en un libro. \u00a1Madre Sant\u00edsima!<\/p>\n\n\n\n<p class=\"wp-block-paragraph\">Falsas premisas dominan el escenario de la mesa familiar,\nporque los precios suben y los apoyos, pensiones y becas se escurren entre los\ndedos. Consuelo de tontos los 5 o 10 centavos que se mueven en el litro de gasolina\ny el desempleo galopante.<\/p>\n\n\n\n<p class=\"wp-block-paragraph\">El caso que cada quien esta en libertad de creerle al\nPresidente en su informe de pasado ma\u00f1ana. Yo no\u2026<\/p>\n\n\n\n<p class=\"wp-block-paragraph\">\u00a0\u00a0\u00a0\u00a0\u00a0\u00a0\u00a0\u00a0\u00a0\u00a0\u00a0\u00a0\u00a0\u00a0\u00a0\u00a0\u00a0\u00a0\u00a0\u00a0\u00a0\u00a0\u00a0\u00a0\u00a0\u00a0\u00a0\u00a0\u00a0\u00a0\u00a0\u00a0\u00a0\u00a0\u00a0\u00a0\u00a0\u00a0\u00a0\u00a0\u00a0\u00a0\u00a0\u00a0\u00a0\u00a0\u00a0\u00a0\u00a0\u00a0\u00a0\u00a0\u00a0\u00a0\u00a0\u00a0\u00a0\u00a0\u00a0\u00a0\u00a0\u00a0\u00a0\u00a0\u00a0\u00a0\u00a0\u00a0\u00a0\u00a0\u00a0\u00a0\u00a0\u00a0\u00a0\u00a0\u00a0\u00a0\u00a0\u00a0\u00a0\u00a0\u00a0\u00a0\u00a0\u00a0<strong>\u00a0\u00a0 ***<\/strong><\/p>\n\n\n\n<p class=\"wp-block-paragraph\"><strong>LA COMIDILLA<\/strong><\/p>\n\n\n\n<p class=\"wp-block-paragraph\">Cuando el r\u00edo suena, agua lleva\u2026 el planteamiento del PT de\nregular los medios de comunicaci\u00f3n es m\u00e1s que una mera ocurrencia del diputado\nfederal Oscar Gonz\u00e1lez\u2026<\/p>\n","protected":false},"excerpt":{"rendered":"<p>1 informe 1 logro: apoyos sociales<\/p>\n","protected":false},"author":3,"featured_media":9024,"comment_status":"open","ping_status":"open","sticky":false,"template":"","format":"standard","meta":{"_monsterinsights_skip_tracking":false,"footnotes":""},"categories":[690,99,90],"tags":[],"class_list":["post-11430","post","type-post","status-publish","format-standard","has-post-thumbnail","category-690","category-ambigu","category-martha-elba-torres-martinez"],"_links":{"self":[{"href":"https:\/\/redsemlac.com\/semmexico\/wp-json\/wp\/v2\/posts\/11430","targetHints":{"allow":["GET"]}}],"collection":[{"href":"https:\/\/redsemlac.com\/semmexico\/wp-json\/wp\/v2\/posts"}],"about":[{"href":"https:\/\/redsemlac.com\/semmexico\/wp-json\/wp\/v2\/types\/post"}],"author":[{"embeddable":true,"href":"https:\/\/redsemlac.com\/semmexico\/wp-json\/wp\/v2\/users\/3"}],"replies":[{"embeddable":true,"href":"https:\/\/redsemlac.com\/semmexico\/wp-json\/wp\/v2\/comments?post=11430"}],"version-history":[{"count":0,"href":"https:\/\/redsemlac.com\/semmexico\/wp-json\/wp\/v2\/posts\/11430\/revisions"}],"wp:featuredmedia":[{"embeddable":true,"href":"https:\/\/redsemlac.com\/semmexico\/wp-json\/wp\/v2\/media\/9024"}],"wp:attachment":[{"href":"https:\/\/redsemlac.com\/semmexico\/wp-json\/wp\/v2\/media?parent=11430"}],"wp:term":[{"taxonomy":"category","embeddable":true,"href":"https:\/\/redsemlac.com\/semmexico\/wp-json\/wp\/v2\/categories?post=11430"},{"taxonomy":"post_tag","embeddable":true,"href":"https:\/\/redsemlac.com\/semmexico\/wp-json\/wp\/v2\/tags?post=11430"}],"curies":[{"name":"wp","href":"https:\/\/api.w.org\/{rel}","templated":true}]}}