{"id":11427,"date":"2019-08-30T01:28:37","date_gmt":"2019-08-30T01:28:37","guid":{"rendered":"https:\/\/redsemlac.com\/semmexico\/?p=11427"},"modified":"2023-07-21T14:53:36","modified_gmt":"2023-07-21T19:53:36","slug":"oaxaca-36","status":"publish","type":"post","link":"https:\/\/redsemlac.com\/semmexico\/oaxaca-36\/","title":{"rendered":"Violencia la epidemia m\u00e1s grande del siglo"},"content":{"rendered":"\n<p class=\"wp-block-paragraph\"><strong>* Capacitaci\u00f3n y un nuevo\nfondo para atender los derechos humanos, demanda CADH<\/strong><\/p>\n\n\n\n<p class=\"wp-block-paragraph\"><strong>* Lanzan en Oaxaca gu\u00eda de\nactuaci\u00f3n para evitar posibles violaciones a los derechos humanos<\/strong><\/p>\n\n\n\n<p class=\"wp-block-paragraph\"><strong>Irma Lorena M\u00e1rquez Torres<\/strong><\/p>\n\n\n\n<p class=\"wp-block-paragraph\">SemM\u00e9xico, Oaxaca, 29 agosto\n2019.- Los\nderechos de las personas, se han constituido en exigencias \u00e9ticas que todo\naparato de justicia debe garantizar y respaldar, en tanto que la violencia, ha\nsido reconocida como la epidemia m\u00e1s grande del presente siglo, alcanzando\nproporciones dram\u00e1ticas en la vida individual y colectiva de las sociedades.<\/p>\n\n\n\n<p class=\"wp-block-paragraph\">As\u00ed lo expres\u00f3 la coordinadora para la Atenci\u00f3n de los Derechos Humanos (CADH),\nNorma Reyes Ter\u00e1n durante el acto en el cual la Secretar\u00eda de Gobernaci\u00f3n\nlanz\u00f3 aqu\u00ed del Protocolo para la instrumentaci\u00f3n e implementaci\u00f3n de medidas de\nProtecci\u00f3n del Sistema Interamericano, Universal y Nacional de Derechos\nHumanos.<\/p>\n\n\n\n<p class=\"wp-block-paragraph\">Este hecho obedece al\ncumplimiento de la cl\u00e1usula 3.14 del Acuerdo de Soluci\u00f3n Amistosa de la Comisi\u00f3n Interamericana\nde Derechos Humanos suscrita por el Estado Mexicano,\nrelacionada con el caso del ind\u00edgena triqui, Antonio Jacinto L\u00f3pez Mart\u00ednez\nde la comunidad de San Mart\u00edn Itunyoso, Oaxaca.&nbsp;\n<\/p>\n\n\n\n<p class=\"wp-block-paragraph\">Ante la Presidenta de la Comisi\u00f3n\nInterameriana de Derechos Humanos (CIDH), Esmeralda Arosemena de Troiti\u00f1o; el\nSubsecretario de Derechos Humanos, Poblaci\u00f3n y Migrci\u00f3n de la SEGOB, as\u00ed como\nel gobernador Alejandro Murat, Reyes Ter\u00e1n dijo que los derechos humanos y la\nviolencia, se han convertido en asuntos indispensables para medir y evaluar el\nprogreso y el desarrollo de los pueblos y las naciones. <\/p>\n\n\n\n<p class=\"wp-block-paragraph\">Por tanto, la <em>protecci\u00f3n\ny garant\u00eda de los derechos humanos <\/em>son temas prioritarios y de gran\ntrascendencia para quienes ejercemos una funci\u00f3n p\u00fablica y tenemos el\ncompromiso de llevar a buen puerto el mandato constitucional de respetar,\nproteger y garantizar los derechos humanos, sobre todo, cuando \u00e9stos\nconstituyen un pilar de la democracia que se busca consolidar en un Estado como\nel nuestro. <\/p>\n\n\n\n<p class=\"wp-block-paragraph\">Reyes Ter\u00e1n dijo que frente\na la demanda de medidas cautelares emitidas por organismos como la Comisi\u00f3n\nInteramericana de Derechos Humanos, la Comisi\u00f3n Nacional de los Derechos\nHumanos, el Mecanismo de Protecci\u00f3n para personas defensoras de derechos\nhumanos y periodistas, o la Defensor\u00eda de los Derechos Humanos del Pueblo de\nOaxaca, la coordinaci\u00f3n que preside implementa procesos formativos tomando como\nreferencia el est\u00e1ndar m\u00e1s alto que establece el Sistema Interamericano y\nplante\u00f3 la necesidad de revisar del actual esquema de coordinaci\u00f3n fiscal, ya\nque los Ramos y los Fondos Federales y contar con un marco legal adecuado para\nla protecci\u00f3n y el ejercicio de los derechos humanos, es tan importante como\ncontar con recursos econ\u00f3micos, \u201cno es ingenuo pedir que se cree y se dise\u00f1e un\nFondo de Aportaciones nuevo\u201d.<\/p>\n\n\n\n<p class=\"wp-block-paragraph\">\u201cEs\nuna realidad que nos debe ocupar y preocupar a quienes estamos involucradas en\nesta causa y exigimos la reivindicaci\u00f3n de los derechos humanos, particularmente,\nde los derechos humanos de las mujeres, quienes constituimos la mayor\u00eda de la\npoblaci\u00f3n. <\/p>\n\n\n\n<p class=\"wp-block-paragraph\">\u201cDe\nesta manera, por primera vez en la historia, el Estado mexicano ofrecer\u00eda una\nrespuesta unificada y contundente al d\u00e9ficit que existe para garantizar el respeto\ny la protecci\u00f3n de los derechos humanos, algo que la sociedad civil ha\nreclamado de manera insistente\u201d.<\/p>\n\n\n\n<p class=\"wp-block-paragraph\">\u201cEstoy\nconvencida que el feminismo y los derechos humanos, son los legados m\u00e1s\nimportantes que el siglo XVIII y el siglo XX, respectivamente, nos han regalado\na la humanidad, por esa raz\u00f3n, vale la pena defenderlos\u201d, dijo al finalizar su\nintervenci\u00f3n.<\/p>\n\n\n\n<p class=\"wp-block-paragraph\"><strong>Acuerdo de Soluci\u00f3n Amistosa<\/strong><\/p>\n\n\n\n<p class=\"wp-block-paragraph\">Cabe destacar que el objetivo del para la instrumentaci\u00f3n e\nimplementaci\u00f3n de medidas de Protecci\u00f3n del Sistema Interamericano, Universal y\nNacional de Derechos Humanos es contar con una gu\u00eda de actuaci\u00f3n que permita\nbrindar un acompa\u00f1amiento efectivo, eficiente, oportuno, coordinado y transparente\na las personas protegidas para evitar posibles violaciones a sus derechos\nhumanos de imposible o dif\u00edcil reparaci\u00f3n.<\/p>\n\n\n\n<p class=\"wp-block-paragraph\">Es tambi\u00e9n una l\u00ednea base\nque sirva de gu\u00eda a las entidades federativas cuando se requieran implementar\nprotocolos de esta naturaleza.<\/p>\n\n\n\n<p class=\"wp-block-paragraph\">Cabe destacar que en el a\u00f1o\n2005, el ciudadano Antonio Jacinto L\u00f3pez Mart\u00ednez fue motivo de hostigamiento y\namenazas al haber sido elegido presidente municipal por el Sistema Normativo\nInd\u00edgena del Municipio de San Mart\u00edn Itunyoso, Tlaxiaco.<\/p>\n\n\n\n<p class=\"wp-block-paragraph\">Aunque el agraviado contaba\ncon medidas cautelares establecidas por la Comisi\u00f3n Interamericana de Derechos\nHumanos, dichos actos de hostigamiento culminaron con su homicidio en octubre\nde 2011.<\/p>\n\n\n\n<p class=\"wp-block-paragraph\">SEM\/ilmt\/sj<\/p>\n","protected":false},"excerpt":{"rendered":"<p>Capacitaci\u00f3n y un nuevo fondo para atender los derechos humanos, demanda CADH<\/p>\n","protected":false},"author":3,"featured_media":11428,"comment_status":"open","ping_status":"open","sticky":false,"template":"","format":"standard","meta":{"_monsterinsights_skip_tracking":false,"footnotes":""},"categories":[690,51],"tags":[],"class_list":["post-11427","post","type-post","status-publish","format-standard","has-post-thumbnail","category-690","category-ejecutivo"],"_links":{"self":[{"href":"https:\/\/redsemlac.com\/semmexico\/wp-json\/wp\/v2\/posts\/11427","targetHints":{"allow":["GET"]}}],"collection":[{"href":"https:\/\/redsemlac.com\/semmexico\/wp-json\/wp\/v2\/posts"}],"about":[{"href":"https:\/\/redsemlac.com\/semmexico\/wp-json\/wp\/v2\/types\/post"}],"author":[{"embeddable":true,"href":"https:\/\/redsemlac.com\/semmexico\/wp-json\/wp\/v2\/users\/3"}],"replies":[{"embeddable":true,"href":"https:\/\/redsemlac.com\/semmexico\/wp-json\/wp\/v2\/comments?post=11427"}],"version-history":[{"count":0,"href":"https:\/\/redsemlac.com\/semmexico\/wp-json\/wp\/v2\/posts\/11427\/revisions"}],"wp:featuredmedia":[{"embeddable":true,"href":"https:\/\/redsemlac.com\/semmexico\/wp-json\/wp\/v2\/media\/11428"}],"wp:attachment":[{"href":"https:\/\/redsemlac.com\/semmexico\/wp-json\/wp\/v2\/media?parent=11427"}],"wp:term":[{"taxonomy":"category","embeddable":true,"href":"https:\/\/redsemlac.com\/semmexico\/wp-json\/wp\/v2\/categories?post=11427"},{"taxonomy":"post_tag","embeddable":true,"href":"https:\/\/redsemlac.com\/semmexico\/wp-json\/wp\/v2\/tags?post=11427"}],"curies":[{"name":"wp","href":"https:\/\/api.w.org\/{rel}","templated":true}]}}