{"id":11424,"date":"2019-08-29T22:57:51","date_gmt":"2019-08-29T22:57:51","guid":{"rendered":"https:\/\/redsemlac.com\/semmexico\/?p=11424"},"modified":"2023-07-21T14:53:36","modified_gmt":"2023-07-21T19:53:36","slug":"guerrero-27","status":"publish","type":"post","link":"https:\/\/redsemlac.com\/semmexico\/guerrero-27\/","title":{"rendered":"En septiembre, presentar\u00e1n la iniciativa Spotlight en Chilpancingo"},"content":{"rendered":"\n<p class=\"wp-block-paragraph\"><strong>* De manera tentativa se anuncian los d\u00edas 11 y 12<\/strong><\/p>\n\n\n\n<p class=\"wp-block-paragraph\"><strong>* En M\u00e9xico fueron cinco municipios seleccionados<\/strong><\/p>\n\n\n\n<p class=\"wp-block-paragraph\"><strong>Josefina Aguilar Pastor<\/strong><\/p>\n\n\n\n<p class=\"wp-block-paragraph\">SemM\u00e9xico, Chilpancingo, Gro., 29 agosto 2019.- Ser\u00e1\nen septiembre pr\u00f3ximo cuando se presente y ponga en marcha la iniciativa Spotlight\nen este municipio, este d\u00eda, representantes de organismos de Naciones Unidas se\nreunieron con autoridades municipales para determinar la presentaci\u00f3n del\nprograma.<\/p>\n\n\n\n<p class=\"wp-block-paragraph\">UNICEF, del Fondo de Poblaci\u00f3n de las Naciones\nUnidas (UNFPA), del gobierno del Estado y del municipio se reunieron para\ndeterminar la log\u00edstica tanto de las actividades previas a la implementaci\u00f3n\ndel programa como de la presentaci\u00f3n oficial, que podr\u00eda realizarse el 11 y 12\nde septiembre.<\/p>\n\n\n\n<p class=\"wp-block-paragraph\">Mar\u00eda In\u00e9s Mesta\nOrenda\u00edn, Coordinadora T\u00e9cnica de la Iniciativa Spotlight M\u00e9xico, dio a conocer\nque son cinco pa\u00edses de Am\u00e9rica Latina en los que operar\u00e1 -M\u00e9xico, Honduras, Guatemala, El Salvador y Argentina-, para prevenir y\natender el feminicidio, as\u00ed como cinco municipios: Chihuahua y Ciudad Ju\u00e1rez;\nEcatepec y Naucalpan, en el Estado de M\u00e9xico, y Chilpancingo, Guerrero.<\/p>\n\n\n\n<p class=\"wp-block-paragraph\">Dijo que desde 2017 trabajaron\npara determinar en qu\u00e9 municipios se llevar\u00eda a cabo la iniciativa &#8211; es una alianza global\nde la Uni\u00f3n Europea (UE) y de la Organizaci\u00f3n de las Naciones Unidas (ONU) que\nbusca eliminar todas las formas de violencia contra las mujeres y las ni\u00f1as en\nel mundo-, para lo cual consideraron diversos factores.<\/p>\n\n\n\n<p class=\"wp-block-paragraph\">Explic\u00f3 que ha sido fundamental la tasa de feminicidios, las alertas\nde violencia de g\u00e9nero, las condiciones de la infraestructura institucional para atender la\nproblem\u00e1tica, y que se pretende sea incorporando al quehacer diario del\nfuncionariado, es decir, que se vuelva una pol\u00edtica p\u00fablica no solo en estos\nmunicipios, sino en toda la entidad.<\/p>\n\n\n\n<p class=\"wp-block-paragraph\">A nivel global se destinan 500 millones de euros, a\nM\u00e9xico se le destinar\u00edan 7.5 millones de d\u00f3lares, que no se transfieren a los\ngobiernos de los estatales, se ejercer\u00e1n directamente por parte de las agencias.<\/p>\n\n\n\n<p class=\"wp-block-paragraph\">Las acciones son: uno, mejorar el marco normativo y\npol\u00edticas p\u00fablicas; dos, fortalecer las instituciones responsables de prevenir,\ninvestigar, sancionar y eliminar la violencia contra las mujeres y ni\u00f1as,\nespecialmente el feminicidio; tres, cambiar las normas sociales, formas de\npensamiento y conductas para prevenir la violencia, en especial, en las\ncomunidades.<\/p>\n\n\n\n<p class=\"wp-block-paragraph\">Cuatro, garantizar los servicios esenciales, como\nsalud, sociales, legales y policiales; cinco, mejorar los sistemas de\nrecolecci\u00f3n de datos informaci\u00f3n y unas mejores pol\u00edticas p\u00fablicas, seis\nfortalecer los grupos de mujeres y organizaciones de la sociedad civil que\npromueven y protegen los derechos de mujeres y ni\u00f1as.<\/p>\n\n\n\n<p class=\"wp-block-paragraph\">En la presentaci\u00f3n del programa en este municipio\nestar\u00e1n presentes representantes de las seis agencias de Naciones Unidas y de\nla Uni\u00f3n Europea, as\u00ed como funcionarias de la Comisi\u00f3n Nacional para Prevenir y\nErradicar la Violencia contra las Mujeres y del Instituto Nacional de las\nMujeres, as\u00ed como autoridades estatales y municipales.<\/p>\n","protected":false},"excerpt":{"rendered":"<p>De manera tentativa se anuncian los d\u00edas 11 y 12<\/p>\n","protected":false},"author":3,"featured_media":11425,"comment_status":"open","ping_status":"open","sticky":false,"template":"","format":"standard","meta":{"_monsterinsights_skip_tracking":false,"footnotes":""},"categories":[690,51],"tags":[],"class_list":["post-11424","post","type-post","status-publish","format-standard","has-post-thumbnail","category-690","category-ejecutivo"],"_links":{"self":[{"href":"https:\/\/redsemlac.com\/semmexico\/wp-json\/wp\/v2\/posts\/11424","targetHints":{"allow":["GET"]}}],"collection":[{"href":"https:\/\/redsemlac.com\/semmexico\/wp-json\/wp\/v2\/posts"}],"about":[{"href":"https:\/\/redsemlac.com\/semmexico\/wp-json\/wp\/v2\/types\/post"}],"author":[{"embeddable":true,"href":"https:\/\/redsemlac.com\/semmexico\/wp-json\/wp\/v2\/users\/3"}],"replies":[{"embeddable":true,"href":"https:\/\/redsemlac.com\/semmexico\/wp-json\/wp\/v2\/comments?post=11424"}],"version-history":[{"count":0,"href":"https:\/\/redsemlac.com\/semmexico\/wp-json\/wp\/v2\/posts\/11424\/revisions"}],"wp:featuredmedia":[{"embeddable":true,"href":"https:\/\/redsemlac.com\/semmexico\/wp-json\/wp\/v2\/media\/11425"}],"wp:attachment":[{"href":"https:\/\/redsemlac.com\/semmexico\/wp-json\/wp\/v2\/media?parent=11424"}],"wp:term":[{"taxonomy":"category","embeddable":true,"href":"https:\/\/redsemlac.com\/semmexico\/wp-json\/wp\/v2\/categories?post=11424"},{"taxonomy":"post_tag","embeddable":true,"href":"https:\/\/redsemlac.com\/semmexico\/wp-json\/wp\/v2\/tags?post=11424"}],"curies":[{"name":"wp","href":"https:\/\/api.w.org\/{rel}","templated":true}]}}