{"id":11421,"date":"2019-08-29T22:36:41","date_gmt":"2019-08-29T22:36:41","guid":{"rendered":"https:\/\/redsemlac.com\/semmexico\/?p=11421"},"modified":"2023-07-21T14:53:36","modified_gmt":"2023-07-21T19:53:36","slug":"cubana-karla-suarez-gana-xviii-de-premio-de-cuento-julio-cortazar","status":"publish","type":"post","link":"https:\/\/redsemlac.com\/semmexico\/cubana-karla-suarez-gana-xviii-de-premio-de-cuento-julio-cortazar\/","title":{"rendered":"Cubana Karla Su\u00e1rez gana XVIII de Premio de Cuento Julio Cort\u00e1zar"},"content":{"rendered":"\n<p class=\"wp-block-paragraph\"><strong>Redacci\u00f3n<\/strong><\/p>\n\n\n\n<p class=\"wp-block-paragraph\">&nbsp;SemM\u00e9xico\/Prensa\nLatina. La Habana, 29 de agosto 2019.- Por la excelencia de la urdimbre\nnarrativa y el singular tratamiento de un conflicto humano, la escritora cubana\nKarla Su\u00e1rez recibi\u00f3 hoy el Premio Iberoamericano de Cuento Julio Cort\u00e1zar\n2019.<\/p>\n\n\n\n<p class=\"wp-block-paragraph\">El enfrentamiento de sus personajes en un problema al\nparecer insoluble, El pa\u00f1uelo, sedujo al jurado compuesto por valiosos\nescritores como el argentino Roberto Ferro y los cubanos Alberto Marrero y\nJulio Travieso, que decidieron entregar de forma un\u00e1nime dicho reconocimiento\nen su edici\u00f3n XVIII.<\/p>\n\n\n\n<p class=\"wp-block-paragraph\">La narradora con 18 a\u00f1os de experiencia, es graduada de\ningenier\u00eda electr\u00f3nica y como escritora recibi\u00f3 la beca de creaci\u00f3n Raz\u00f3n de\nSer, de la Fundaci\u00f3n Alejo Carpentier de La Habana, obtuvo en Espa\u00f1a el Premio\nLengua de Trapo por su primera novela titulada Silencios, ha recibido varias\nbecas de creaci\u00f3n literaria en Francia.<\/p>\n\n\n\n<p class=\"wp-block-paragraph\">Seleccionada en 2007 entre los 39 escritores m\u00e1s\nrepresentativos de Am\u00e9rica Latina menores de 39 a\u00f1os, Su\u00e1rez posee una obra\nprol\u00edfica, sus textos han sido traducidos a varios idiomas y sus cuentos\nfiguran en antolog\u00edas y revistas publicadas en Reino Unido, Estados Unidos,\nFinlandia, Islandia, Polonia, Francia, Italia, Espa\u00f1a y Cuba.<\/p>\n\n\n\n<p class=\"wp-block-paragraph\">En la sala Federico Garc\u00eda Lorca del Centro Cultural Dulce\nMar\u00eda Loynaz, de La Habana, fueron reconocidos tambi\u00e9n varios escritores\nparticipantes del certamen como el argentino Federico Bianchini, quien obtuvo\nla Primera menci\u00f3n por la obra La Fecha, la cual muestra una lograda estructura\nde la trama y un h\u00e1bil manejo de la voz narrativa.<\/p>\n\n\n\n<p class=\"wp-block-paragraph\">Entre las m\u00e1s de 300 obras literarias evaluadas por el\njurado, resaltaron adem\u00e1s los textos Hambre, de Daniel Averanga, de Bolivia;\nLos ni\u00f1os diferentes, del cubano Yunier Riquenes, e Il ballo del mattone, de\nMar\u00eda Marta Ochoa de Argentina.<\/p>\n\n\n\n<p class=\"wp-block-paragraph\">El certamen, devenido en uno de los espacios de valoraci\u00f3n y\ncreaci\u00f3n literaria de mayor reconocimiento a nivel internacional fue creado por\nla intelectual lituana Ugn\u00e9 Karvelis con el objetivo de estimular anualmente a\nlos narradores de todo el mundo que escriben en lengua castellana.<\/p>\n\n\n\n<p class=\"wp-block-paragraph\">Auspician el encuentro el Instituto Cubano del Libro, la\nCasa de las Am\u00e9ricas y la Uni\u00f3n de escritores y Artistas de Cuba, en\ncolaboraci\u00f3n con el Ministerio de Cultura de la Rep\u00fablica Argentina y la\nFundaci\u00f3n Alia.<\/p>\n\n\n\n<p class=\"wp-block-paragraph\">SEM\/Prensa Latina<\/p>\n","protected":false},"excerpt":{"rendered":"<p>Por la excelencia de la urdimbre narrativa y el singular tratamiento de un conflicto humano<\/p>\n","protected":false},"author":3,"featured_media":11422,"comment_status":"open","ping_status":"open","sticky":false,"template":"","format":"standard","meta":{"_monsterinsights_skip_tracking":false,"footnotes":""},"categories":[690,53],"tags":[],"class_list":["post-11421","post","type-post","status-publish","format-standard","has-post-thumbnail","category-690","category-internacional"],"_links":{"self":[{"href":"https:\/\/redsemlac.com\/semmexico\/wp-json\/wp\/v2\/posts\/11421","targetHints":{"allow":["GET"]}}],"collection":[{"href":"https:\/\/redsemlac.com\/semmexico\/wp-json\/wp\/v2\/posts"}],"about":[{"href":"https:\/\/redsemlac.com\/semmexico\/wp-json\/wp\/v2\/types\/post"}],"author":[{"embeddable":true,"href":"https:\/\/redsemlac.com\/semmexico\/wp-json\/wp\/v2\/users\/3"}],"replies":[{"embeddable":true,"href":"https:\/\/redsemlac.com\/semmexico\/wp-json\/wp\/v2\/comments?post=11421"}],"version-history":[{"count":0,"href":"https:\/\/redsemlac.com\/semmexico\/wp-json\/wp\/v2\/posts\/11421\/revisions"}],"wp:featuredmedia":[{"embeddable":true,"href":"https:\/\/redsemlac.com\/semmexico\/wp-json\/wp\/v2\/media\/11422"}],"wp:attachment":[{"href":"https:\/\/redsemlac.com\/semmexico\/wp-json\/wp\/v2\/media?parent=11421"}],"wp:term":[{"taxonomy":"category","embeddable":true,"href":"https:\/\/redsemlac.com\/semmexico\/wp-json\/wp\/v2\/categories?post=11421"},{"taxonomy":"post_tag","embeddable":true,"href":"https:\/\/redsemlac.com\/semmexico\/wp-json\/wp\/v2\/tags?post=11421"}],"curies":[{"name":"wp","href":"https:\/\/api.w.org\/{rel}","templated":true}]}}