{"id":11411,"date":"2019-08-29T17:35:31","date_gmt":"2019-08-29T17:35:31","guid":{"rendered":"https:\/\/redsemlac.com\/semmexico\/?p=11411"},"modified":"2023-07-21T14:53:36","modified_gmt":"2023-07-21T19:53:36","slug":"oaxaca-35","status":"publish","type":"post","link":"https:\/\/redsemlac.com\/semmexico\/oaxaca-35\/","title":{"rendered":"Reportan nuevo feminicidio en Oaxaca"},"content":{"rendered":"\n<p class=\"wp-block-paragraph\"><strong>*\nA horas de cumplirse un a\u00f1o de la AVG, la violencia contin\u00faa<\/strong><\/p>\n\n\n\n<p class=\"wp-block-paragraph\"><strong>*\nOrganizaciones preparan manifiesto para este viernes<\/strong><\/p>\n\n\n\n<p class=\"wp-block-paragraph\"><strong>Patricia\nBrise\u00f1o<\/strong><\/p>\n\n\n\n<p class=\"wp-block-paragraph\">SemM\u00e9xico,\nOaxaca, 29 agosto 2019.- El cuerpo sin vida de una mujer fue encontrado hoy por\nla ma\u00f1ana en un paraje del municipio de Cuilapam de Guerrero, en la zona\nmetropolitana de la ciudad de Oaxaca; la v\u00edctima presentaba dos impactos de\narma de fuego, uno de ellos en el pecho, reportaron corporaciones policiacas.<\/p>\n\n\n\n<p class=\"wp-block-paragraph\">Dos\nmenores de edad, que se identificaron como hijos de la v\u00edctima, la reconocieron\ncon el nombre de Cristina; por esta causa, se requiri\u00f3 de personal de trabajo\nsocial de la Fiscal\u00eda General del Estado para aplicar medida de contenci\u00f3n en\napoyo de un ni\u00f1o y una adolescente.<\/p>\n\n\n\n<p class=\"wp-block-paragraph\">&nbsp;Elementos de las polic\u00edas Estatal y Municipal\nde Cuilapam acordonaron la zona del crimen donde agentes estatales de\ninvestigaci\u00f3n junto con el Ministerio P\u00fablico ordenaron el levantamiento del\ncuerpo.<\/p>\n\n\n\n<p class=\"wp-block-paragraph\">La\nFiscal\u00eda abri\u00f3 la carpeta de investigaci\u00f3n 29781\/FMUJ\/UFEM\/2019, por el delito\nde feminicidio y las que resulten.<\/p>\n\n\n\n<p class=\"wp-block-paragraph\">A\nunas horas de cumplirse un a\u00f1o de la declaratoria de Alerta de Violencia de\nG\u00e9nero en Oaxaca, feministas preparan un pronunciamiento que expondr\u00e1n en ese\nmarco ma\u00f1ana en el Andador Tur\u00edstico de la capital oaxaque\u00f1a.<\/p>\n\n\n\n<figure class=\"wp-block-image\"><img loading=\"lazy\" decoding=\"async\" width=\"595\" height=\"597\" src=\"https:\/\/redsemlac.com\/semmexico\/wp-content\/uploads\/2019\/08\/WhatsApp-Image-2019-08-28-at-7.19.26-PM.jpeg\" alt=\"\" class=\"wp-image-11413\"\/><\/figure>\n\n\n\n<p class=\"wp-block-paragraph\">En\nese mismo sentido, la organizaci\u00f3n no gubernamental, Grupo de Estudios sobre la\nMujer \u201cRosario Castellanos\u201d (GESMujer) tienen contabilizados 90 mujeres\nasesinadas de forma violenta e intencional en lo que va del presente a\u00f1o,\naunque la Fiscal\u00eda General del Estado de Oaxaca (FGEO) s\u00f3lo reconoce 17\nfeminicidios.<\/p>\n\n\n\n<p class=\"wp-block-paragraph\">A\nunas horas de que se cumpla un a\u00f1o de que en 40 municipios de Oaxaca se emiti\u00f3\nla alerta por violencia de G\u00e9nero, GESMujer revel\u00f3 que en ese mismo periodo 125\nni\u00f1as y mujeres han sido asesinadas de manera violenta. <\/p>\n\n\n\n<p class=\"wp-block-paragraph\">Precis\u00f3\nque 35 % de los asesinatos violentos de mujeres y ni\u00f1as, sucedieron en\nmunicipios que no cuentan con la alerta por violencia de g\u00e9nero, en tanto, el\n60 % de la violencia feminicida se concentra en tres de las ocho regiones de\nOaxaca.<\/p>\n\n\n\n<p class=\"wp-block-paragraph\">SEM\/pb\/sj<\/p>\n","protected":false},"excerpt":{"rendered":"<p>A horas de cumplirse un a\u00f1o de la AVG, la violencia contin\u00faa.<\/p>\n","protected":false},"author":3,"featured_media":11412,"comment_status":"open","ping_status":"open","sticky":false,"template":"","format":"standard","meta":{"_monsterinsights_skip_tracking":false,"footnotes":""},"categories":[690,51],"tags":[],"class_list":["post-11411","post","type-post","status-publish","format-standard","has-post-thumbnail","category-690","category-ejecutivo"],"_links":{"self":[{"href":"https:\/\/redsemlac.com\/semmexico\/wp-json\/wp\/v2\/posts\/11411","targetHints":{"allow":["GET"]}}],"collection":[{"href":"https:\/\/redsemlac.com\/semmexico\/wp-json\/wp\/v2\/posts"}],"about":[{"href":"https:\/\/redsemlac.com\/semmexico\/wp-json\/wp\/v2\/types\/post"}],"author":[{"embeddable":true,"href":"https:\/\/redsemlac.com\/semmexico\/wp-json\/wp\/v2\/users\/3"}],"replies":[{"embeddable":true,"href":"https:\/\/redsemlac.com\/semmexico\/wp-json\/wp\/v2\/comments?post=11411"}],"version-history":[{"count":0,"href":"https:\/\/redsemlac.com\/semmexico\/wp-json\/wp\/v2\/posts\/11411\/revisions"}],"wp:featuredmedia":[{"embeddable":true,"href":"https:\/\/redsemlac.com\/semmexico\/wp-json\/wp\/v2\/media\/11412"}],"wp:attachment":[{"href":"https:\/\/redsemlac.com\/semmexico\/wp-json\/wp\/v2\/media?parent=11411"}],"wp:term":[{"taxonomy":"category","embeddable":true,"href":"https:\/\/redsemlac.com\/semmexico\/wp-json\/wp\/v2\/categories?post=11411"},{"taxonomy":"post_tag","embeddable":true,"href":"https:\/\/redsemlac.com\/semmexico\/wp-json\/wp\/v2\/tags?post=11411"}],"curies":[{"name":"wp","href":"https:\/\/api.w.org\/{rel}","templated":true}]}}