{"id":11408,"date":"2019-08-29T17:11:08","date_gmt":"2019-08-29T17:11:08","guid":{"rendered":"https:\/\/redsemlac.com\/semmexico\/?p=11408"},"modified":"2023-07-21T14:53:36","modified_gmt":"2023-07-21T19:53:36","slug":"opinion-78","status":"publish","type":"post","link":"https:\/\/redsemlac.com\/semmexico\/opinion-78\/","title":{"rendered":"El lince: periodismo, caballo blanco y feminismo"},"content":{"rendered":"\n<p class=\"wp-block-paragraph\"><strong>*\nAl menos siete mujeres han presentado quejas ante Derechos Humanos<\/strong><\/p>\n\n\n\n<p class=\"wp-block-paragraph\"><strong>*\nCrece la cifra de asesinatos contra periodistas<\/strong><\/p>\n\n\n\n<p class=\"wp-block-paragraph\"><strong>C\u00e9sar\nA. V\u00e1zquez Lince<\/strong><\/p>\n\n\n\n<p class=\"wp-block-paragraph\">SemM\u00e9xico,\n29 agosto 2019.- Con la ejecuci\u00f3n de Nevith Conde queda confirmado que M\u00e9xico\nes el pa\u00eds m\u00e1s peligroso para ejercer el periodismo. Ya con 15 periodistas\nejecutados s\u00f3lo en el 2019, es seguido por pa\u00edses como Afganist\u00e1n, Pakist\u00e1n,\nBrasil y Colombia. En 2019 m\u00e1s de 30 % de los asesinatos de periodistas en todo\nel mundo han sido cometidos en la Rep\u00fablica Mexicana.<\/p>\n\n\n\n<p class=\"wp-block-paragraph\">Y\npese a esto el Gobierno de M\u00e9xico no ha tomado hasta hoy ninguna acci\u00f3n para\nacabar con esta situaci\u00f3n, y peor a\u00fan, han dicho que hasta 2020 podemos esperar\nresultados.<\/p>\n\n\n\n<p class=\"wp-block-paragraph\">\u00bfQu\u00e9\nesperan para tomar manos en el asunto?, oficialmente han superado la cifra del\n2018. \u00bfPero qu\u00e9 podemos esperar de las autoridades? cuando el 55 % de las\nagresiones a periodistas son servidores p\u00fablicos. Y m\u00e1s del 90 % de los\ncr\u00edmenes cometidos contra periodistas en M\u00e9xico permanece en la completa\nimpunidad. \u00bfHasta cu\u00e1ndo?<\/p>\n\n\n\n<p class=\"wp-block-paragraph\"><strong>Ataque a feministas<\/strong><\/p>\n\n\n\n<p class=\"wp-block-paragraph\">Despu\u00e9s\nde la marcha del 16 de agosto, al menos siete mujeres han presentado quejas en\nla Comisi\u00f3n de Derechos Humanos capitalina tras recibir cientos de mensajes de\nacoso. Mensajes con insultos e incluso con amenazas son lo que han recibido\nactivistas y organizaciones en pro de los derechos de las mujeres.<\/p>\n\n\n\n<p class=\"wp-block-paragraph\">Pero\nque podrida debe estar la sociedad mexicana que se encuentra pos de\ndesacreditar un movimiento porque es inc\u00f3modo a un \u201cr\u00e9gimen\u201d pol\u00edtico.<\/p>\n\n\n\n<p class=\"wp-block-paragraph\">La\nmarcha estuvo justificada y si se sali\u00f3 de control s\u00f3lo demuestra la cantidad\nde ira e impotencia que se fue acumulando, le comparto algunos datos:<\/p>\n\n\n\n<p class=\"wp-block-paragraph\">1.\nNueve mujeres son asesinadas cada d\u00eda en M\u00e9xico, de acuerdo con la ONU.<\/p>\n\n\n\n<p class=\"wp-block-paragraph\">2.\nDel 2015 a la fecha, suman 3,200 feminicidios a nivel nacional. Solo de enero a\njunio de 2019 se registraron 470 casos, seg\u00fan cifras del Secretariado Ejecutivo\ndel Sistema Nacional de Seguridad P\u00fablica (SESNSP).<\/p>\n\n\n\n<p class=\"wp-block-paragraph\">3.\nLa Ciudad de M\u00e9xico acumula 206 feminicidios en los \u00faltimos cinco a\u00f1os; 18 de\nellos fueron cometidos en los primeros seis meses de 2019.<\/p>\n\n\n\n<p class=\"wp-block-paragraph\">4.\nVeracruz es el estado m\u00e1s peligroso para las mujeres en la actualidad, al\nregistrar 104 v\u00edctimas de feminicidio de enero a junio de este a\u00f1o. Le sigue el\nEstado de M\u00e9xico con 42 casos en el mismo periodo, de acuerdo con el SESNSP.<\/p>\n\n\n\n<p class=\"wp-block-paragraph\">5.\nDe enero a agosto de este a\u00f1o, 292 mujeres han sido v\u00edctimas de abuso sexual en\nla Ciudad de M\u00e9xico; cuatro denuncias son por violaci\u00f3n tumultuaria, seg\u00fan el\nportal de Datos Abiertos del gobierno capitalino.<\/p>\n\n\n\n<p class=\"wp-block-paragraph\">6.\nDe 2013 a 2018, la sensaci\u00f3n de inseguridad de las mujeres pas\u00f3 de 74.7 % a\n82.1 %, se\u00f1ala la Encuesta Nacional de Victimizaci\u00f3n y Percepci\u00f3n sobre Seguridad\nP\u00fablica (Envipe) 2018.<\/p>\n\n\n\n<p class=\"wp-block-paragraph\">7.\nLos mismos datos reflejan que las mujeres se sienten m\u00e1s inseguras que los\nhombres tanto en lugares p\u00fablicos como en privados: cajero autom\u00e1tico en v\u00eda\np\u00fablica (87.4 %), transporte p\u00fablico (74.2 %), calle (72.9 %), carretera (69.5 %),\nmercado (65.5 %), parques (62.1 %), autom\u00f3vil (48.9 %), escuela (39.2 %),\ntrabajo (36.2 %) y casa (26.7 %).<\/p>\n\n\n\n<p class=\"wp-block-paragraph\">8.\nLas mujeres son las principales v\u00edctimas de delitos sexuales: en 2017, la tasa\nde este delito fue de 2,733 por cada 100,000 mujeres, cifra mayor a la tasa de\n1,764 registrada en 2016 por el INEGI.<\/p>\n\n\n\n<p class=\"wp-block-paragraph\">9.\nLa violencia que ejercen parejas, esposos, exnovios o exesposos contra las\nmujeres en M\u00e9xico es \u00absevera y muy severa\u00bb en 64.0% de los casos, de\nacuerdo con la Encuesta Nacional sobre la Din\u00e1mica de las Relaciones en los\nHogares (Endireh) 2016.<\/p>\n\n\n\n<p class=\"wp-block-paragraph\">10.\nEl 19.4% de las mujeres de 15 a\u00f1os y m\u00e1s ha enfrentado, por parte de sus\nparejas, agresiones de mayor da\u00f1o f\u00edsico, que van desde los jalones o empujones\nhasta golpes, patadas, intentos de asfixia o estrangulamiento e incluso\nagresiones con armas de fuego y abusos sexuales.<\/p>\n\n\n\n<p class=\"wp-block-paragraph\">11.\nEl Estado de M\u00e9xico es donde mayor violencia emocional, econ\u00f3mica, f\u00edsica y\nsexual se ejerce hacia una mujer por parte de su pareja (53.3% de los casos),\nseguido de la Ciudad de M\u00e9xico (52.6%) y Aguascalientes (49.8%).<\/p>\n\n\n\n<p class=\"wp-block-paragraph\">12.\nEn 2016, cada mujer perdi\u00f3 29.7 d\u00edas de trabajo remunerado a causa de la\nviolencia dom\u00e9stica, estima el INEGI.<\/p>\n\n\n\n<p class=\"wp-block-paragraph\">13.\nDe 100 mujeres entrevistadas por Amnist\u00eda Internacional tras su detenci\u00f3n, 33 denunciaron\nhaber sido violadas durante el arresto, principalmente por parte de la Marina,\nPolic\u00eda Municipal y polic\u00edas estatales; 72 % dijo que sufri\u00f3 manoseo.<\/p>\n\n\n\n<p class=\"wp-block-paragraph\">14.\nLas mujeres lesbianas, bisexuales y transg\u00e9nero corren especial peligro al\nmomento de la detenci\u00f3n, pues \u00abson mujeres cuyo cuerpo no se adapta a las\nnormas esperadas de femineidad\u00bb, consider\u00f3 la organizaci\u00f3n.<\/p>\n\n\n\n<p class=\"wp-block-paragraph\">Si\na esto le agregamos que el Gobierno encabezado por Claudia Sheinbaum, estuvo\nminimizando las agresiones ocurridas en la Ciudad de M\u00e9xico. Es normal que le\nhaya estallado un movimiento lleno de ira.&nbsp;<\/p>\n\n\n\n<p class=\"wp-block-paragraph\">Pero\nlo grave despu\u00e9s de esa tormenta es que las condiciones no cambian, y que ahora\nla famosa Red en pro de la izquierda, desacredite un movimiento que tiene\njustificaciones obvias y claras por salvaguardar la imagen y desempe\u00f1o de un\ngrupo pol\u00edtico como lo es el de la Cuarta Transformaci\u00f3n.<\/p>\n\n\n\n<p class=\"wp-block-paragraph\"><strong>Caballo blanco&nbsp;<\/strong><\/p>\n\n\n\n<p class=\"wp-block-paragraph\">La\ntragedia vuelve a azotar el Sur de Veracruz. Nuevamente en Coatzacoalcos, un\ngrupo armado que arrojo explosivo al interior del bar y presuntamente lo habr\u00eda\nrafagueado, ocasion\u00f3 un incendio que hasta el momento tomo la vida de 27\npersonas.<\/p>\n\n\n\n<p class=\"wp-block-paragraph\">Este\ndeplorable crimen muestra una vez m\u00e1s que el crimen en Veracruz esta desatado y\nno hay quien le ponga un alto, ni la Secretaria de Seguridad Publica, ni la\nGuardia Civil ni la Marina. Y no dem\u00e9rito sus logros en detenciones.<\/p>\n\n\n\n<p class=\"wp-block-paragraph\">Sin\nembargo, la Guardia Civil tiene meses operando en la zona, desde la masacre de\nMinatitl\u00e1n en donde fallecieron 14 personas.&nbsp;<\/p>\n\n\n\n<p class=\"wp-block-paragraph\">El\nCaballo Blanco Bar, que desde el 2013 le pertenec\u00eda a Agust\u00edn Javier Ronson\nGonz\u00e1lez, mismo joven que protagonizo un video donde es decapitado junto con\notra persona, viene siendo el sexto negocio que incendian en Coatzacoalcos.<\/p>\n\n\n\n<p class=\"wp-block-paragraph\">Ante\nla tragedia, el Gobierno del Estado no dudo en sacar raja pol\u00edtica, se\u00f1alando\nal Fiscal Jorge Winckler de haber liberado con anterioridad a Ricardo Romero\nVillegas \u201cLa Loca\u201d presunto responsable; sin saber que con esto se estar\u00edan\ndisparando al pie. Ya que el Fiscal le revir\u00f3 la acusaci\u00f3n se\u00f1alando que qui\u00e9n\nlo libero fue la Delegaci\u00f3n Estatal de la Fiscal\u00eda General de la Rep\u00fablica,\nllev\u00e1ndose entre las patas al Presidente L\u00f3pez Obrador, quien m\u00e1s temprano en\nla ma\u00f1anera hab\u00eda hecho la misma observaci\u00f3n que el Gobernador de Veracruz.<\/p>\n\n\n\n<p class=\"wp-block-paragraph\">Lo\ncierto es que Veracruz se hunde en violencia y delincuencia; mientras tanto los\nque deber\u00edan garantizar la seguridad y justicia para los Veracruzanos tienen un\npleito personal, uno de los dos sobra, ya en esta administraci\u00f3n. Uno fue\nelegido por medio del voto popular y otro fue designado.<\/p>\n\n\n\n<p class=\"wp-block-paragraph\"><strong>Salseo Pol\u00edtico&nbsp;<\/strong><\/p>\n\n\n\n<p class=\"wp-block-paragraph\">La\nGuerra entre la actual administraci\u00f3n y la Administraci\u00f3n Yunista ha ido\nescalando de intensidad, con el cierre del relleno sanitario del puerto de\nVeracruz la basura se ido acumulando en ciertas zonas, a esto la Secretaria de\nMedio Ambiente amaga con multar al Ayuntamiento porte\u00f1o, lo curio es que cuando\nen Xalapa Hip\u00f3lito Rodr\u00edguez inund\u00f3 toda la ciudad con basura nunca hablaron de\nmultar su administraci\u00f3n, \u00bfser\u00e1 que todo depende de color del cristal con el\nque se mire?<\/p>\n\n\n\n<p class=\"wp-block-paragraph\"><strong>Guerra Pol\u00edtica&nbsp;<\/strong><\/p>\n\n\n\n<p class=\"wp-block-paragraph\">Para\nel Doctor Ramos Alor siempre que hay una cr\u00edtica o un se\u00f1alamiento a su gesti\u00f3n\ncomo Secretario de Salud es porque es una guerra sucia, lo cierto es que\nnegaron que hubiera una crisis de Dengue hasta que ya no pudieron ocultarlo\nm\u00e1s, y hoy Veracruz ocupa el segundo lugar en casos en todo pa\u00eds.<\/p>\n\n\n\n<p class=\"wp-block-paragraph\"><strong>Hipolitadas<\/strong><\/p>\n\n\n\n<p class=\"wp-block-paragraph\">El\n28 de agosto del 2018 en marco del aniversario luctuoso a los m\u00e1rtires de la\nantigua f\u00e1brica, revelaron el mural \u201cMovimiento Obrero en San Bruno\u201d en el cual\nllego el Alcalde Petista lleg\u00f3 a posar para las fotos y apoderarse del evento.<\/p>\n\n\n\n<p class=\"wp-block-paragraph\">Esto\nno hubiera estado mal si no fuera porque ni \u00e9l, ni su administraci\u00f3n\ncontribuyeron en algo. Todo lo hizo la&nbsp;Asociaci\u00f3n de Colonos del Barrio de\nSan Bruno AC.<\/p>\n\n\n\n<p class=\"wp-block-paragraph\">Hay\nque recordarle al Alcalde que los principios del partido que \u201crepresenta\u201d son:<\/p>\n\n\n\n<p class=\"wp-block-paragraph\">No\nrobar, no mentir y no traicionar al pueblo.<\/p>\n\n\n\n<p class=\"wp-block-paragraph\">WEB:&nbsp;<a href=\"http:\/\/www.ellince.mx\/\" target=\"_blank\" rel=\"noreferrer noopener\">www.ellince.mx<\/a><\/p>\n\n\n\n<p class=\"wp-block-paragraph\">E-MAIL:&nbsp;<a href=\"mailto:ellincexalapa@gmail.com\" target=\"_blank\" rel=\"noreferrer noopener\">ellincexalapa@gmail.com<\/a> <\/p>\n\n\n\n<p class=\"wp-block-paragraph\">TWITTER:\n@ElLince.Mx<\/p>\n\n\n\n<p class=\"wp-block-paragraph\">FACEBOOK:&nbsp;<a href=\"http:\/\/facebook.com\/ellince.mx\" target=\"_blank\" rel=\"noreferrer noopener\">facebook.com\/ellince.mx<\/a><\/p>\n","protected":false},"excerpt":{"rendered":"<p>Al menos siete mujeres han presentado quejas ante Derechos Humanos<\/p>\n","protected":false},"author":3,"featured_media":11409,"comment_status":"open","ping_status":"open","sticky":false,"template":"","format":"standard","meta":{"_monsterinsights_skip_tracking":false,"footnotes":""},"categories":[690,82,110],"tags":[],"class_list":["post-11408","post","type-post","status-publish","format-standard","has-post-thumbnail","category-690","category-la-opinion","category-la-opinion-columnas"],"_links":{"self":[{"href":"https:\/\/redsemlac.com\/semmexico\/wp-json\/wp\/v2\/posts\/11408","targetHints":{"allow":["GET"]}}],"collection":[{"href":"https:\/\/redsemlac.com\/semmexico\/wp-json\/wp\/v2\/posts"}],"about":[{"href":"https:\/\/redsemlac.com\/semmexico\/wp-json\/wp\/v2\/types\/post"}],"author":[{"embeddable":true,"href":"https:\/\/redsemlac.com\/semmexico\/wp-json\/wp\/v2\/users\/3"}],"replies":[{"embeddable":true,"href":"https:\/\/redsemlac.com\/semmexico\/wp-json\/wp\/v2\/comments?post=11408"}],"version-history":[{"count":0,"href":"https:\/\/redsemlac.com\/semmexico\/wp-json\/wp\/v2\/posts\/11408\/revisions"}],"wp:featuredmedia":[{"embeddable":true,"href":"https:\/\/redsemlac.com\/semmexico\/wp-json\/wp\/v2\/media\/11409"}],"wp:attachment":[{"href":"https:\/\/redsemlac.com\/semmexico\/wp-json\/wp\/v2\/media?parent=11408"}],"wp:term":[{"taxonomy":"category","embeddable":true,"href":"https:\/\/redsemlac.com\/semmexico\/wp-json\/wp\/v2\/categories?post=11408"},{"taxonomy":"post_tag","embeddable":true,"href":"https:\/\/redsemlac.com\/semmexico\/wp-json\/wp\/v2\/tags?post=11408"}],"curies":[{"name":"wp","href":"https:\/\/api.w.org\/{rel}","templated":true}]}}