{"id":11405,"date":"2019-08-29T17:06:45","date_gmt":"2019-08-29T17:06:45","guid":{"rendered":"https:\/\/redsemlac.com\/semmexico\/?p=11405"},"modified":"2023-07-21T14:53:36","modified_gmt":"2023-07-21T19:53:36","slug":"oaxaca-34","status":"publish","type":"post","link":"https:\/\/redsemlac.com\/semmexico\/oaxaca-34\/","title":{"rendered":"Feminicidios en el 65 % de municipios con AVG de Oaxaca: GESMujer"},"content":{"rendered":"\n<p class=\"wp-block-paragraph\"><strong>* Analiza datos registrados en el primer a\u00f1o del mecanismo\nque incluy\u00f3 a 40 municipios<\/strong><\/p>\n\n\n\n<p class=\"wp-block-paragraph\"><strong>* <\/strong><strong>60 % de la violencia feminicida se\nconcentra en tres de las ocho regiones.<\/strong><\/p>\n\n\n\n<p class=\"wp-block-paragraph\"><strong>Irma Lorena M\u00e1rquez Torres<\/strong><\/p>\n\n\n\n<p class=\"wp-block-paragraph\">SemM\u00e9xico, Oaxaca, 29 agosto 2019.- El 65 por ciento de los\n125 asesinatos violentos contra ni\u00f1as y mujeres cometidos en el periodo que\ncomprende el primer a\u00f1o de la Alerta de Violencia de G\u00e9nero en Oaxaca se\ncometieron en municipios con alerta, se\u00f1ala el Grupo de Estudios sobre la Mujer\n\u201cRosario Castellanos\u201d (GESMujer).<\/p>\n\n\n\n<p class=\"wp-block-paragraph\">En un comunicado, hacen un cuestionamiento al \u201cmecanismo que busca\ngenerar una reacci\u00f3n-acci\u00f3n-inmediata, articulada en los tres niveles de\ngobierno y los tres poderes, ejecutivo, judicial y legislativo, a fin de\nimplementar un plan de intervenci\u00f3n y fomentar una pol\u00edtica de gobierno\u201d\nbasadas en sus registros hemerogr\u00e1ficos. <\/p>\n\n\n\n<p class=\"wp-block-paragraph\">Se\u00f1alan que adem\u00e1s 35 por cento<strong> <\/strong>de los asesinatos violentos de mujeres y ni\u00f1as, sucedieron en\nmunicipios que no cuentan con la Alerta por violencia de g\u00e9nero\ny 60 % de la violencia feminicida se concentra en tres de las ocho\nregiones.<\/p>\n\n\n\n<p class=\"wp-block-paragraph\">Como organizaci\u00f3n de la sociedad civil consideramos\nimportante recalcar que aunque se declararon 40 municipios en todo el estado\ncon alerta por violencia de g\u00e9nero, como un mecanismo de\nacci\u00f3n-reacci\u00f3n-inmedita, \u00e9sta es una estrategia complementaria y, por lo tanto,\nes urgente seguir implementando y fortaleciendo el plan estatal de prevenci\u00f3n,\natenci\u00f3n sanci\u00f3n y erradicaci\u00f3n de la violencia de g\u00e9nero y contra las mujeres.<\/p>\n\n\n\n<p class=\"wp-block-paragraph\">En su an\u00e1lisis por regi\u00f3n, identifican, por ejemplo, que de los 20 casos\nocurridos en Valles Centrales, nueve de ellos sucedieron en municipios con\nalerta de g\u00e9nero y 11 en municipios sin alerta, por citar algunos municipios se\nencuentran Villa de Etla, Santa Mar\u00eda Atzompa y Ejutla de Crespo.<\/p>\n\n\n\n<p class=\"wp-block-paragraph\">En la regi\u00f3n Mixteca, de los 18 casos registrados, nueve\nocurrieron en municipios con alerta y los otros nueve en municipios sin alerta,\ndonde causa especial preocupaci\u00f3n el municipio de Santiago Juxtlahuaca con cinco\ncasos.<\/p>\n\n\n\n<p class=\"wp-block-paragraph\">Desde la Declaratoria de Alerta de g\u00e9nero, el Istmo es la\nregi\u00f3n con el m\u00e1s alto porcentaje de violencia feminicida, con un 26 %, seguida\nde la Costa con un 18 % y el Papaloapam con un 16 %, lo que significa que en\ntres de las ocho regiones del estado se concentr\u00f3 el 60 % de todos los asesinatos\nviolentos de ni\u00f1as y mujeres.<\/p>\n\n\n\n<p class=\"wp-block-paragraph\">Ante esta situaci\u00f3n hacemos un llamado a las autoridades a\nrealizar un an\u00e1lisis del contexto donde sucede la violencia feminicida, a fin\nde identificar indicios que pueden predecir el nivel de\nriesgo de sufrir una muerte violenta, as\u00ed como realizar una\nevaluaci\u00f3n exhaustiva de las instituciones que se encuentran operando en las zonas,\nconocer su problem\u00e1tica y sus necesidades para lograr una intervenci\u00f3n con\ncalidad, pues urge una actuaci\u00f3n profesional, oportuna y estrat\u00e9gica. <\/p>\n\n\n\n<p class=\"wp-block-paragraph\">Cabe mencionar tambi\u00e9n que, paralelamente a atender las\nnecesidades del personal que opera en las instituciones, es conveniente dar un\nseguimiento puntual a su actuaci\u00f3n, reconocer los esfuerzos y sancionar a\nquienes &nbsp;por acciones u omisiones no\ncumplan con sus responsabilidades, porque de ello depende la integridad y la\nvida de mujeres y ni\u00f1as.&nbsp; <\/p>\n\n\n\n<p class=\"wp-block-paragraph\">Se\u00f1alan que el 52 % &nbsp;de\nlas v\u00edctimas de asesinatos violentos ten\u00edan entre 15 y 44 a\u00f1os y 59 % de las\nni\u00f1as y las mujeres fueron asesinadas por armas de fuego.<\/p>\n\n\n\n<p class=\"wp-block-paragraph\">En\nla etapa productiva y reproductiva, se dieron los mayores niveles de violencia\nfeminicida, lo que significa que se truncaron oportunidades para el desarrollo\nde nuestro estado. A estas mujeres y j\u00f3venes se les violentaron sus derechos a\nla libertad, la seguridad, la integridad y el principal de todos los derechos,\nel derecho a la vida.<\/p>\n\n\n\n<p class=\"wp-block-paragraph\">Esta\nviolencia feminicida genera tambi\u00e9n v\u00edctimas indirectas, hasta ahora\ninvisibilizadas, pues se carece de informaci\u00f3n puntal de la cantidad de ni\u00f1as,\nni\u00f1os y adolescentes a quienes se les ha arrebatado su derecho a disfrutar de una\nvida plena en condiciones acordes a su dignidad y en condiciones que garanticen\nsu desarrollo integral. <\/p>\n\n\n\n<p class=\"wp-block-paragraph\">Aun\ny cuando la ley establece que las autoridades, de todos los \u00f3rdenes de\ngobierno, deben llevar a cabo las acciones necesarias para garantizar el\ndesarrollo y prevenir cualquier conducta que atente contra la supervivencia de\nni\u00f1as ni\u00f1os y adolescentes, as\u00ed como para investigar y sancionar efectivamente\nlos actos de privaci\u00f3n de la vida, un 4% de los asesinatos violentos lo\nsufrieron ni\u00f1as menores de 15 a\u00f1os, hechos que contin\u00faan en la impunidad. <\/p>\n\n\n\n<p class=\"wp-block-paragraph\"><strong>10% de las v\u00edctimas de feminicidio eran\namas de casa<\/strong><\/p>\n\n\n\n<p class=\"wp-block-paragraph\">Dado\nla limitada informaci\u00f3n con la que contamos para realizar un an\u00e1lisis de la\nsituaci\u00f3n de cada mujer y ni\u00f1a asesinadas de manera violenta, de acuerdo a\nnuestros registros en el 64 % se desconoce la ocupaci\u00f3n de las v\u00edctimas, pero\nel resto y eso es lo m\u00e1s preocupante, se representaron \u00e1reas de ocupaci\u00f3n\ndiversas, donde el 10 % se dedicaban a labores del hogar, el seis por ciento\neran comerciantes, cuatro por ciento estudiantes, le siguen con un dos por\nciento agriculturas, empresarias, meseras, profesoras, servidoras p\u00fablicas y\ncon uno por ciento empleada, enfermera, polic\u00eda, religiosa, estilista, ganadera,\ntrabajadora de la construcci\u00f3n, es decir, ni\u00f1as y mujeres con ocupaciones y\ntrabajos que aportaban a la sociedad.&nbsp; <\/p>\n\n\n\n<p class=\"wp-block-paragraph\"><strong>Los retos<\/strong><\/p>\n\n\n\n<p class=\"wp-block-paragraph\">La forma extrema de violencia de g\u00e9nero contra las mujeres es\nla violencia feminicida, por ello, si bien es urgente avanzar en el\nreconocimiento de la problem\u00e1tica, investigando cada caso desde una perspectiva\nde g\u00e9nero, paralelamente se deben reforzar las acciones para la prevenci\u00f3n de\nla violaci\u00f3n a los derechos humanos&nbsp; de\nlas mujeres y las ni\u00f1as tanto en el \u00e1mbito privado como p\u00fablico.<\/p>\n\n\n\n<p class=\"wp-block-paragraph\">La alerta por violencia de g\u00e9nero es un mecanismo\nperfectible, se requiere un an\u00e1lisis puntual para determinar aquellas \u00e1reas que\nrequieren atenci\u00f3n. Evaluar no solo en t\u00e9rminos de cu\u00e1ntas capacitaciones se\nbrindan, sino de valorar si esos esfuerzos se reflejan en la labor de los y las\nservidoras p\u00fablicas, en las formas de desempe\u00f1ar su quehacer institucional,\nincorporando el enfoque de g\u00e9nero en toda las \u00e1reas. <\/p>\n\n\n\n<p class=\"wp-block-paragraph\">Evaluar d\u00f3nde y c\u00f3mo se ejercen los recursos, desde la\ntransparencia en la informaci\u00f3n hasta el impacto que estos recursos tengan&nbsp; en el incremento de la seguridad de las\nmujeres y las ni\u00f1as. <\/p>\n\n\n\n<p class=\"wp-block-paragraph\">Contemplar las caracter\u00edsticas pluri\u00e9tnicas de nuestro estado\nes otro de los desafios, tanto en la prevenci\u00f3n como en la atenci\u00f3n, por los\nriesgos que implica para la vida de las mujeres. <\/p>\n\n\n\n<p class=\"wp-block-paragraph\">Es urgente hacer un balance puntual desde un enfoque de\ng\u00e9nero e intercultural de los trabajos que se realizan en los municipios con\nmayor presencia de pueblos y comunidades ind\u00edgenas, considerando la pertinencia\ncultural, porque los contextos son distintos y a la fecha los esfuerzos por\natender la violencia en comunidades ind\u00edgenas siguen siendo los mecanismos\ninstitucionales, que les requieren a las mujeres que viven en situaci\u00f3n de\nviolencia, salir de sus comunidades y enfrentar barreras geogr\u00e1ficas, econ\u00f3micas,\nculturales y de discriminaci\u00f3n por su condici\u00f3n de ser mujeres, ind\u00edgenas y de\nescasos recursos econ\u00f3micos. <\/p>\n\n\n\n<p class=\"wp-block-paragraph\">Reconocemos que la problem\u00e1tica es\ncompleja, pero una asignaci\u00f3n de recursos suficientes y oportunos, una\ncapacitaci\u00f3n en perspectiva de g\u00e9nero e intercultural y una voluntad pol\u00edtica\nclara, son indispensables para garantizar la libertad, la seguridad y la vida\nde las ni\u00f1as y las mujeres de Oaxaca.<\/p>\n\n\n\n<p class=\"wp-block-paragraph\">SEM\/ilmt\/sj<\/p>\n","protected":false},"excerpt":{"rendered":"<p>Analiza datos registrados en el primer a\u00f1o del mecanismo que incluy\u00f3 a 40 municipios<\/p>\n","protected":false},"author":3,"featured_media":11406,"comment_status":"open","ping_status":"open","sticky":false,"template":"","format":"standard","meta":{"_monsterinsights_skip_tracking":false,"footnotes":""},"categories":[690,54],"tags":[],"class_list":["post-11405","post","type-post","status-publish","format-standard","has-post-thumbnail","category-690","category-mujeres"],"_links":{"self":[{"href":"https:\/\/redsemlac.com\/semmexico\/wp-json\/wp\/v2\/posts\/11405","targetHints":{"allow":["GET"]}}],"collection":[{"href":"https:\/\/redsemlac.com\/semmexico\/wp-json\/wp\/v2\/posts"}],"about":[{"href":"https:\/\/redsemlac.com\/semmexico\/wp-json\/wp\/v2\/types\/post"}],"author":[{"embeddable":true,"href":"https:\/\/redsemlac.com\/semmexico\/wp-json\/wp\/v2\/users\/3"}],"replies":[{"embeddable":true,"href":"https:\/\/redsemlac.com\/semmexico\/wp-json\/wp\/v2\/comments?post=11405"}],"version-history":[{"count":0,"href":"https:\/\/redsemlac.com\/semmexico\/wp-json\/wp\/v2\/posts\/11405\/revisions"}],"wp:featuredmedia":[{"embeddable":true,"href":"https:\/\/redsemlac.com\/semmexico\/wp-json\/wp\/v2\/media\/11406"}],"wp:attachment":[{"href":"https:\/\/redsemlac.com\/semmexico\/wp-json\/wp\/v2\/media?parent=11405"}],"wp:term":[{"taxonomy":"category","embeddable":true,"href":"https:\/\/redsemlac.com\/semmexico\/wp-json\/wp\/v2\/categories?post=11405"},{"taxonomy":"post_tag","embeddable":true,"href":"https:\/\/redsemlac.com\/semmexico\/wp-json\/wp\/v2\/tags?post=11405"}],"curies":[{"name":"wp","href":"https:\/\/api.w.org\/{rel}","templated":true}]}}