{"id":11397,"date":"2019-08-29T16:49:14","date_gmt":"2019-08-29T16:49:14","guid":{"rendered":"https:\/\/redsemlac.com\/semmexico\/?p=11397"},"modified":"2023-07-21T14:52:54","modified_gmt":"2023-07-21T19:52:54","slug":"cdmx-16","status":"publish","type":"post","link":"https:\/\/redsemlac.com\/semmexico\/cdmx-16\/","title":{"rendered":"Piden no criminalizar expresiones de protesta de las mujeres"},"content":{"rendered":"\n<p class=\"wp-block-paragraph\"><strong>* Feministas\nhacen exhorto a jefa de gobierno Claudia Sheinbaum<\/strong><\/p>\n\n\n\n<p class=\"wp-block-paragraph\"><strong>* Colectivo Ma\u00edz\ndemandan que el dialogo no se limite a solo unos grupos<\/strong><\/p>\n\n\n\n<p class=\"wp-block-paragraph\"><strong>Elda Montiel <\/strong><\/p>\n\n\n\n<p class=\"wp-block-paragraph\">SemM\u00e9xico, Cd. de\nM\u00e9xico, 29 agosto 2019.- Reconocer la diversidad del movimiento feminista, no\ncriminalizar ciertas expresiones de protesta social y que dialogar no se limite\ns\u00f3lo con algunos grupos feministas, fue el exhorto a la jefa de gobierno,\nClaudia Sheinbaum, por el Colectivo Feminista con Voz de Ma\u00edz.<\/p>\n\n\n\n<p class=\"wp-block-paragraph\">Asimismo, convocan a formar\nasambleas feministas en cada barrio, colonia, centro de trabajo, escuelas en la\nCiudad de M\u00e9xico y en todos los rincones del pa\u00eds, con el fin de convocar a una\nAsamblea General en la Ciudad de M\u00e9xico. <\/p>\n\n\n\n<p class=\"wp-block-paragraph\">Por lo que invitan, a\nquienes se quieran sumar a esta iniciativa, reunirse el pr\u00f3ximo 8 de septiembre\na las 11 de la ma\u00f1ana en el Museo Casa de la Memoria Ind\u00f3mita para conformar un\nespacio amplio y plural, ponerse de acuerdo, asambleas establecidas de manera\nhorizontal y democr\u00e1tica sobre las convocatorias y acciones del movimiento\nfeminista en lo local y coordinarse con otras asambleas en el pa\u00eds. <\/p>\n\n\n\n<p class=\"wp-block-paragraph\">En el Manifiesto\nReuni\u00f3n Museo Casa de la Memoria Ind\u00f3mita, precisan que se reunieron el pasado\ns\u00e1bado 24 de agosto, para \u201creconocernos, escucharnos, visibilizarnos e intercambiar\nbalances sobre las \u00faltimas dos movilizaciones feministas del 12 y 16 de\nagosto\u201d.&nbsp; <\/p>\n\n\n\n<p class=\"wp-block-paragraph\">Indicaron que no son\nel \u00fanico esfuerzo que esta sesionando, pues afortunadamente han surgido varias\nreuniones, ya que hay mucha alegr\u00eda, deseos de transformarlo todo y de hacer\nque lo que se ha logrado por parte de las mujeres en M\u00e9xico siga creciendo y\navanzado.&nbsp;&nbsp;&nbsp; <\/p>\n\n\n\n<p class=\"wp-block-paragraph\">Precisaron que en la\nAsamblea General que proponen los \u00fanicos requisitos indispensables para\nparticipar sean el respeto a las opiniones de otras, el reconocimiento a la\ndiversidad de feminismos y la no violencia entre nosotras. <\/p>\n\n\n\n<p class=\"wp-block-paragraph\">Las invitaciones y\nllamados a las reuniones y mesas de trabajo deben de dejar de ser en secrec\u00eda y\ncon poco tiempo de antelaci\u00f3n, y se pronunciaron por un: \u00a1No a los llamados\nindividuales!\u00a1Dialogo con todos los feminismos!Dicen las feministas en el manifiesto.<\/p>\n\n\n\n<p class=\"wp-block-paragraph\">Advirtieron que les\nparece necesario que todas las convocatorias para la acci\u00f3n feminista deben\ntener nombre de las organizaciones, grupos, personas f\u00edsicas y\/o colectivas que\nhacen los llamados.<\/p>\n\n\n\n<p class=\"wp-block-paragraph\">Con el objetivo que\nhaya seguridad y certeza ante posibles acciones de grupos opositores, machistas\ne infiltrados que buscan deslegitimar al movimiento feminista.<\/p>\n\n\n\n<p class=\"wp-block-paragraph\">Nutramos todos los\nespacios asamblearios que han comenzado a surgir y busquemos la coordinaci\u00f3n a\ntrav\u00e9s de la asamblea general arriba planteada. <\/p>\n\n\n\n<p class=\"wp-block-paragraph\">Entre las firmantes\ndel Manifiesto est\u00e1n Claudia Karina D\u00edaz L\u00f3pez, A. Paola Hern\u00e1ndez, Paulina\nHern\u00e1ndez Rousset, Lesly Sol\u00eds, Ariadna Vel\u00e1zquez, Ana L\u00f3pez, Heather Dashner,\nClaire Mullen, Tania Castrej\u00f3n, Maricela Fuentes, Ivonne Arrazola F., Leticia\nCamejo, Graciela G\u00f3mez Ram\u00edrez, Martha Nava P\u00e9rez, Emma Romero, Georgina Guti\u00e9rrez,\ny M\u00f3nica Haydeet P\u00e9rez Leal.<\/p>\n\n\n\n<p class=\"wp-block-paragraph\">As\u00ed como Mar\u00eda Elena Santill\u00e1n\nCarrillo, Karla Leyva G\u00f3mez, Bertha I. Hern\u00e1ndez Mart\u00ednez, Priscila Palomares\nGarza, Georgina Mart\u00ednez Ant\u00fanez, Nora Aguilar, Michelle D\u00edas Da Silva, Brenda\nBanda G\u00f3mez, Karla Pe\u00f1a Moreno, Wendy Araceli Hern\u00e1ndez, Blanca Radillo\nMungu\u00eda, Tania Obdulia Valadez George, Colectiva Feminista con Voz de Ma\u00edz. <\/p>\n\n\n\n<p class=\"wp-block-paragraph\">SEM\/em\/sj<\/p>\n","protected":false},"excerpt":{"rendered":"<p>Feministas hacen exhorto a jefa de gobierno Claudia Sheinbaum<\/p>\n","protected":false},"author":3,"featured_media":11398,"comment_status":"open","ping_status":"open","sticky":false,"template":"","format":"standard","meta":{"_monsterinsights_skip_tracking":false,"footnotes":""},"categories":[690,54],"tags":[],"class_list":["post-11397","post","type-post","status-publish","format-standard","has-post-thumbnail","category-690","category-mujeres"],"_links":{"self":[{"href":"https:\/\/redsemlac.com\/semmexico\/wp-json\/wp\/v2\/posts\/11397","targetHints":{"allow":["GET"]}}],"collection":[{"href":"https:\/\/redsemlac.com\/semmexico\/wp-json\/wp\/v2\/posts"}],"about":[{"href":"https:\/\/redsemlac.com\/semmexico\/wp-json\/wp\/v2\/types\/post"}],"author":[{"embeddable":true,"href":"https:\/\/redsemlac.com\/semmexico\/wp-json\/wp\/v2\/users\/3"}],"replies":[{"embeddable":true,"href":"https:\/\/redsemlac.com\/semmexico\/wp-json\/wp\/v2\/comments?post=11397"}],"version-history":[{"count":0,"href":"https:\/\/redsemlac.com\/semmexico\/wp-json\/wp\/v2\/posts\/11397\/revisions"}],"wp:featuredmedia":[{"embeddable":true,"href":"https:\/\/redsemlac.com\/semmexico\/wp-json\/wp\/v2\/media\/11398"}],"wp:attachment":[{"href":"https:\/\/redsemlac.com\/semmexico\/wp-json\/wp\/v2\/media?parent=11397"}],"wp:term":[{"taxonomy":"category","embeddable":true,"href":"https:\/\/redsemlac.com\/semmexico\/wp-json\/wp\/v2\/categories?post=11397"},{"taxonomy":"post_tag","embeddable":true,"href":"https:\/\/redsemlac.com\/semmexico\/wp-json\/wp\/v2\/tags?post=11397"}],"curies":[{"name":"wp","href":"https:\/\/api.w.org\/{rel}","templated":true}]}}