{"id":11394,"date":"2019-08-29T16:29:33","date_gmt":"2019-08-29T16:29:33","guid":{"rendered":"https:\/\/redsemlac.com\/semmexico\/?p=11394"},"modified":"2023-07-21T14:52:54","modified_gmt":"2023-07-21T19:52:54","slug":"proponen-a-eulalia-guzman-para-recibir-la-medalla-belisario-dominguez","status":"publish","type":"post","link":"https:\/\/redsemlac.com\/semmexico\/proponen-a-eulalia-guzman-para-recibir-la-medalla-belisario-dominguez\/","title":{"rendered":"Proponen a Eulalia Guzm\u00e1n para recibir la medalla Belisario Dom\u00ednguez"},"content":{"rendered":"\n<p class=\"wp-block-paragraph\"><strong>* Fil\u00f3sofa, arque\u00f3loga, antrop\u00f3loga y feminista<\/strong><\/p>\n\n\n\n<p class=\"wp-block-paragraph\"><strong>* <\/strong><strong>Hasta 1970 estuvo encargada de los archivos hist\u00f3ricos del INAH<\/strong><\/p>\n\n\n\n<p class=\"wp-block-paragraph\"><strong>Redacci\u00f3n<\/strong><\/p>\n\n\n\n<p class=\"wp-block-paragraph\">SemM\u00e9xico,\nCd. de M\u00e9xico, 29 agosto 2019.- El Congreso de Zacatecas postul\u00f3 ante el pleno\nde la Comisi\u00f3n Permanente a Eulalia Guzm\u00e1n Barr\u00f3n, como candidata a recibir la\nMedalla de Honor \u201cBelisario Dom\u00ednguez\u201d del Senado de la Republica 2019.<\/p>\n\n\n\n<p class=\"wp-block-paragraph\">La\npropuesta del legislativo zacatecano se da a 34 a\u00f1os del deceso de Eulalia\nGuzm\u00e1n Barr\u00f3n, una destacada feminista y antrop\u00f3loga. <\/p>\n\n\n\n<p class=\"wp-block-paragraph\">Precisaron\nque Eulalia Guzm\u00e1n Barr\u00f3n \u201cha quedado rezagada\u201d en la reconstrucci\u00f3n de la\nhistoria, no s\u00f3lo de Zacatecas, sino del pa\u00eds.&nbsp;\n<\/p>\n\n\n\n<p class=\"wp-block-paragraph\">Fue\nuna de las primeras antrop\u00f3logas mexicanas que estudiaron, en alto grado, sobre\nel origen de nuestra civilizaci\u00f3n.<\/p>\n\n\n\n<p class=\"wp-block-paragraph\">Luch\u00f3\nporque la Antropolog\u00eda no fuera una disciplina exclusivamente para hombres,\nella tambi\u00e9n dedico su vida por los derechos de las mujeres, una lucha que es\nactual. <\/p>\n\n\n\n<p class=\"wp-block-paragraph\"><strong>Algo de su vida<\/strong><\/p>\n\n\n\n<p class=\"wp-block-paragraph\">Naci\u00f3\nen 1890 en San Pedro Piedra Gorda, Zacatecas, muri\u00f3 en la ciudad de M\u00e9xico el 2\nde febrero de 1985. Fue becada para estudiar en la Escuela Normal de Profesoras\nobteniendo el t\u00edtulo en 1910 (con foto en folio 47), desde 1909 prest\u00f3 sus\nservicios como ayudante de escuela hasta 1914. <\/p>\n\n\n\n<p class=\"wp-block-paragraph\">Fue\ncapacitada en Estados Unidos en el conocimiento de aritm\u00e9tica, \u00e1lgebra y\ngeograf\u00eda, desempe\u00f1ando funciones como profesora de dichas materias y tambi\u00e9n\ncomo profesora de historia patria y educaci\u00f3n c\u00edvica, profesora de castellano\nen la Escuela Nacional Preparatoria(1921-1922), comisionada para asistir a\nconferencias y congresos en Estados Unidos (Pan American Round Table), Suiza,\nas\u00ed como a Alemania (1926-1929) y para estudiar la organizaci\u00f3n t\u00e9cnica en\ndiferentes centros escolares; nombrada directora de la Campa\u00f1a Contra el\nAnalfabetismo en 1923-1924, profesora de historia de la educaci\u00f3n en la Escuela\nNormal Primaria para Maestras en 1923, autora del libro \u00abLa Escuela\nNueva\u00bb (1924). <\/p>\n\n\n\n<p class=\"wp-block-paragraph\">Comisionada\npara hacer un estudio colectivo sobre la escuela primaria en M\u00e9xico; inspectora\nde Escuelas Primarias (1925), contribuy\u00f3 a la implantaci\u00f3n de la Escuela de la\nAcci\u00f3n o Escuela Activa. Realiz\u00f3 estudios de arqueolog\u00eda en la Universidad\nNacional de M\u00e9xico al lado de Alfonso Caso (1930, titul\u00e1ndose en 1945) y obtuvo\nel grado de maestra en filosof\u00eda por la misma universidad (1933) con la tesis\nCaracteres esenciales del arte antiguo mexicano adem\u00e1s de haber realizado otros\nestudios sobre filosof\u00eda en Estados Unidos y Alemania. <\/p>\n\n\n\n<p class=\"wp-block-paragraph\">Inspectora\nde escuelas primarias SEP (1931), comisionada para la expedici\u00f3n a la zona\narqueol\u00f3gica de Monte Alb\u00e1n y de la Mixteca Alta (1931-1933) tambi\u00e9n bajo la\ndirecci\u00f3n de Alfonso Caso; nombrada subjefe de ense\u00f1anza primaria y normal\n(1933); directora del Departamento de Arqueolog\u00eda (1934). Comisionada para\nestudiar piezas arqueol\u00f3gicas e hist\u00f3ricas mexicanas en diversos museos y\nbibliotecas de Austria, Alemania, Dinamarca, B\u00e9lgica, Inglaterra, Italia y\nEstados Unidos (1936-1940), representante de M\u00e9xico en Congresos de Ciencias\nAntropol\u00f3gicas y Etnogr\u00e1ficas en El Cairo Egipto (1937), Copenhague (1938) y\nBerl\u00edn (1939), as\u00ed como en historia del arte en Londres (1939). <\/p>\n\n\n\n<p class=\"wp-block-paragraph\">Invitada\na colaborar en un proyecto de alfabetizaci\u00f3n para Am\u00e9rica Latina por parte de\nlos Estudios Walt Disney (1946). Por petici\u00f3n del gobierno de Guerrero y a\npartir de sus estudios sobre arqueolog\u00eda lleg\u00f3 a rebatir la tesis de Alfonso\nCaso que pretend\u00eda acabar con la veracidad de la tradici\u00f3n de Ixcateopan,\nGuerrero, dando una fundamentaci\u00f3n sobre la autenticidad de la tumba de\nCuauht\u00e9moc que se encontraba bajo el altar mayor del templo cat\u00f3lico de esa\nlocalidad (1951), que a partir de entonces fue declarado Altar de la Patria. <\/p>\n\n\n\n<p class=\"wp-block-paragraph\">Hasta\n1970 estuvo encargada de los archivos hist\u00f3ricos del Instituto Nacional de\nAntropolog\u00eda e Historia fecha en que se jubil\u00f3. Entre sus obras se pueden\nencontrar: La escuela nueva o de la acci\u00f3n (1933), Los relieves de las rocas\ndel cerro de la Cantera, Jonacatepec, Morelos (1934), Caracteres fundamentales\ndel arte prehisp\u00e1nico de M\u00e9xico (1934), Un manuscrito de la Colecci\u00f3n Boturini\nque trata de los antiguos se\u00f1ores de Teotihuac\u00e1n (1938), The art of map making\namong the ancient mexicans (Londres, 1939), Lo que vio y o\u00ed (1941), Genealog\u00eda\ny biograf\u00eda de Cuauht\u00e9moc. Refutaci\u00f3n a la Gran Comisi\u00f3n (Culiac\u00e1n, Sinaloa,\n1954), Relaciones de Hern\u00e1n Cort\u00e9s a Carlos V sobre la invasi\u00f3n del An\u00e1huac.\nAclaraciones y rectificaciones (1958) y Manuscritos sobre M\u00e9xico en archivos de\nItalia (1964).<\/p>\n\n\n\n<p class=\"wp-block-paragraph\">(Tomado\nde <a href=\"http:\/\/biblioweb.tic.unam.mx\/diccionario\/htm\/biografias\/bio_g\/guzman_barron.htm\">http:\/\/biblioweb.tic.unam.mx\/diccionario\/htm\/biografias\/bio_g\/guzman_barron.htm<\/a>)<\/p>\n","protected":false},"excerpt":{"rendered":"<p>Fil\u00f3sofa, arque\u00f3loga, antrop\u00f3loga y feminista<\/p>\n","protected":false},"author":3,"featured_media":11395,"comment_status":"open","ping_status":"open","sticky":false,"template":"","format":"standard","meta":{"_monsterinsights_skip_tracking":false,"footnotes":""},"categories":[690,50],"tags":[],"class_list":["post-11394","post","type-post","status-publish","format-standard","has-post-thumbnail","category-690","category-congreso"],"_links":{"self":[{"href":"https:\/\/redsemlac.com\/semmexico\/wp-json\/wp\/v2\/posts\/11394","targetHints":{"allow":["GET"]}}],"collection":[{"href":"https:\/\/redsemlac.com\/semmexico\/wp-json\/wp\/v2\/posts"}],"about":[{"href":"https:\/\/redsemlac.com\/semmexico\/wp-json\/wp\/v2\/types\/post"}],"author":[{"embeddable":true,"href":"https:\/\/redsemlac.com\/semmexico\/wp-json\/wp\/v2\/users\/3"}],"replies":[{"embeddable":true,"href":"https:\/\/redsemlac.com\/semmexico\/wp-json\/wp\/v2\/comments?post=11394"}],"version-history":[{"count":0,"href":"https:\/\/redsemlac.com\/semmexico\/wp-json\/wp\/v2\/posts\/11394\/revisions"}],"wp:featuredmedia":[{"embeddable":true,"href":"https:\/\/redsemlac.com\/semmexico\/wp-json\/wp\/v2\/media\/11395"}],"wp:attachment":[{"href":"https:\/\/redsemlac.com\/semmexico\/wp-json\/wp\/v2\/media?parent=11394"}],"wp:term":[{"taxonomy":"category","embeddable":true,"href":"https:\/\/redsemlac.com\/semmexico\/wp-json\/wp\/v2\/categories?post=11394"},{"taxonomy":"post_tag","embeddable":true,"href":"https:\/\/redsemlac.com\/semmexico\/wp-json\/wp\/v2\/tags?post=11394"}],"curies":[{"name":"wp","href":"https:\/\/api.w.org\/{rel}","templated":true}]}}