{"id":11390,"date":"2019-08-29T02:02:30","date_gmt":"2019-08-29T02:02:30","guid":{"rendered":"https:\/\/redsemlac.com\/semmexico\/?p=11390"},"modified":"2023-07-21T14:52:54","modified_gmt":"2023-07-21T19:52:54","slug":"la-austeridad-no-debe-afectar-a-los-servicios-de-salud-patricia-mercado","status":"publish","type":"post","link":"https:\/\/redsemlac.com\/semmexico\/la-austeridad-no-debe-afectar-a-los-servicios-de-salud-patricia-mercado\/","title":{"rendered":"La austeridad no debe afectar a los servicios de salud: Patricia Mercado"},"content":{"rendered":"\n<ul class=\"wp-block-list\"><li><strong>La senadora se\u00f1al\u00f3 que M\u00e9xico se encuentra\ndebajo de las recomendaciones de los pa\u00edses que integran a la OCDE respecto al\ngasto en salud, solo gasta el 2.9% del PIB.<\/strong><\/li><li><strong>Se discute el dictamen que exhorta a la\nSecretar\u00eda de Hacienda y a la Secretar\u00eda de Salud para informar sobre la\nsituaci\u00f3n respecto al abasto de medicamentos, vacunas e insumos m\u00e9dicos en el\nsector salud.<\/strong><\/li><\/ul>\n\n\n\n<p class=\"wp-block-paragraph\"><strong>Redacci\u00f3n<\/strong><\/p>\n\n\n\n<p class=\"wp-block-paragraph\">SemM\u00e9xico, Ciudad de M\u00e9xico. 28 de agosto 2019.- En sesi\u00f3n\nde la Comisi\u00f3n Permanente se llev\u00f3 a cabo la discusi\u00f3n del dictamen que exhorta\na la Secretar\u00eda de Hacienda y a la Secretar\u00eda de Salud para informar sobre la\nsituaci\u00f3n respecto al abasto de medicamentos, vacunas e insumos m\u00e9dicos en el\nsector salud. En voz del grupo parlamentario de Movimiento Ciudadano, la\nsenadora Patricia Mercado se\u00f1al\u00f3 la importancia de llamar a comparecer a los\ntitulares de ambas dependencias como un buen ejercicio de pr\u00e1ctica democr\u00e1tica\nrespecto al posible desabasto de medicamentos.<\/p>\n\n\n\n<p class=\"wp-block-paragraph\">La senadora ciudadana se\u00f1al\u00f3 que es necesario entablar un\ndi\u00e1logo con todas las partes involucradas para saber las necesidades de dichas\ninstituciones para ayudar a acelerar sus tiempos de respuesta.<\/p>\n\n\n\n<p class=\"wp-block-paragraph\">Tambi\u00e9n puntualiz\u00f3 que es necesario mostrar mayor empat\u00eda\nrespecto a la situaci\u00f3n que enfrentan los familiares de pacientes con c\u00e1ncer,\nesto despu\u00e9s de las declaraciones emitidas por Jorge Alcocer, Secretario de\nSalud.<\/p>\n\n\n\n<p class=\"wp-block-paragraph\">&nbsp;\u201cLa respuesta que dio\nayer el Secretario de Salud, que \u00e9l mismo aclara que es t\u00e9cnico-m\u00e9dico en el\nsentido de que no importa un d\u00eda m\u00e1s o un d\u00eda menos, muestra una falta de\nsensibilidad frente al dolor de las v\u00edctimas, en este caso, a los padres de\nestos ni\u00f1os y ni\u00f1as con c\u00e1ncer que no tienen el medicamento\u201d, dijo.<\/p>\n\n\n\n<p class=\"wp-block-paragraph\">En su intervenci\u00f3n, la legisladora hizo referencia a las\nrecomendaciones de los pa\u00edses que integran a la Organizaci\u00f3n para la\nCooperaci\u00f3n y el Desarrollo Econ\u00f3mico (OCDE) respecto al gasto en salud, puesto\nque se ubica entre el 5 y 6.4% del PIB, mientras que M\u00e9xico solamente gasta el\n2.9%.<\/p>\n\n\n\n<p class=\"wp-block-paragraph\">Pese a que el Ejecutivo Federal ha dicho que uno de sus\ntemas prioritarios es la salud, la legisladora expuso que el problema de la\nfalta de medicamentos podr\u00eda no mejorar, si se antepone la austeridad.<\/p>\n\n\n\n<p class=\"wp-block-paragraph\">&nbsp;\u201cNo puede haber una\n\u201cprioridad\u201d sin que se refleje en el presupuesto p\u00fablico como una prioridad\u201d,\nfinaliz\u00f3.<\/p>\n\n\n\n<p class=\"wp-block-paragraph\">SEM\/IL<\/p>\n","protected":false},"excerpt":{"rendered":"<p>Se discute el dictamen que exhorta a la Secretar\u00eda de Hacienda y a la Secretar\u00eda de Salud para informar sobre la situaci\u00f3n respecto al abasto de medicamentos, vacunas e insumos m\u00e9dicos en el sector salud.<\/p>\n","protected":false},"author":3,"featured_media":11391,"comment_status":"open","ping_status":"open","sticky":false,"template":"","format":"standard","meta":{"_monsterinsights_skip_tracking":false,"footnotes":""},"categories":[690,50],"tags":[],"class_list":["post-11390","post","type-post","status-publish","format-standard","has-post-thumbnail","category-690","category-congreso"],"_links":{"self":[{"href":"https:\/\/redsemlac.com\/semmexico\/wp-json\/wp\/v2\/posts\/11390","targetHints":{"allow":["GET"]}}],"collection":[{"href":"https:\/\/redsemlac.com\/semmexico\/wp-json\/wp\/v2\/posts"}],"about":[{"href":"https:\/\/redsemlac.com\/semmexico\/wp-json\/wp\/v2\/types\/post"}],"author":[{"embeddable":true,"href":"https:\/\/redsemlac.com\/semmexico\/wp-json\/wp\/v2\/users\/3"}],"replies":[{"embeddable":true,"href":"https:\/\/redsemlac.com\/semmexico\/wp-json\/wp\/v2\/comments?post=11390"}],"version-history":[{"count":0,"href":"https:\/\/redsemlac.com\/semmexico\/wp-json\/wp\/v2\/posts\/11390\/revisions"}],"wp:featuredmedia":[{"embeddable":true,"href":"https:\/\/redsemlac.com\/semmexico\/wp-json\/wp\/v2\/media\/11391"}],"wp:attachment":[{"href":"https:\/\/redsemlac.com\/semmexico\/wp-json\/wp\/v2\/media?parent=11390"}],"wp:term":[{"taxonomy":"category","embeddable":true,"href":"https:\/\/redsemlac.com\/semmexico\/wp-json\/wp\/v2\/categories?post=11390"},{"taxonomy":"post_tag","embeddable":true,"href":"https:\/\/redsemlac.com\/semmexico\/wp-json\/wp\/v2\/tags?post=11390"}],"curies":[{"name":"wp","href":"https:\/\/api.w.org\/{rel}","templated":true}]}}