{"id":11386,"date":"2019-08-29T00:27:43","date_gmt":"2019-08-29T00:27:43","guid":{"rendered":"https:\/\/redsemlac.com\/semmexico\/?p=11386"},"modified":"2023-07-21T14:52:54","modified_gmt":"2023-07-21T19:52:54","slug":"cdmx-15","status":"publish","type":"post","link":"https:\/\/redsemlac.com\/semmexico\/cdmx-15\/","title":{"rendered":"Presenta Sheinbaum plan para combatir violencia contra las mujeres en CDMX"},"content":{"rendered":"\n<p class=\"wp-block-paragraph\"> \u2022\u00a0<strong>Crear\u00e1n seis\u00a0nuevas agencias de Ministerios P\u00fablicos para mujeres\u00a0<\/strong><\/p>\n\n\n\n<p class=\"wp-block-paragraph\">\u2022\u00a0<strong>Banco de datos\u00a0de ADN, entre las acciones<\/strong><\/p>\n\n\n\n<p class=\"wp-block-paragraph\">Redacci\u00f3n<\/p>\n\n\n\n<p class=\"wp-block-paragraph\">SemM\u00e9xico, Ciudad de M\u00e9xico, 28 de agosto de 2019.- La jefa de Gobierno de la Ciudad de M\u00e9xico, Claudia&nbsp;Sheinbaum&nbsp;Pardo, present\u00f3 hoy el Plan de Acciones Inmediatas de Atenci\u00f3n a la Violencia contra las Mujeres, que abarca medidas relacionadas con&nbsp;el transporte&nbsp;y espacios&nbsp;p\u00fablicos, instituciones de seguridad y justicia, atenci\u00f3n a v\u00edctimas y campa\u00f1as permanentes.&nbsp;<\/p>\n\n\n\n<p class=\"wp-block-paragraph\">Entre las medidas anunciadas,&nbsp;las cuales&nbsp;se desarrollar\u00e1n de&nbsp;septiembre a diciembre de este a\u00f1o,&nbsp;est\u00e1 la creaci\u00f3n de&nbsp;seis nuevas agencias del Ministerio P\u00fablico (MP) para mujeres y&nbsp;una&nbsp;iniciativa&nbsp;ley que tenga que ver con un banco de ADN&nbsp;de agresores sexuales para terminar con la impunidad y para evitar las reincidencias.&nbsp;<\/p>\n\n\n\n<p class=\"wp-block-paragraph\">La mandataria dijo que este Plan es un&nbsp;reconocimiento social&nbsp;de&nbsp;la Jefatura de Gobierno y&nbsp;del gobierno local sobre la violencia de g\u00e9nero. Puntualiz\u00f3&nbsp;que era necesario escuchar y reconocer la&nbsp;visibilizaci\u00f3n&nbsp;de ese problema&nbsp;con las movilizaciones recientes&nbsp;que las mujeres&nbsp;hicieron&nbsp;en estas semanas, aunque insisti\u00f3 en que&nbsp;no estaba&nbsp;de acuerdo en la forma.<\/p>\n\n\n\n<p class=\"wp-block-paragraph\">En&nbsp;lo que se refiere al&nbsp;transporte p\u00fablico,&nbsp;para \u201cviajar seguras y protegidas\u201d en&nbsp;Metro,&nbsp;Metrob\u00fas, taxis y servicios por aplicaciones, se contar\u00e1 con el&nbsp;Bot\u00f3n de Auxilio,&nbsp;vinculado al C5&nbsp;(Centro de Comando, Control, C\u00f3mputo, Comunicaciones y Contacto Ciudadano de la CDMX)&nbsp;y a la polic\u00eda, como aplicaci\u00f3n telef\u00f3nica; se fortalecer\u00e1n los espacios exclusivos para mujeres y se iluminar\u00e1n las salidas del Metro.&nbsp;<\/p>\n\n\n\n<p class=\"wp-block-paragraph\">La segunda acci\u00f3n son los&nbsp;\u201cSenderos Seguros, Camina Libre, Camina Segura\u201d&nbsp;y&nbsp;\u201cBanquetas iluminadas\u201d,&nbsp;con m\u00e1s de 20,875&nbsp;luminarias&nbsp;que se colocar\u00e1n en 44 tramos de vialidades de las zonas de mayor violencia contra las mujeres. Habr\u00e1 un&nbsp;bot\u00f3n de auxilio y&nbsp;la&nbsp;c\u00e1mara \u201cMi C911E\u201d&nbsp;para&nbsp;atender a las mujeres y un bot\u00f3n de auxilio, tambi\u00e9n&nbsp;en aplicaci\u00f3n telef\u00f3nica.&nbsp;<\/p>\n\n\n\n<p class=\"wp-block-paragraph\">Con referencia a las instituciones de seguridad y de justicia, se crear\u00e1n seis agencias de MP&nbsp;como un \u201cespacio digno de atenci\u00f3n a las v\u00edctimas de delitos sexuales\u201d, con m\u00e9dicos legistas, psic\u00f3logas,&nbsp;psiquiatras, trabajadoras sociales&nbsp;para una atenci\u00f3n integral. Se continuar\u00e1 con la formaci\u00f3n de polic\u00edas y MP en la atenci\u00f3n a las mujeres y se efectuar\u00e1 una&nbsp;Auditoria Social de Procesos de Seguridad y Justicia. Adem\u00e1s, se atender\u00e1 a v\u00edctimas en MP por especialistas mujeres y&nbsp;la&nbsp;denuncia digital sin refrendo presencial,&nbsp;particularmente para delitos sexualesy la atenci\u00f3n a violencia en internet por Polic\u00eda de Investigaci\u00f3n y colaboraci\u00f3n de empresas.&nbsp;<\/p>\n\n\n\n<p class=\"wp-block-paragraph\">Asimismo, se enviar\u00e1 a los congresos federal y local una iniciativa de ley para crear un banco de datos de ADN de agresores sexuales, en la que se contemplen tambi\u00e9n a las&nbsp;autoridades relacionadas con la polic\u00eda y la procuraci\u00f3n de justicia. La ciudad podr\u00eda ser una de las primeras entidades en contar con esa informaci\u00f3n, asever\u00f3&nbsp;Sheinbaum.&nbsp;<\/p>\n\n\n\n<p class=\"wp-block-paragraph\">En cuanto a la atenci\u00f3n a v\u00edctimas, la jefa de gobierno asegur\u00f3 que se fortalecer\u00e1n los 27 centros ubicados en las 16 alcald\u00edas, se brindar\u00e1&nbsp;acompa\u00f1amiento&nbsp;a las mujeres y se ampliar\u00e1n sus horarios.&nbsp;<\/p>\n\n\n\n<p class=\"wp-block-paragraph\">Por \u00faltimo, se lanzar\u00e1n campa\u00f1as permanentes que busquen generar cambios de comportamiento para prevenir la violencia. En el transporte p\u00fablico se visibilizar\u00e1 el acoso sexual; en las escuelas se promover\u00e1 la iniciativa \u201cNo es costumbre es violencia\u201d y tambi\u00e9n habr\u00e1 campa\u00f1as para poblaci\u00f3n en general.<\/p>\n\n\n\n<p class=\"wp-block-paragraph\">Sheinbaum&nbsp;Pardo aclar\u00f3 que estas medidas se suman a las que ya se estaban haciendo, pero no hab\u00edan sido suficientes,&nbsp;y ser\u00e1n enriquecidas con los foros y talleres para generar una pol\u00edtica integral de prevenci\u00f3n, atenci\u00f3n y sanci\u00f3n a la violencia de g\u00e9nero en la ciudad.&nbsp;<\/p>\n\n\n\n<p class=\"wp-block-paragraph\">Despu\u00e9s de las movilizaciones de feministas en la ciudad, por la violaci\u00f3n de una joven cometida por polic\u00edas en la alcald\u00eda de Azcapotzalco, Claudia&nbsp;Sheinbaum&nbsp;instal\u00f3 una Mesa de Di\u00e1logo con organizaciones de la sociedad civil&nbsp;y anunci\u00f3 la firma de&nbsp;un convenio para la formaci\u00f3n con una visi\u00f3n de g\u00e9nero de la polic\u00eda de investigaci\u00f3n, la auxiliar y preventiva y para el gobierno, en general, as\u00ed como una campa\u00f1a educativa y pedag\u00f3gica que erradique el machismo.<\/p>\n\n\n\n<p class=\"wp-block-paragraph\">En ese acto,&nbsp;la titular de la Secretar\u00eda de las Mujeres, Gabriela Rodr\u00edguez, dijo que se estaba elaborando&nbsp;el&nbsp;Programa de Atenci\u00f3n, Prevenci\u00f3n y Acceso para una Vida Libre de Violencia. Enumer\u00f3 los programas y servicios de la dependencia y dio cifras las atenciones otorgadas. En tanto, la procuradora de Justicia de la CDMX, Ernestina Godoy plante\u00f3 dos acciones espec\u00edficas:&nbsp;el Plan de Atenci\u00f3n a la Violencia&nbsp;Feminiciday el&nbsp;mismo programa.&nbsp;<\/p>\n\n\n\n<p class=\"wp-block-paragraph\">El 15 de diciembre de 2018,&nbsp;Sheinbaum&nbsp;y Rodr\u00edguez hab\u00edan anunciado las estrategias contra la Violencia de G\u00e9nero en la Ciudad de M\u00e9xico. El 6 de mayo de 2019, la jefa de gobierno rindi\u00f3 un informe de las acciones para la igualdad de g\u00e9nero y atenci\u00f3n de la violencia contra las mujeres.&nbsp;<\/p>\n\n\n\n<p class=\"wp-block-paragraph\">A nivel federal, en el marco del 8 de marzo, D\u00eda Internacional de la Mujer, el Instituto Nacional de las Mujeres lleva a cabo el Plan Emergente para Garantizar la Integridad, la Seguridad y la Vida de las Mujeres y las Ni\u00f1as en M\u00e9xico. El 30 de mayo, el gobierno federal, la Organizaci\u00f3n de las Naciones Unidas y la Uni\u00f3n Europea lanzaron la iniciativa&nbsp;Spotlight&nbsp;para prevenir y eliminar el feminicidio en el pa\u00eds.<\/p>\n\n\n\n<p class=\"wp-block-paragraph\">SEM\/gl<\/p>\n","protected":false},"excerpt":{"rendered":"<p>Crear\u00e1n seis nuevas agencias de Ministerios P\u00fablicos para mujeres <\/p>\n","protected":false},"author":3,"featured_media":11387,"comment_status":"open","ping_status":"open","sticky":false,"template":"","format":"standard","meta":{"_monsterinsights_skip_tracking":false,"footnotes":""},"categories":[690,51],"tags":[],"class_list":["post-11386","post","type-post","status-publish","format-standard","has-post-thumbnail","category-690","category-ejecutivo"],"_links":{"self":[{"href":"https:\/\/redsemlac.com\/semmexico\/wp-json\/wp\/v2\/posts\/11386","targetHints":{"allow":["GET"]}}],"collection":[{"href":"https:\/\/redsemlac.com\/semmexico\/wp-json\/wp\/v2\/posts"}],"about":[{"href":"https:\/\/redsemlac.com\/semmexico\/wp-json\/wp\/v2\/types\/post"}],"author":[{"embeddable":true,"href":"https:\/\/redsemlac.com\/semmexico\/wp-json\/wp\/v2\/users\/3"}],"replies":[{"embeddable":true,"href":"https:\/\/redsemlac.com\/semmexico\/wp-json\/wp\/v2\/comments?post=11386"}],"version-history":[{"count":0,"href":"https:\/\/redsemlac.com\/semmexico\/wp-json\/wp\/v2\/posts\/11386\/revisions"}],"wp:featuredmedia":[{"embeddable":true,"href":"https:\/\/redsemlac.com\/semmexico\/wp-json\/wp\/v2\/media\/11387"}],"wp:attachment":[{"href":"https:\/\/redsemlac.com\/semmexico\/wp-json\/wp\/v2\/media?parent=11386"}],"wp:term":[{"taxonomy":"category","embeddable":true,"href":"https:\/\/redsemlac.com\/semmexico\/wp-json\/wp\/v2\/categories?post=11386"},{"taxonomy":"post_tag","embeddable":true,"href":"https:\/\/redsemlac.com\/semmexico\/wp-json\/wp\/v2\/tags?post=11386"}],"curies":[{"name":"wp","href":"https:\/\/api.w.org\/{rel}","templated":true}]}}