{"id":11382,"date":"2019-08-29T00:13:39","date_gmt":"2019-08-29T00:13:39","guid":{"rendered":"https:\/\/redsemlac.com\/semmexico\/?p=11382"},"modified":"2023-07-21T14:52:54","modified_gmt":"2023-07-21T19:52:54","slug":"oaxaca-33","status":"publish","type":"post","link":"https:\/\/redsemlac.com\/semmexico\/oaxaca-33\/","title":{"rendered":"Grupos religiosos en Oaxaca lamentan aprobaci\u00f3n de matrimonio igualitario"},"content":{"rendered":"\n<p class=\"wp-block-paragraph\"> <strong>Patricia Brise\u00f1o\u00a0<\/strong><\/p>\n\n\n\n<p class=\"wp-block-paragraph\">SemM\u00e9xico. OAXACA, Oax. 28 de agosto de 2019.- , Un grupo de personas creyentes de la fe cristiana se manifest\u00f3 en las instalaciones de la C\u00e1mara de Diputados donde hoy mi\u00e9rcoles los integrantes del Poder Legislativo aprobaron el dictamen para legalizar el matrimonio igualitario en la entidad.<\/p>\n\n\n\n<p class=\"wp-block-paragraph\">\u201cNo aceptamos, por ning\u00fan motivo&nbsp; que se desvirt\u00fae el concepto de familia, entendida entre un hombre y mujer, la familia es la base natural\u201d, expuso V\u00edctor Hugo P\u00e9rez, presidente de la Confraternidad de Pastores Cristianos Evang\u00e9licos del Estado de&nbsp; Oaxaca, (COPACEO)&nbsp;<\/p>\n\n\n\n<p class=\"wp-block-paragraph\">Reprob\u00f3 la iniciativa legislativa encabezada por la Comisi\u00f3n Permanente de Administraci\u00f3n y Procuraci\u00f3n de Justicia, integrada por los partidos Morena, y del Trabajo, que este d\u00eda se expone al pleno del Congreso local para&nbsp; reconocer el matrimonio entre personas del mismo sexo y llevar a la Constituci\u00f3n la identidad de g\u00e9nero.&nbsp;<\/p>\n\n\n\n<figure class=\"wp-block-image\"><img decoding=\"async\" src=\"https:\/\/redsemlac.com\/semmexico\/wp-content\/uploads\/2019\/08\/WhatsApp-Image-2019-08-28-at-3.06.38-PM-1024x687.jpeg\" alt=\"\" class=\"wp-image-11383\"\/><\/figure>\n\n\n\n<p class=\"wp-block-paragraph\">El pastor evang\u00e9lico dijo que&nbsp; una de las razones de la inconformidad de esa organizaci\u00f3n, que agrupa a m\u00e1s de 300 pastores de Oaxaca, es porque el pasado dos de abril \u201cnos reunimos con legisladores y asesores de Morena para expresarles que era necesaria una consulta ciudadana para conocer el sentir de los oaxaque\u00f1os\u201d.&nbsp;<\/p>\n\n\n\n<p class=\"wp-block-paragraph\">El dictamen aprobado esta tarde reforma los art\u00edculos 143 y 143 bis del C\u00f3digo Civil del Estado para legalizar el matrimonio entre personas del mismo sexo. Y tambi\u00e9n el segundo p\u00e1rrafo del articulo 166, los art\u00edculos 171, 176, 212, 214, 228, 229, las fracciones I y II del art\u00edculo 744, 405, 501 y 1538.<\/p>\n\n\n\n<p class=\"wp-block-paragraph\">Asimismo adiciona el tercer p\u00e1rrafo al art\u00edculo 39, el p\u00e1rrafo segundo del art\u00edculo 136, la fracci\u00f3n III al art\u00edculo 137, 137 bis, 1237 qu\u00e1ter y 137 qu\u00e1ter, tambi\u00e9n del C\u00f3digo Civil.&nbsp;&nbsp;<\/p>\n\n\n\n<p class=\"wp-block-paragraph\">Dichas reformas tienen como prop\u00f3sito instaurar el reconocimiento de la identidad de g\u00e9nero, es decir si una persona desea cambiar en su acta de nacimiento su sexo lo pueda hacer cumpliendo con algunos requisitos, y el caso del articulado que menciona las palabras esposo o esposa reformarlo para quedar simplemente como c\u00f3nyuges.<br><\/p>\n","protected":false},"excerpt":{"rendered":"<p>personas creyentes de la fe cristiana se manifest\u00f3 en las instalaciones de la C\u00e1mara de Diputados donde hoy mi\u00e9rcoles los integrantes del Poder Legislativo aprobaron el dictamen para legalizar el matrimonio igualitario en la entidad.<\/p>\n","protected":false},"author":3,"featured_media":11384,"comment_status":"open","ping_status":"open","sticky":false,"template":"","format":"standard","meta":{"_monsterinsights_skip_tracking":false,"footnotes":""},"categories":[690,52],"tags":[],"class_list":["post-11382","post","type-post","status-publish","format-standard","has-post-thumbnail","category-690","category-hombres"],"_links":{"self":[{"href":"https:\/\/redsemlac.com\/semmexico\/wp-json\/wp\/v2\/posts\/11382","targetHints":{"allow":["GET"]}}],"collection":[{"href":"https:\/\/redsemlac.com\/semmexico\/wp-json\/wp\/v2\/posts"}],"about":[{"href":"https:\/\/redsemlac.com\/semmexico\/wp-json\/wp\/v2\/types\/post"}],"author":[{"embeddable":true,"href":"https:\/\/redsemlac.com\/semmexico\/wp-json\/wp\/v2\/users\/3"}],"replies":[{"embeddable":true,"href":"https:\/\/redsemlac.com\/semmexico\/wp-json\/wp\/v2\/comments?post=11382"}],"version-history":[{"count":0,"href":"https:\/\/redsemlac.com\/semmexico\/wp-json\/wp\/v2\/posts\/11382\/revisions"}],"wp:featuredmedia":[{"embeddable":true,"href":"https:\/\/redsemlac.com\/semmexico\/wp-json\/wp\/v2\/media\/11384"}],"wp:attachment":[{"href":"https:\/\/redsemlac.com\/semmexico\/wp-json\/wp\/v2\/media?parent=11382"}],"wp:term":[{"taxonomy":"category","embeddable":true,"href":"https:\/\/redsemlac.com\/semmexico\/wp-json\/wp\/v2\/categories?post=11382"},{"taxonomy":"post_tag","embeddable":true,"href":"https:\/\/redsemlac.com\/semmexico\/wp-json\/wp\/v2\/tags?post=11382"}],"curies":[{"name":"wp","href":"https:\/\/api.w.org\/{rel}","templated":true}]}}