{"id":11339,"date":"2019-08-27T20:05:36","date_gmt":"2019-08-27T20:05:36","guid":{"rendered":"https:\/\/redsemlac.com\/semmexico\/?p=11339"},"modified":"2023-07-21T14:52:55","modified_gmt":"2023-07-21T19:52:55","slug":"el-combate-al-hostigamiento-sexual-la-prohibicion-de-terapias-de-conversion-en-la-agenda-legislativa-del-pt-para-el-siguiente-periodo","status":"publish","type":"post","link":"https:\/\/redsemlac.com\/semmexico\/el-combate-al-hostigamiento-sexual-la-prohibicion-de-terapias-de-conversion-en-la-agenda-legislativa-del-pt-para-el-siguiente-periodo\/","title":{"rendered":"El combate al hostigamiento sexual, la prohibici\u00f3n de terapias de conversi\u00f3n, en la agenda legislativa del PT para el siguiente periodo"},"content":{"rendered":"\n<p class=\"wp-block-paragraph\"><strong>Redacci\u00f3n<\/strong><\/p>\n\n\n\n<p class=\"wp-block-paragraph\">SemM\u00e9xico. Cd. de M\u00e9xico. 27 de agosto de 2019.- Reforma electoral, salud, medio ambiente, migraci\u00f3n, transparencia, rendici\u00f3n de cuentas y derechos humanos de las mujeres y laborales son los ejes sobre los que trabajar\u00e1 el Grupo Parlamentario del Partido del Trabajo en el Senado durante el Primer Per\u00edodo de Sesiones del Segundo A\u00f1o de Ejercicio de la LXIV Legislatura.<\/p>\n\n\n\n<p class=\"wp-block-paragraph\">\u201cEn funci\u00f3n de estos ejes trascendentales en la vida p\u00fablica de nuestro pa\u00eds es que tenemos listas, ya hasta el momento, m\u00e1s de 50 iniciativas que se van a presentar en el pr\u00f3ximo per\u00edodo ordinario\u201d, inform\u00f3 Geovanna Ba\u00f1uelos de la Torre, coordinadora del Grupo Parlamentario del Partido del Trabajo.<\/p>\n\n\n\n<p class=\"wp-block-paragraph\">&nbsp;Aunado a lo anterior, en su tercer reuni\u00f3n Plenaria, las y los integrantes del PT en el Senado acordaron acompa\u00f1ar en las reformas constitucionales que necesite el Presidente Andr\u00e9s Manuel L\u00f3pez Obrador para continuar con la transformaci\u00f3n del pa\u00eds.<\/p>\n\n\n\n<p class=\"wp-block-paragraph\">&nbsp;Sobre la reforma electoral, Geovanna Ba\u00f1uelos y los legisladores petistas coinciden en la necesidad de construir un nuevo sistema electoral donde se privilegie el consenso y no se vulnere la certeza de los procesos electorales, sin embargo, debe procurarse una administraci\u00f3n m\u00e1s racional de los recursos que se destinaran a los partidos pol\u00edticos.&nbsp;&nbsp;<\/p>\n\n\n\n<p class=\"wp-block-paragraph\">&nbsp;Geovanna Ba\u00f1uelos anunci\u00f3 que su fracci\u00f3n propondr\u00e1 una segunda vuelta en la elecci\u00f3n presidencial, la cual podr\u00eda evitarse con una diferencia de 5 puntos porcentuales entre el primer y segundo lugar y con una votaci\u00f3n superior al 30 por ciento por parte del candidato ganador.<\/p>\n\n\n\n<p class=\"wp-block-paragraph\">En materia de salud y medio ambiente, el Grupo Parlamentario del PT, impulsar\u00e1 la creaci\u00f3n de una nueva Ley Minera integral, que tome en cuenta los tratados internacionales y homologue los temas ambientales, laborales y de seguridad, entre otros.<\/p>\n\n\n\n<figure class=\"wp-block-image\"><img decoding=\"async\" src=\"https:\/\/redsemlac.com\/semmexico\/wp-content\/uploads\/2019\/08\/LEGISLADORES-PETISTAS-2-1024x682.jpg\" alt=\"\" class=\"wp-image-11340\"\/><figcaption><strong><em> Geovanna Ba\u00f1uelos <\/em><\/strong><\/figcaption><\/figure>\n\n\n\n<p class=\"wp-block-paragraph\">En migraci\u00f3n, la coordinadora del PT reitera su llamado a las autoridades mexicanas a exigir un trato digno y respetar los derechos humanos de migrantes, as\u00ed como continuar los esfuerzos de cooperaci\u00f3n para concretar el libre tr\u00e1nsito de personas.<\/p>\n\n\n\n<p class=\"wp-block-paragraph\">La legisladora reconoci\u00f3 que el fen\u00f3meno de la migraci\u00f3n es un tema complejo y preocupa que con fines pol\u00edticos se argumente que sea una amenaza social. En ese sentido inform\u00f3 que sus legisladores presentar\u00e1n diversas modificaciones para garantizar los derechos humanos y asimismo trabajar\u00e1n en la Ley de Asilo al Migrante.<\/p>\n\n\n\n<p class=\"wp-block-paragraph\">En el tema de transparencia y rendici\u00f3n de cuentas, el PT en el Senado presentar\u00e1 una reforma constitucional para establecer nuevos procedimientos para la elecci\u00f3n de Magistrados anticorrupci\u00f3n y titulares de organismos de transparencia y \u00f3rganos de auditor\u00edas en las entidades federativas.<\/p>\n\n\n\n<p class=\"wp-block-paragraph\">Con respecto a los derechos humanos, la fracci\u00f3n parlamentaria propondr\u00e1 una nueva Ley General de Aguas para garantizarla su abasto a toda la poblaci\u00f3n; una reforma constitucional al C\u00f3digo Civil Federal para reconocer la identidad de g\u00e9nero, adem\u00e1s, se impulsar\u00e1 una iniciativa para prevenir, combatir y erradicar el acoso sexual y el hostigamiento laboral, entre otras.<\/p>\n\n\n\n<p class=\"wp-block-paragraph\">Tambi\u00e9n se propondr\u00e1 la expedici\u00f3n de una Ley de Salud Mental, as\u00ed como una reforma a la Ley General de Salud para prohibir las terapias de conversi\u00f3n sexual.<\/p>\n\n\n\n<p class=\"wp-block-paragraph\">Aclar\u00f3 que la bancada del PT en el Senado seguir\u00e1 acompa\u00f1ando las iniciativas de Morena y Encuentro Social, como parte de la coalici\u00f3n legislativa: \u201cJuntos Haremos Historia\u201d.<\/p>\n\n\n\n<p class=\"wp-block-paragraph\">\u201cHabremos de defender, como lo hemos hecho hasta el momento, con mucha dignidad, a trav\u00e9s del debate, con mucha responsabilidad, la agenda que es prioritaria para nuestro partido pol\u00edtico\u201d, indic\u00f3.\u00a0<\/p>\n\n\n\n<p class=\"wp-block-paragraph\">SEM\/GR<\/p>\n","protected":false},"excerpt":{"rendered":"<p>Reforma constitucional al C\u00f3digo Civil Federal para reconocer la identidad de g\u00e9nero, adem\u00e1s, se impulsar\u00e1 una iniciativa para prevenir, combatir y erradicar el acoso sexual y el hostigamiento laboral<\/p>\n","protected":false},"author":3,"featured_media":11341,"comment_status":"open","ping_status":"open","sticky":false,"template":"","format":"standard","meta":{"_monsterinsights_skip_tracking":false,"footnotes":""},"categories":[690,50],"tags":[],"class_list":["post-11339","post","type-post","status-publish","format-standard","has-post-thumbnail","category-690","category-congreso"],"_links":{"self":[{"href":"https:\/\/redsemlac.com\/semmexico\/wp-json\/wp\/v2\/posts\/11339","targetHints":{"allow":["GET"]}}],"collection":[{"href":"https:\/\/redsemlac.com\/semmexico\/wp-json\/wp\/v2\/posts"}],"about":[{"href":"https:\/\/redsemlac.com\/semmexico\/wp-json\/wp\/v2\/types\/post"}],"author":[{"embeddable":true,"href":"https:\/\/redsemlac.com\/semmexico\/wp-json\/wp\/v2\/users\/3"}],"replies":[{"embeddable":true,"href":"https:\/\/redsemlac.com\/semmexico\/wp-json\/wp\/v2\/comments?post=11339"}],"version-history":[{"count":0,"href":"https:\/\/redsemlac.com\/semmexico\/wp-json\/wp\/v2\/posts\/11339\/revisions"}],"wp:featuredmedia":[{"embeddable":true,"href":"https:\/\/redsemlac.com\/semmexico\/wp-json\/wp\/v2\/media\/11341"}],"wp:attachment":[{"href":"https:\/\/redsemlac.com\/semmexico\/wp-json\/wp\/v2\/media?parent=11339"}],"wp:term":[{"taxonomy":"category","embeddable":true,"href":"https:\/\/redsemlac.com\/semmexico\/wp-json\/wp\/v2\/categories?post=11339"},{"taxonomy":"post_tag","embeddable":true,"href":"https:\/\/redsemlac.com\/semmexico\/wp-json\/wp\/v2\/tags?post=11339"}],"curies":[{"name":"wp","href":"https:\/\/api.w.org\/{rel}","templated":true}]}}