{"id":11313,"date":"2019-08-27T01:31:07","date_gmt":"2019-08-27T01:31:07","guid":{"rendered":"https:\/\/redsemlac.com\/semmexico\/?p=11313"},"modified":"2023-07-21T14:52:56","modified_gmt":"2023-07-21T19:52:56","slug":"oaxaca-29","status":"publish","type":"post","link":"https:\/\/redsemlac.com\/semmexico\/oaxaca-29\/","title":{"rendered":"Sin resultados AVG en Oaxaca, denuncian organizaciones"},"content":{"rendered":"\n<p class=\"wp-block-paragraph\"><strong>*\nEl 31 de agosto cumple un a\u00f1o de haber sido decretada<\/strong><\/p>\n\n\n\n<p class=\"wp-block-paragraph\"><strong>*\nDesde entonces y hasta hoy han ocurrido 124 asesinatos violentos contra mujeres<\/strong><\/p>\n\n\n\n<p class=\"wp-block-paragraph\"><strong>Soledad\nJarqu\u00edn Edgar<\/strong><\/p>\n\n\n\n<p class=\"wp-block-paragraph\"><em>-Primera\nParte-<\/em><\/p>\n\n\n\n<p class=\"wp-block-paragraph\">SemM\u00e9xico,\nOaxaca, 26 agosto 2019.- A unos d\u00edas de que se cumpla un a\u00f1o de la declaratoria\nde Alerta de Violencia de G\u00e9nero para Mujeres en Oaxaca (AVGM), las\norganizaciones sociales se\u00f1alan que no ha dado ning\u00fan resultado y, por el\ncontrario, desde entonces hasta ahora, ha costado la vida a 124 mujeres en\nOaxaca.<\/p>\n\n\n\n<p class=\"wp-block-paragraph\">Entrevistadas\npor separado, Ang\u00e9lica Ayala Ortiz, del Grupo de Estudios sobre la Mujer Rosario\nCastellanos, y Y\u00e9sica S\u00e1nchez Maya, de Consorcio Oaxaca, informan que mujeres\norganizadas realizar\u00e1n una actividad el pr\u00f3ximo viernes 30 de agosto en el\nandador tur\u00edstico, frente al templo de Santo Domingo, a partir de las 12 horas,\ndonde tambi\u00e9n se har\u00e1 un pronunciamiento desde la sociedad civil organizada.<\/p>\n\n\n\n<div class=\"wp-block-image\"><figure class=\"alignleft is-resized\"><img loading=\"lazy\" decoding=\"async\" src=\"https:\/\/redsemlac.com\/semmexico\/wp-content\/uploads\/2019\/08\/angelica-1.png\" alt=\"\" class=\"wp-image-11314\" width=\"278\" height=\"296\"\/><figcaption> <strong><em>Ang\u00e9lica Ayala Ortiz <\/em><\/strong><\/figcaption><\/figure><\/div>\n\n\n\n<p class=\"wp-block-paragraph\">Datos\nemitidos hoy por Consorcio para el Di\u00e1logo Parlamentario y la Equidad Oaxaca\nexplican que el 31 de agosto se cumplir\u00e1 un a\u00f1o de la Alerta en Oaxaca, misma\nque se\u00f1alaba a 40 municipios, y de acuerdo con la\nSecretaria de Gobernaci\u00f3n a trav\u00e9s de la Comisi\u00f3n Nacional para Prevenir&nbsp; y Erradicar la Violencia contra las Mujeres\n(CONAVIM) estableci\u00f3 21 resolutivos en Oaxaca&nbsp;\nentre medidas de seguridad, justicia y reparaci\u00f3n y prevenci\u00f3n, a los\ncuales el gobierno de Oaxaca deber\u00e1 dar cumplimiento.<\/p>\n\n\n\n<p class=\"wp-block-paragraph\">En ese sentido, S\u00e1nchez Maya afirm\u00f3\nque la respuesta de las autoridades hasta hoy dejan mucho que desear y asegur\u00f3\nque una falla principal del gobierno que encabeza Alejandro Murat Hinojosa es\nno haber asumido erradicar la violencia de g\u00e9nero como una agenda prioritaria.<\/p>\n\n\n\n<div class=\"wp-block-image\"><figure class=\"alignleft is-resized\"><img loading=\"lazy\" decoding=\"async\" src=\"https:\/\/redsemlac.com\/semmexico\/wp-content\/uploads\/2019\/08\/YESICA-2.jpg\" alt=\"\" class=\"wp-image-11315\" width=\"315\" height=\"178\"\/><figcaption> <strong><em>Y\u00e9sica S\u00e1nchez Maya<\/em><\/strong> <\/figcaption><\/figure><\/div>\n\n\n\n<p class=\"wp-block-paragraph\">A su vez, Ayala Ortiz del GESMujer\ndijo a SemM\u00e9xico que la declaratoria dio la oportunidad de poner la mirada en la\nviolencia feminicida, sin embargo, m\u00e1s all\u00e1 de visibilizar el problema, no hay\nresultados que celebrar.<\/p>\n\n\n\n<p class=\"wp-block-paragraph\">La\ndirectora del GESMujer expone que el n\u00famero de feminicidios cometidos en\nOaxaca, tras declararse la AVGM sit\u00faa a Oaxaca en un entorno social feminicida,\ny coincide con S\u00e1nchez Maya en afirmar que lo que se ha demostrado por acciones\nu omisiones, incapacidad para garantizar la protecci\u00f3n a la vida de las\noaxaque\u00f1as, \u201cpor lo tanto la violencia institucional representa una de las\nprincipales y m\u00e1s graves violencias que enfrentamos las mujeres\u201d, dijo Ayala\nOrtiz.<\/p>\n\n\n\n<p class=\"wp-block-paragraph\">S\u00e1nchez\nMaya asegura tambi\u00e9n que en Oaxaca \u201cse recibi\u00f3\u201d el decreto de la AVGM, misma\nque \u201csolo ha servido para eventos p\u00fablicos, simulaciones donde ha habido una\nincapacidad de convocar los 40 municipios que tendr\u00edan que implementar acciones\nduras\u201d.<\/p>\n\n\n\n<p class=\"wp-block-paragraph\">\u201cHace\nunos d\u00edas nos enteramos de una reuni\u00f3n de la titular de la Secretar\u00eda de las\nMujeres de Oaxaca (Ana V\u00e1squez Colmenares) con representantes del Congreso\nlocal, reuniones e informaci\u00f3n que se quedan entre cuatro paredes, sin que\nsepamos los indicadores de resultados o impactos obtenidos\u201d y cuestion\u00f3 que los\nactos implican compra de flores y la renta de espacios caros, \u201cdonde se ha negado\nla voz a las madres de las v\u00edctimas del feminicidio\u201d, dijo en referencia a un\nacto realizado en septiembre de 2018, donde Zoila Bengoechea solicit\u00f3 la\npalabra y le fue negada.<\/p>\n\n\n\n<p class=\"wp-block-paragraph\">Ang\u00e9lica\nAyala Ortiz explica que, a casi un a\u00f1o de la\nDeclaratoria, los discursos gubernamentales se contradicen con la realidad,\ndonde es evidente la falta de voluntad y sensibilidad pol\u00edtica para reconocer\nla problem\u00e1tica, neg\u00e1ndose a iniciar cada investigaci\u00f3n bajo el protocolo de\nfeminicidio, que es una medida fundamental para comprender el contexto social,\ncultural y normativo en que sucede la violencia feminicida.<\/p>\n\n\n\n<p class=\"wp-block-paragraph\">Y generar modelos de intervenci\u00f3n m\u00e1s asertivos que demuestren en\nlos hechos capacidad para atender la problem\u00e1tica, \u201cpero si de inicio no hay ni\nla voluntad para tipificar el delito, el mensaje que est\u00e1 dando en los\ndiferentes niveles de gobierno es que la vida de las mujeres no vale y que la\nimpunidad es el sello que marcar\u00e1 a la actual administraci\u00f3n de Alejandro Murat\u201d.<\/p>\n\n\n\n<p class=\"wp-block-paragraph\"><\/p>\n","protected":false},"excerpt":{"rendered":"<p> El 31 de agosto cumple un a\u00f1o de haber sido decretada<\/p>\n","protected":false},"author":3,"featured_media":11316,"comment_status":"open","ping_status":"open","sticky":false,"template":"","format":"standard","meta":{"_monsterinsights_skip_tracking":false,"footnotes":""},"categories":[690,54],"tags":[],"class_list":["post-11313","post","type-post","status-publish","format-standard","has-post-thumbnail","category-690","category-mujeres"],"_links":{"self":[{"href":"https:\/\/redsemlac.com\/semmexico\/wp-json\/wp\/v2\/posts\/11313","targetHints":{"allow":["GET"]}}],"collection":[{"href":"https:\/\/redsemlac.com\/semmexico\/wp-json\/wp\/v2\/posts"}],"about":[{"href":"https:\/\/redsemlac.com\/semmexico\/wp-json\/wp\/v2\/types\/post"}],"author":[{"embeddable":true,"href":"https:\/\/redsemlac.com\/semmexico\/wp-json\/wp\/v2\/users\/3"}],"replies":[{"embeddable":true,"href":"https:\/\/redsemlac.com\/semmexico\/wp-json\/wp\/v2\/comments?post=11313"}],"version-history":[{"count":0,"href":"https:\/\/redsemlac.com\/semmexico\/wp-json\/wp\/v2\/posts\/11313\/revisions"}],"wp:featuredmedia":[{"embeddable":true,"href":"https:\/\/redsemlac.com\/semmexico\/wp-json\/wp\/v2\/media\/11316"}],"wp:attachment":[{"href":"https:\/\/redsemlac.com\/semmexico\/wp-json\/wp\/v2\/media?parent=11313"}],"wp:term":[{"taxonomy":"category","embeddable":true,"href":"https:\/\/redsemlac.com\/semmexico\/wp-json\/wp\/v2\/categories?post=11313"},{"taxonomy":"post_tag","embeddable":true,"href":"https:\/\/redsemlac.com\/semmexico\/wp-json\/wp\/v2\/tags?post=11313"}],"curies":[{"name":"wp","href":"https:\/\/api.w.org\/{rel}","templated":true}]}}