{"id":11298,"date":"2019-08-26T23:16:38","date_gmt":"2019-08-26T23:16:38","guid":{"rendered":"https:\/\/redsemlac.com\/semmexico\/?p=11298"},"modified":"2023-07-21T14:52:56","modified_gmt":"2023-07-21T19:52:56","slug":"consenso-generalizado-sobre-falta-de-eficacia-de-avgm","status":"publish","type":"post","link":"https:\/\/redsemlac.com\/semmexico\/consenso-generalizado-sobre-falta-de-eficacia-de-avgm\/","title":{"rendered":"Consenso generalizado sobre \u201cfalta de eficacia\u201d de AVGM"},"content":{"rendered":"\n<p class=\"wp-block-paragraph\"><strong>* Sostiene senadora\nMicher que no ha sido un mecanismo exitoso<\/strong><\/p>\n\n\n\n<p class=\"wp-block-paragraph\"><strong>* Se deben fincar\nresponsabilidades a autoridades omisas<\/strong><\/p>\n\n\n\n<p class=\"wp-block-paragraph\"><strong>Elda Montiel <\/strong><\/p>\n\n\n\n<p class=\"wp-block-paragraph\">SemM\u00e9xico, Cd. de\nM\u00e9xico, 26 agosto 2019.- La senadora Martha Luc\u00eda Micher se\u00f1al\u00f3 que existe un\nconsenso sobre la falta de eficacia de la Alerta de Violencia de G\u00e9nero, y\npropone revisarla y modificarla Incluso, dijo que, si es necesario crear una\nfigura nueva, hay que hacerlo. <\/p>\n\n\n\n<p class=\"wp-block-paragraph\">La presidenta de la\nComisi\u00f3n de para la Igualdad de G\u00e9nero del Senado se\u00f1al\u00f3 que en la Ley General\nde Acceso de las Mujeres a una Vida Libre de Violencia se concibe a la Alerta\n\u201ccomo el conjunto de acciones gubernamentales de emergencia para enfrentar y\nerradicar la violencia feminicida en un territorio determinado, ya sea ejercida\npor individuos o por la comunidad\u201d.<\/p>\n\n\n\n<p class=\"wp-block-paragraph\">A la fecha,\ndestac\u00f3, se han declarado 18 Alertas de Violencia de G\u00e9nero contra las Mujeres,\ntres m\u00e1s est\u00e1n en proceso y nueve peticiones todav\u00eda no se han declarado. No\nobstante, el consenso de m\u00faltiples reuniones, foro, seminarios, es que no ha\nsido el mecanismo exitoso que se requer\u00eda.&nbsp;\n<\/p>\n\n\n\n<p class=\"wp-block-paragraph\">Dijo que hay que\nrevisar muy a fondo, para garantizar la integridad, vida y libertad de las\nmujeres, as\u00ed como fincar responsabilidades a las autoridades omisas y\nnegligentes, acot\u00f3 la senadora.<\/p>\n\n\n\n<p class=\"wp-block-paragraph\">Entre los problemas\ndel mecanismo de AVG mencion\u00f3 la lentitud para su declaraci\u00f3n, la falta de\nespecializaci\u00f3n de quienes realizan las investigaciones y el traslado de la\ncarga de la prueba a las solicitantes.<\/p>\n\n\n\n<p class=\"wp-block-paragraph\">La poca o nula\nparticipaci\u00f3n de la sociedad civil y peticionarias en el proceso de\nseguimiento, la politizaci\u00f3n del mecanismo por parte de la Comisi\u00f3n para\nPrevenir y Erradicar la Violencia contra las Mujeres (CONAVIM) en \u00e9pocas\npasadas, la falta de involucramiento de la Federaci\u00f3n y la instrumentaci\u00f3n de\nlas medidas para dar cumplimiento a las recomendaciones de la declaratoria de\nAlerta de G\u00e9nero.<\/p>\n\n\n\n<p class=\"wp-block-paragraph\">La\nsenadora Micher Camarena convoc\u00f3 a representantes de organizaciones sociales\npara analizar este mecanismo en una mesa de trabajo en las instalaciones del\nSenado de la Rep\u00fablica, en donde se destac\u00f3 que, en 2018, el Comit\u00e9 de la\nConvenci\u00f3n para la Eliminaci\u00f3n de Toda Discriminaci\u00f3n hacia las Mujeres realiz\u00f3\ndiversas recomendaciones entre las que se encuentran: adoptar medidas urgentes\npara prevenir las muertes violentas, los asesinatos y las desapariciones\nforzadas de mujeres.<\/p>\n\n\n\n<p class=\"wp-block-paragraph\">As\u00ed\ncomo abordar las causas fundamentales de esa violencia, incluida la armada, la\ndelincuencia organizada, el tr\u00e1fico de drogas, los estereotipos\ndiscriminatorios, la pobreza y la marginaci\u00f3n de la mujer.<\/p>\n\n\n\n<p class=\"wp-block-paragraph\">Mientras\nque Mayela Garc\u00eda Ram\u00edrez, de la Red de Investigadoras por la Vida y la\nLibertad de las Mujeres, dijo que la Secretar\u00eda de Gobernaci\u00f3n, a trav\u00e9s de la\nComisi\u00f3n Nacional para Prevenir y Erradicar la Violencia hacia las Mujeres,\ndebe continuar siendo el eje rector en la aplicaci\u00f3n de la Alerta.<\/p>\n\n\n\n<p class=\"wp-block-paragraph\">SEM\/em\/sj<\/p>\n","protected":false},"excerpt":{"rendered":"<p>Sostiene senadora Micher que no ha sido un mecanismo exitoso<\/p>\n","protected":false},"author":3,"featured_media":11299,"comment_status":"open","ping_status":"open","sticky":false,"template":"","format":"standard","meta":{"_monsterinsights_skip_tracking":false,"footnotes":""},"categories":[690,50],"tags":[],"class_list":["post-11298","post","type-post","status-publish","format-standard","has-post-thumbnail","category-690","category-congreso"],"_links":{"self":[{"href":"https:\/\/redsemlac.com\/semmexico\/wp-json\/wp\/v2\/posts\/11298","targetHints":{"allow":["GET"]}}],"collection":[{"href":"https:\/\/redsemlac.com\/semmexico\/wp-json\/wp\/v2\/posts"}],"about":[{"href":"https:\/\/redsemlac.com\/semmexico\/wp-json\/wp\/v2\/types\/post"}],"author":[{"embeddable":true,"href":"https:\/\/redsemlac.com\/semmexico\/wp-json\/wp\/v2\/users\/3"}],"replies":[{"embeddable":true,"href":"https:\/\/redsemlac.com\/semmexico\/wp-json\/wp\/v2\/comments?post=11298"}],"version-history":[{"count":0,"href":"https:\/\/redsemlac.com\/semmexico\/wp-json\/wp\/v2\/posts\/11298\/revisions"}],"wp:featuredmedia":[{"embeddable":true,"href":"https:\/\/redsemlac.com\/semmexico\/wp-json\/wp\/v2\/media\/11299"}],"wp:attachment":[{"href":"https:\/\/redsemlac.com\/semmexico\/wp-json\/wp\/v2\/media?parent=11298"}],"wp:term":[{"taxonomy":"category","embeddable":true,"href":"https:\/\/redsemlac.com\/semmexico\/wp-json\/wp\/v2\/categories?post=11298"},{"taxonomy":"post_tag","embeddable":true,"href":"https:\/\/redsemlac.com\/semmexico\/wp-json\/wp\/v2\/tags?post=11298"}],"curies":[{"name":"wp","href":"https:\/\/api.w.org\/{rel}","templated":true}]}}