{"id":11246,"date":"2019-08-26T17:20:10","date_gmt":"2019-08-26T17:20:10","guid":{"rendered":"https:\/\/redsemlac.com\/semmexico\/?p=11246"},"modified":"2023-07-21T14:52:58","modified_gmt":"2023-07-21T19:52:58","slug":"eleccion-de-monica-fernandez-proceso-ejemplar-dice-monreal","status":"publish","type":"post","link":"https:\/\/redsemlac.com\/semmexico\/eleccion-de-monica-fernandez-proceso-ejemplar-dice-monreal\/","title":{"rendered":"Elecci\u00f3n de M\u00f3nica Fern\u00e1ndez, proceso ejemplar, dice Monreal"},"content":{"rendered":"\n<p class=\"wp-block-paragraph\"><strong>* La tabasque\u00f1a fue electa por unanimidad<\/strong><\/p>\n\n\n\n<p class=\"wp-block-paragraph\"><strong>* \u201c<\/strong><strong>Decidimos cerrar filas por la unidad de Morena\u201d<\/strong><\/p>\n\n\n\n<p class=\"wp-block-paragraph\"><strong>Redacci\u00f3n<\/strong><strong><\/strong><\/p>\n\n\n\n<p class=\"wp-block-paragraph\">SemM\u00e9xico, Cd. de M\u00e9xico,\n26 agosto 2019.- La elecci\u00f3n de la presidencia de la Mesa Directiva del Senado\nde la Rep\u00fablica se realiz\u00f3 de manera ejemplar y ante un notario p\u00fablico que\natestigu\u00f3 los hechos, se\u00f1al\u00f3 Ricardo Monreal \u00c1vila, coordinador del Grupo\nParlamentario de Morena.<\/p>\n\n\n\n<p class=\"wp-block-paragraph\">Detall\u00f3 que la renovaci\u00f3n\nde la Mesa Directiva, que estar\u00e1 encabezada por la senadora tabasque\u00f1a M\u00f3nica\nFern\u00e1ndez, fue un proceso en el que predomin\u00f3 el consenso, pues la elecci\u00f3n se\ndio por unanimidad.<\/p>\n\n\n\n<p class=\"wp-block-paragraph\">Al aclarar la\nparticipaci\u00f3n de las legisladoras del Partido Encuentro Social (PES) en la\nelecci\u00f3n, dijo que \u201csiempre han acompa\u00f1ado las decisiones de Morena y contaban\ncon la autorizaci\u00f3n del coordinador de la bancada y del presidente de la Mesa\nDirectiva, Mart\u00ed Batres para participar en este proceso.&nbsp;<\/p>\n\n\n\n<p class=\"wp-block-paragraph\">El legislador zacatecano\nindic\u00f3 que las y los senadores decidieron no ir al pleito ni a la\nconfrontaci\u00f3n. \u201cDecidimos cerrar filas por la unidad de Morena\u201d, remarc\u00f3 en un\nmensaje en redes sociales.<\/p>\n\n\n\n<p class=\"wp-block-paragraph\">Ahora se debe actuar con\nmadurez, serenidad y tolerancia. \u201cNo vamos a responder ataques ni\ndescalificaciones vamos a convocar a la unidad y a la tolerancia\u201d, apunt\u00f3.<\/p>\n\n\n\n<p class=\"wp-block-paragraph\">En este nuevo r\u00e9gimen, el\n<em>\u201chombre p\u00fablico\u201d<\/em> est\u00e1 sujeto al\nescrutinio, a la descalificaci\u00f3n, a la infamia y a la calumnia. \u201cDebemos actuar\ncon altura de miras, con prudencia y con serenidad, por el bien del pa\u00eds y de\nMorena\u201d, puntualiz\u00f3.<br>\n<br>\n<\/p>\n\n\n\n<p class=\"wp-block-paragraph\">SEM\/sj<\/p>\n","protected":false},"excerpt":{"rendered":"<p> La tabasque\u00f1a fue electa por unanimidad\ufeff<\/p>\n","protected":false},"author":3,"featured_media":11247,"comment_status":"open","ping_status":"open","sticky":false,"template":"","format":"standard","meta":{"_monsterinsights_skip_tracking":false,"footnotes":""},"categories":[690,50],"tags":[],"class_list":["post-11246","post","type-post","status-publish","format-standard","has-post-thumbnail","category-690","category-congreso"],"_links":{"self":[{"href":"https:\/\/redsemlac.com\/semmexico\/wp-json\/wp\/v2\/posts\/11246","targetHints":{"allow":["GET"]}}],"collection":[{"href":"https:\/\/redsemlac.com\/semmexico\/wp-json\/wp\/v2\/posts"}],"about":[{"href":"https:\/\/redsemlac.com\/semmexico\/wp-json\/wp\/v2\/types\/post"}],"author":[{"embeddable":true,"href":"https:\/\/redsemlac.com\/semmexico\/wp-json\/wp\/v2\/users\/3"}],"replies":[{"embeddable":true,"href":"https:\/\/redsemlac.com\/semmexico\/wp-json\/wp\/v2\/comments?post=11246"}],"version-history":[{"count":0,"href":"https:\/\/redsemlac.com\/semmexico\/wp-json\/wp\/v2\/posts\/11246\/revisions"}],"wp:featuredmedia":[{"embeddable":true,"href":"https:\/\/redsemlac.com\/semmexico\/wp-json\/wp\/v2\/media\/11247"}],"wp:attachment":[{"href":"https:\/\/redsemlac.com\/semmexico\/wp-json\/wp\/v2\/media?parent=11246"}],"wp:term":[{"taxonomy":"category","embeddable":true,"href":"https:\/\/redsemlac.com\/semmexico\/wp-json\/wp\/v2\/categories?post=11246"},{"taxonomy":"post_tag","embeddable":true,"href":"https:\/\/redsemlac.com\/semmexico\/wp-json\/wp\/v2\/tags?post=11246"}],"curies":[{"name":"wp","href":"https:\/\/api.w.org\/{rel}","templated":true}]}}