{"id":11243,"date":"2019-08-26T16:08:13","date_gmt":"2019-08-26T16:08:13","guid":{"rendered":"https:\/\/redsemlac.com\/semmexico\/?p=11243"},"modified":"2023-07-21T14:52:58","modified_gmt":"2023-07-21T19:52:58","slug":"amlo-debe-considerar-al-feminicidio-como-asunto-de-seguridad-nacional","status":"publish","type":"post","link":"https:\/\/redsemlac.com\/semmexico\/amlo-debe-considerar-al-feminicidio-como-asunto-de-seguridad-nacional\/","title":{"rendered":"Amlo debe considerar al feminicidio como asunto de seguridad nacional"},"content":{"rendered":"\n<p class=\"wp-block-paragraph\"><strong>Diputada asegura que el asesinato de mujeres se ha duplicado en 4 a\u00f1os.<\/strong><\/p>\n\n\n\n<p class=\"wp-block-paragraph\"><strong>Sostiene que suceden m\u00e1s de dos asesinatos cada hora<\/strong><\/p>\n\n\n\n<p class=\"wp-block-paragraph\"> <strong>Redacci\u00f3n<\/strong><\/p>\n\n\n\n<p class=\"wp-block-paragraph\">SemM\u00e9xico.\nCiudad de M\u00e9xico. 26 de agosto 2019.- El presidente de la Rep\u00fablica, Andr\u00e9s Manuel\nL\u00f3pez Obrador debe decretar que el feminicidio en M\u00e9xico debe declararlo como\nun Asunto de Seguridad&nbsp; Nacional&nbsp; a fin de lograr la estabilidad pol\u00edtica y\nsocial, propuso la diputada Dionicia V\u00e1zquez Garc\u00eda, del Grupo Parlamentario\ndel Partido del Trabajo.<\/p>\n\n\n\n<p class=\"wp-block-paragraph\">Su &nbsp;proposici\u00f3n con punto de acuerdo, fue turnada a\nla Primera Comisi\u00f3n de Gobernaci\u00f3n, Puntos Constitucionales y de Justicia, de\nla Comisi\u00f3n Permanente que sesiona en el Senado.<\/p>\n\n\n\n<p class=\"wp-block-paragraph\"><br>\nSostuvo que &nbsp;la mitad de la poblaci\u00f3n de mujeres y ni\u00f1as&nbsp; en nuestro pa\u00eds &nbsp;est\u00e1 en un riesgo latente de violencia de\ng\u00e9nero. Y que de acuerdo con Amnist\u00eda Internacional, M\u00e9xico ocupa el primer\nlugar con feminicidios en Latinoam\u00e9rica. Tan s\u00f3lo durante el primer bimestre\ndel 2019, se registraron en nuestro pa\u00eds 568 asesinatos contra mujeres, de los\ncuales s\u00f3lo 147 son investigados como feminicidios.&nbsp;<\/p>\n\n\n\n<p class=\"wp-block-paragraph\">La\nproposici\u00f3n recoge las &nbsp;palabras de Olga\nS\u00e1nchez Cordero, Secretaria de Gobernaci\u00f3n y encargada de la pol\u00edtica interior\ndel pa\u00eds, que habr\u00eda se\u00f1alado que &nbsp;en\nM\u00e9xico \u00abal menos nueve mujeres y ni\u00f1as son asesinadas por d\u00eda, muchas s\u00f3lo\npor el hecho de ser mujeres; en 2018 se registr\u00f3 la&nbsp; cifra de tres mil 580 v\u00edctimas\u00bb, es\ndecir &nbsp;\u00abcada 160 minutos \u2013m\u00e1s de dos\ncada hora- una mujer o una ni\u00f1a es asesinada en manos de conocidos o en el\nespacio p\u00fablico comunitario, sin importar d\u00f3nde\u00bb.&nbsp;<\/p>\n\n\n\n<p class=\"wp-block-paragraph\">La\nproposici\u00f3n tambi\u00e9n argumenta&nbsp; que \u201cestamos\nante una tendencia nacional creciente de feminicidios\u201d, seg\u00fan la diputada los\nasesinatos &nbsp;se han duplicado en cuatro\na\u00f1os y en el primer semestre de 2019 ya alcanzaron la cifra total de todo\n2015.&nbsp;<\/p>\n\n\n\n<p class=\"wp-block-paragraph\">Por ello &nbsp;urge al Gobierno Federal a plantarse a la\nviolencia por razones de g\u00e9nero en sus todas las modalidades: \u00edntimo, no\n\u00edntimo, infantil, familiar, por conexi\u00f3n, sexual sist\u00e9mico, sexual sist\u00e9mico\ndesorganizado, sexual sist\u00e9mico organizado, por prostituci\u00f3n o por ocupaciones\nestigmatizadas, por trata, por tr\u00e1fico, transf\u00f3bico, lesbof\u00f3bico, racista,\nentre otras modalidades delictivas que transgreden la vida digna de las mujeres\ny las ni\u00f1as, detall\u00f3.<\/p>\n\n\n\n<p class=\"wp-block-paragraph\">Adem\u00e1s,\nindica que estamos ante un fen\u00f3meno de dimensiones may\u00fasculas, donde las\ninstituciones del Estado ya&nbsp; fueron &nbsp;rebasadas. En virtud de lo anterior, expresa\nque el titular del Poder Ejecutivo debe considerar al feminicidio como un\nasunto de Seguridad Nacional.<\/p>\n\n\n\n<p class=\"wp-block-paragraph\">La\nproposici\u00f3n con punto de acuerdo fue turnada directamente a la Primera Comisi\u00f3n\nde Gobernaci\u00f3n, Puntos Constitucionales y de Justicia, de la Comisi\u00f3n\nPermanente.<\/p>\n","protected":false},"excerpt":{"rendered":"<p>Diputada asegura que el asesinato de mujeres se ha duplicado en 4 a\u00f1os.<\/p>\n","protected":false},"author":3,"featured_media":11244,"comment_status":"open","ping_status":"open","sticky":false,"template":"","format":"standard","meta":{"_monsterinsights_skip_tracking":false,"footnotes":""},"categories":[690,50],"tags":[],"class_list":["post-11243","post","type-post","status-publish","format-standard","has-post-thumbnail","category-690","category-congreso"],"_links":{"self":[{"href":"https:\/\/redsemlac.com\/semmexico\/wp-json\/wp\/v2\/posts\/11243","targetHints":{"allow":["GET"]}}],"collection":[{"href":"https:\/\/redsemlac.com\/semmexico\/wp-json\/wp\/v2\/posts"}],"about":[{"href":"https:\/\/redsemlac.com\/semmexico\/wp-json\/wp\/v2\/types\/post"}],"author":[{"embeddable":true,"href":"https:\/\/redsemlac.com\/semmexico\/wp-json\/wp\/v2\/users\/3"}],"replies":[{"embeddable":true,"href":"https:\/\/redsemlac.com\/semmexico\/wp-json\/wp\/v2\/comments?post=11243"}],"version-history":[{"count":0,"href":"https:\/\/redsemlac.com\/semmexico\/wp-json\/wp\/v2\/posts\/11243\/revisions"}],"wp:featuredmedia":[{"embeddable":true,"href":"https:\/\/redsemlac.com\/semmexico\/wp-json\/wp\/v2\/media\/11244"}],"wp:attachment":[{"href":"https:\/\/redsemlac.com\/semmexico\/wp-json\/wp\/v2\/media?parent=11243"}],"wp:term":[{"taxonomy":"category","embeddable":true,"href":"https:\/\/redsemlac.com\/semmexico\/wp-json\/wp\/v2\/categories?post=11243"},{"taxonomy":"post_tag","embeddable":true,"href":"https:\/\/redsemlac.com\/semmexico\/wp-json\/wp\/v2\/tags?post=11243"}],"curies":[{"name":"wp","href":"https:\/\/api.w.org\/{rel}","templated":true}]}}