{"id":11226,"date":"2019-08-23T21:43:41","date_gmt":"2019-08-23T21:43:41","guid":{"rendered":"https:\/\/redsemlac.com\/semmexico\/?p=11226"},"modified":"2023-07-21T14:52:58","modified_gmt":"2023-07-21T19:52:58","slug":"buscan-tipificar-los-crimenes-de-odio-en-jalisco","status":"publish","type":"post","link":"https:\/\/redsemlac.com\/semmexico\/buscan-tipificar-los-crimenes-de-odio-en-jalisco\/","title":{"rendered":"Buscan tipificar los cr\u00edmenes de odio en Jalisco"},"content":{"rendered":"\n<p class=\"wp-block-paragraph\">Analy Nu\u00f1o <\/p>\n\n\n\n<p class=\"wp-block-paragraph\">SemM\u00e9xico. Guadalajara, Jalisco. 23 de agosto de 2019.-\u00a0\u00a0La bancada del PRI en Jalisco present\u00f3 una iniciativa de reforma al C\u00f3digo Penal para tipificar los cr\u00edmenes de odio e incrementar hasta 50 por ciento las penas a quien lo cometa.\u00a0<\/p>\n\n\n\n<p class=\"wp-block-paragraph\">La diputada local Mariana Fern\u00e1ndez, coordinadora del grupo parlamentario del PRI, junto con la diputada Sof\u00eda Garc\u00eda Mosqueda, present\u00f3 la iniciativa que reforma el art\u00edculo 219 del C\u00f3digo Penal, en relaci\u00f3n a las&nbsp;Reglas Comunes para los Delitos de Lesiones y Homicidios.&nbsp;<\/p>\n\n\n\n<p class=\"wp-block-paragraph\">La propuesta establece como grupos vulnerables a cr\u00edmenes de odio aquellos que sean lesionados o v\u00edctimas de homicidio derivado de sus preferencias sexuales, expresi\u00f3n de g\u00e9nero, condici\u00f3n social o econ\u00f3mica, origen \u00e9tnico, apariencia, nacionalidad y origen, religi\u00f3n o creencias, color de piel o discapacidad.<\/p>\n\n\n\n<p class=\"wp-block-paragraph\">\u201cHablamos de un reforma al C\u00f3digo Penal para incluir los cr\u00edmenes de odio, existe el delito de feminicidio, pero hoy queremos incluir los cr\u00edmenes de odio. Desgraciadamente ni siquiera es un tema que visibilice la Fiscal\u00eda del Estado, vemos notas periodistas de \u2018matan un hombre vestido de mujer\u2019 o todos los cr\u00edmenes que vemos que se cometen contra la diversidad sexual los ponemos que son pasionales. Queremos visibilizar que hay gente que est\u00e1 matando, que est\u00e1 agrediendo por orientaci\u00f3n sexual, por condici\u00f3n social o por preferencias religiosas distintas, algo que hemos visto mucho estos \u00faltimos d\u00edas\u201d, explic\u00f3 .&nbsp;<\/p>\n\n\n\n<p class=\"wp-block-paragraph\">La iniciativa impulsada por el grupo parlamentario del PRI propone que las penas aumenten 50 por ciento para lesiones y cr\u00edmenes de odio, as\u00ed en el caso de lesiones la pena incrementar\u00eda de 5 a 8 a\u00f1os, mientras que en caso de homicidio de 12 a 18 pasar\u00eda a 20 a 40 a\u00f1os de prisi\u00f3n.<\/p>\n\n\n\n<p class=\"wp-block-paragraph\">\u201cEn la agravante explica muy bien que para acreditar crimen de odio es para la gente que durante el homicidio o la agresi\u00f3n haya manifestado odio hacia a ese grupo o persona, o en sus redes sociales o en sus posicionamientos diarios personales. La agravante se comprueba en las manifestaciones de odio que tengan hacia estos colectivos\u201d, explic\u00f3 Fern\u00e1ndez.<\/p>\n\n\n\n<p class=\"wp-block-paragraph\">En la \u00faltima d\u00e9cada a nivel nacional se han registrado 500 cr\u00edmenes de odio, de los cuales en Jalisco se cometieron m\u00e1s de 100, lo que coloca a la entidad en cuarto lugar a nivel nacional con m\u00e1s casos.<\/p>\n\n\n\n<p class=\"wp-block-paragraph\">\u00danicamente 6 estados a nivel nacional cuentan con una legislaci\u00f3n en cr\u00edmenes de odio, sin embargo, solo Ciudad de M\u00e9xico, Coahuila y Nuevo Le\u00f3n contemplan todos los grupos vulnerables en su legislaci\u00f3n.<\/p>\n","protected":false},"excerpt":{"rendered":"<p>Analy Nu\u00f1o SemM\u00e9xico. Guadalajara, Jalisco. 23 de agosto de 2019.-\u00a0\u00a0La bancada del PRI en Jalisco present\u00f3 una iniciativa de reforma al C\u00f3digo Penal para tipificar los cr\u00edmenes de odio e incrementar hasta 50 por ciento las penas a quien lo cometa.\u00a0 La diputada local Mariana Fern\u00e1ndez, coordinadora del grupo parlamentario del PRI, junto con la [&hellip;]<\/p>\n","protected":false},"author":3,"featured_media":11225,"comment_status":"open","ping_status":"open","sticky":false,"template":"","format":"standard","meta":{"_monsterinsights_skip_tracking":false,"footnotes":""},"categories":[690,50],"tags":[],"class_list":["post-11226","post","type-post","status-publish","format-standard","has-post-thumbnail","category-690","category-congreso"],"_links":{"self":[{"href":"https:\/\/redsemlac.com\/semmexico\/wp-json\/wp\/v2\/posts\/11226","targetHints":{"allow":["GET"]}}],"collection":[{"href":"https:\/\/redsemlac.com\/semmexico\/wp-json\/wp\/v2\/posts"}],"about":[{"href":"https:\/\/redsemlac.com\/semmexico\/wp-json\/wp\/v2\/types\/post"}],"author":[{"embeddable":true,"href":"https:\/\/redsemlac.com\/semmexico\/wp-json\/wp\/v2\/users\/3"}],"replies":[{"embeddable":true,"href":"https:\/\/redsemlac.com\/semmexico\/wp-json\/wp\/v2\/comments?post=11226"}],"version-history":[{"count":0,"href":"https:\/\/redsemlac.com\/semmexico\/wp-json\/wp\/v2\/posts\/11226\/revisions"}],"wp:featuredmedia":[{"embeddable":true,"href":"https:\/\/redsemlac.com\/semmexico\/wp-json\/wp\/v2\/media\/11225"}],"wp:attachment":[{"href":"https:\/\/redsemlac.com\/semmexico\/wp-json\/wp\/v2\/media?parent=11226"}],"wp:term":[{"taxonomy":"category","embeddable":true,"href":"https:\/\/redsemlac.com\/semmexico\/wp-json\/wp\/v2\/categories?post=11226"},{"taxonomy":"post_tag","embeddable":true,"href":"https:\/\/redsemlac.com\/semmexico\/wp-json\/wp\/v2\/tags?post=11226"}],"curies":[{"name":"wp","href":"https:\/\/api.w.org\/{rel}","templated":true}]}}