{"id":11221,"date":"2019-08-23T21:35:55","date_gmt":"2019-08-23T21:35:55","guid":{"rendered":"https:\/\/redsemlac.com\/semmexico\/?p=11221"},"modified":"2023-07-21T14:52:58","modified_gmt":"2023-07-21T19:52:58","slug":"cnte-exige-investigar-asesinato-de-alcaldesa-carmela-parral-santos","status":"publish","type":"post","link":"https:\/\/redsemlac.com\/semmexico\/cnte-exige-investigar-asesinato-de-alcaldesa-carmela-parral-santos\/","title":{"rendered":"CNTE exige investigar asesinato de alcaldesa Carmela Parral Santos"},"content":{"rendered":"\n<p class=\"wp-block-paragraph\">Patricia Brise\u00f1o<\/p>\n\n\n\n<p class=\"wp-block-paragraph\">SemM\u00e9xico. OAXACA, Oax. 23 de agosto de 2019.- La&nbsp;&nbsp;Secci\u00f3n 22 de la Coordinadora Nacional de Trabajadores de la Educaci\u00f3n (CNTE) exigi\u00f3 a la Fiscal\u00eda General del Estado de Oaxaca (FGEO) agilizar la investigaci\u00f3n por el asesinato de su compa\u00f1era, la alcaldesa de San Jos\u00e9 Estancia Grande, Carmela Parral Santos ocurrido al inicio de la semana.<\/p>\n\n\n\n<p class=\"wp-block-paragraph\">El dirigente sostuvo que si bien la Fiscal\u00eda inicio las carpetas de investigaci\u00f3n correspondiente, por este y otros homicidios registradas durante los \u00faltimos a\u00f1os, no se han castigado a los responsables intelectuales y materiales.<\/p>\n\n\n\n<p class=\"wp-block-paragraph\">\u201cNo ha habido resultados\u201d, consider\u00f3.<\/p>\n\n\n\n<p class=\"wp-block-paragraph\">Dijo que sus compa\u00f1eros docentes lo enteraron que la presidenta municipal fallecida , profesora de matem\u00e1ticas e integrante de esta gremial disidente, estuvo presionada por las Secci\u00f3n 59 del Sindicato Nacional de Trabajadores de la Educaci\u00f3n (SNTE), contraparte de la CNTE.<\/p>\n\n\n\n<p class=\"wp-block-paragraph\">Por lo que no descart\u00f3 que el crimen de Parral Santos haya sido cometido por integrantes de esa gremial.<\/p>\n\n\n\n<p class=\"wp-block-paragraph\">A la edil la asesinaron la semana pasada junto con el delegado regional de Protecci\u00f3n Civil, Hugo Castellanos Ortega, en la costa chica de Oaxaca. El&nbsp;&nbsp;doble crimen ocurri\u00f3 la noche del viernes&nbsp;&nbsp;en la poblaci\u00f3n El Fais\u00e1n, municipio de Villa de Tututepec de Melchor Ocampo; los cuerpos estaban dentro de una camioneta con varios disparos de proyectil.<\/p>\n\n\n\n<p class=\"wp-block-paragraph\">Seg\u00fan el conteo de las organizaciones civiles, con los asesinatos ocurridos esta semana, el m\u00e1s reciente ocurri\u00f3 hoy viernes el de Adalberta Luis, de 45 a\u00f1os, en Santo Domingo de Morelos, por disparos con armas de grueso calibre, se elevan a 88 el n\u00famero de muertes violentas de mujeres en Oaxaca, s\u00f3lo en este a\u00f1o.<\/p>\n\n\n\n<p class=\"wp-block-paragraph\">\u00a0El Grupo de Estudios Sobre la Mujer Rosario Castellanos, reporta en el Istmo 25 asesinadas, Cuenca 16, en los Valles Centrales\u00a0\u00a015, la Costa 13 y en\u00a0\u00a0la Mixteca, once fallecidas en condiciones violentas.<\/p>\n","protected":false},"excerpt":{"rendered":"<p>Patricia Brise\u00f1o SemM\u00e9xico. OAXACA, Oax. 23 de agosto de 2019.- La&nbsp;&nbsp;Secci\u00f3n 22 de la Coordinadora Nacional de Trabajadores de la Educaci\u00f3n (CNTE) exigi\u00f3 a la Fiscal\u00eda General del Estado de Oaxaca (FGEO) agilizar la investigaci\u00f3n por el asesinato de su compa\u00f1era, la alcaldesa de San Jos\u00e9 Estancia Grande, Carmela Parral Santos ocurrido al inicio de [&hellip;]<\/p>\n","protected":false},"author":3,"featured_media":11223,"comment_status":"open","ping_status":"open","sticky":false,"template":"","format":"standard","meta":{"_monsterinsights_skip_tracking":false,"footnotes":""},"categories":[690,54],"tags":[],"class_list":["post-11221","post","type-post","status-publish","format-standard","has-post-thumbnail","category-690","category-mujeres"],"_links":{"self":[{"href":"https:\/\/redsemlac.com\/semmexico\/wp-json\/wp\/v2\/posts\/11221","targetHints":{"allow":["GET"]}}],"collection":[{"href":"https:\/\/redsemlac.com\/semmexico\/wp-json\/wp\/v2\/posts"}],"about":[{"href":"https:\/\/redsemlac.com\/semmexico\/wp-json\/wp\/v2\/types\/post"}],"author":[{"embeddable":true,"href":"https:\/\/redsemlac.com\/semmexico\/wp-json\/wp\/v2\/users\/3"}],"replies":[{"embeddable":true,"href":"https:\/\/redsemlac.com\/semmexico\/wp-json\/wp\/v2\/comments?post=11221"}],"version-history":[{"count":0,"href":"https:\/\/redsemlac.com\/semmexico\/wp-json\/wp\/v2\/posts\/11221\/revisions"}],"wp:featuredmedia":[{"embeddable":true,"href":"https:\/\/redsemlac.com\/semmexico\/wp-json\/wp\/v2\/media\/11223"}],"wp:attachment":[{"href":"https:\/\/redsemlac.com\/semmexico\/wp-json\/wp\/v2\/media?parent=11221"}],"wp:term":[{"taxonomy":"category","embeddable":true,"href":"https:\/\/redsemlac.com\/semmexico\/wp-json\/wp\/v2\/categories?post=11221"},{"taxonomy":"post_tag","embeddable":true,"href":"https:\/\/redsemlac.com\/semmexico\/wp-json\/wp\/v2\/tags?post=11221"}],"curies":[{"name":"wp","href":"https:\/\/api.w.org\/{rel}","templated":true}]}}