{"id":11213,"date":"2019-08-23T19:41:38","date_gmt":"2019-08-23T19:41:38","guid":{"rendered":"https:\/\/redsemlac.com\/semmexico\/?p=11213"},"modified":"2023-07-21T14:52:59","modified_gmt":"2023-07-21T19:52:59","slug":"cdmx-13","status":"publish","type":"post","link":"https:\/\/redsemlac.com\/semmexico\/cdmx-13\/","title":{"rendered":"Urgen a la Secretar\u00eda de las Mujeres de la Ciudad de M\u00e9xico, emita la Alerta de G\u00e9nero de forma inmediata"},"content":{"rendered":"\n<p class=\"wp-block-paragraph\"><strong>Redacci\u00f3n<\/strong><\/p>\n\n\n\n<p class=\"wp-block-paragraph\">SemM\u00e9xioc. Cd. de M\u00e9xico. 23 de agosto de 2019.- Justicia Pro Persona A.C. y el Centro de Derechos Humanos Fray Francisco de Vitoria OP, A.C. con el acompa\u00f1amiento del Observatorio Ciudadano Nacional del Feminicidio (OCNF) y la Red Nacional de Organismos Civiles de Derechos Humanos \u201cTodos los Derechos para Todas y Todos\u201d, exigen a la Secretar\u00eda de las Mujeres de la Ciudad de M\u00e9xico, presidida por Gabriela Rodr\u00edguez, solicitar a la Secretar\u00eda de Gobierno de la Ciudad de M\u00e9xico la emisi\u00f3n de la Alerta de G\u00e9nero.<\/p>\n\n\n\n<p class=\"wp-block-paragraph\">Luego de que fuera negada por la Comisi\u00f3n Nacional para Prevenir y Erradicar la Violencia Contra las Mujeres (CONAVIM), al ser solicitada desde el 7 de septiembre de 2017, los casos que acompa\u00f1amos y tal como lo han dejado ver las recientes manifestaciones, la demanda de las mujeres que han sufrido&nbsp;violencia de g\u00e9nero en la Ciudad, exige respuestas contundentes de las autoridades, de todos los niveles de gobierno.<\/p>\n\n\n\n<p class=\"wp-block-paragraph\">Ante la negativa de la CONAVIM, es facultad de la Secretar\u00eda de las Mujeres solicitar la Declaratoria de dicha Alerta de forma inmediata a la Secretar\u00eda de Gobierno, por lo que, como organizaciones peticionarias de la primer solicitud, hoy 23 de agosto&nbsp;&nbsp;entregamos de manera formal ante la Secretar\u00eda de las Mujeres, una carta solicitando haga ejercicio de dicha facultad.<\/p>\n\n\n\n<p class=\"wp-block-paragraph\">Vivir una vida libre de violencia es un derecho humano fundamental, por lo que es arbitrario y contraproducente esperar m\u00e1s tiempo para evaluar medidas, siendo una realidad que desde el a\u00f1o 2017, cuando se realiz\u00f3 la solicitud de la primer Alerta, se inici\u00f3 ya un proceso legal que por mucho tiempo se alarg\u00f3 de manera dilatoria para evitar su emisi\u00f3n, sin embargo, se desarrollaron medidas e indicadores por atender, a las que el Gobierno de la Ciudad de M\u00e9xico tendr\u00eda que apegarse para dar seguimiento puntual a la erradicaci\u00f3n de la violencia de g\u00e9nero,de forma conjunta con organizaciones de la sociedad civil y agrupaciones de mujeres y v\u00edctimas de la violencia.<\/p>\n\n\n\n<p class=\"wp-block-paragraph\">\u201cLa declaratoria inmediata es una oportunidad para encaminar un proceso que a pesar de los avances legislativos e institucionales sigue siendo insuficiente para garantizar los derechos de las mujeres, sin embargo, la Secretar\u00eda de las Mujeres la puede solicitar de manera inmediata, seg\u00fan sus facultades marcadas en la Ley la declaratoria de AVGM en la Ciudad de M\u00e9xico. Esto posibilita la emisi\u00f3n de un mecanismo vinculante que permitir\u00e1 atender de manera integral la violencia feminicida\u201d se\u00f1al\u00f3 el OCNF en un comunicado de prensa.<\/p>\n\n\n\n<p class=\"wp-block-paragraph\">Cabe mencionar que de enero a junio de 2019 fueron asesinadas 1,812 mujeres en el pa\u00eds, es decir, un promedio de 10 mujeres al d\u00eda.<\/p>\n\n\n\n<p class=\"wp-block-paragraph\">\u201cA casi dos a\u00f1os de la solicitud de la Alerta de G\u00e9nero, seguimos exigiendo este mecanismo como una posibilidad para, de manera conjunta con organizaciones y v\u00edctimas, construir acciones que puedan erradicar la violencia contra las mujeres y nos permita vivir de manera plena, libre y segura\u201d.<\/p>\n\n\n\n<p class=\"wp-block-paragraph\">Es urgente, se\u00f1alan las organizaciones, que se tomen decisiones que se traduzcan en hechos que impacten de manera positiva en la vida y seguridad de mujeres, ni\u00f1as y adolescentes que viven o transitan en la Ciudad de M\u00e9xico, dilatar esta decisi\u00f3n significa aumentar la deuda hist\u00f3rica con quienes representamos m\u00e1s de la mitad de la poblaci\u00f3n.<br><\/p>\n","protected":false},"excerpt":{"rendered":"<p>Ante la negativa de la CONAVIM, es facultad de la Secretar\u00eda de las Mujeres solicitar la Declaratoria de dicha Alerta de forma inmediata a la Secretar\u00eda de Gobierno<\/p>\n","protected":false},"author":3,"featured_media":11214,"comment_status":"open","ping_status":"open","sticky":false,"template":"","format":"standard","meta":{"_monsterinsights_skip_tracking":false,"footnotes":""},"categories":[690,54],"tags":[],"class_list":["post-11213","post","type-post","status-publish","format-standard","has-post-thumbnail","category-690","category-mujeres"],"_links":{"self":[{"href":"https:\/\/redsemlac.com\/semmexico\/wp-json\/wp\/v2\/posts\/11213","targetHints":{"allow":["GET"]}}],"collection":[{"href":"https:\/\/redsemlac.com\/semmexico\/wp-json\/wp\/v2\/posts"}],"about":[{"href":"https:\/\/redsemlac.com\/semmexico\/wp-json\/wp\/v2\/types\/post"}],"author":[{"embeddable":true,"href":"https:\/\/redsemlac.com\/semmexico\/wp-json\/wp\/v2\/users\/3"}],"replies":[{"embeddable":true,"href":"https:\/\/redsemlac.com\/semmexico\/wp-json\/wp\/v2\/comments?post=11213"}],"version-history":[{"count":0,"href":"https:\/\/redsemlac.com\/semmexico\/wp-json\/wp\/v2\/posts\/11213\/revisions"}],"wp:featuredmedia":[{"embeddable":true,"href":"https:\/\/redsemlac.com\/semmexico\/wp-json\/wp\/v2\/media\/11214"}],"wp:attachment":[{"href":"https:\/\/redsemlac.com\/semmexico\/wp-json\/wp\/v2\/media?parent=11213"}],"wp:term":[{"taxonomy":"category","embeddable":true,"href":"https:\/\/redsemlac.com\/semmexico\/wp-json\/wp\/v2\/categories?post=11213"},{"taxonomy":"post_tag","embeddable":true,"href":"https:\/\/redsemlac.com\/semmexico\/wp-json\/wp\/v2\/tags?post=11213"}],"curies":[{"name":"wp","href":"https:\/\/api.w.org\/{rel}","templated":true}]}}