{"id":11205,"date":"2019-08-23T19:13:26","date_gmt":"2019-08-23T19:13:26","guid":{"rendered":"https:\/\/redsemlac.com\/semmexico\/?p=11205"},"modified":"2023-07-21T14:52:59","modified_gmt":"2023-07-21T19:52:59","slug":"ley-mordaza-en-inmujeres-restringe-a-consejeras-en-la-junta-de-gobierno","status":"publish","type":"post","link":"https:\/\/redsemlac.com\/semmexico\/ley-mordaza-en-inmujeres-restringe-a-consejeras-en-la-junta-de-gobierno\/","title":{"rendered":"Ley Mordaza en INMUJERES, restringe a consejeras en la Junta de Gobierno"},"content":{"rendered":"\n<p class=\"wp-block-paragraph\"><strong>Cambios de estructura con nueva direcci\u00f3n para Teresa Incha\u00fastegui Romero<\/strong><\/p>\n\n\n\n<p class=\"wp-block-paragraph\"><strong>Sara Lovera<\/strong><\/p>\n\n\n\n<p class=\"wp-block-paragraph\">SemM\u00e9xico. Cd. de M\u00e9xico. 23 de agosto de 2019.- Consejeras Sociales del Instituto Nacional de las Mujeres (Inmujeres) informaron que un nuevo Reglamento de la Junta de Gobierno del Instituto intenta restringir la participaci\u00f3n de los consejos ciudadanos, a este intento le llamaron ley \u201cmordaza\u201d. Y advirtieron que se busca eliminar a las consejeras en reformas que se discuten en la C\u00e1mara de Diputados, porque \u201cno les somos \u00fatiles\u201d.<\/p>\n\n\n\n<p class=\"wp-block-paragraph\">Por ahora \u201cse par\u00f3\u201d el reglamento, los consejos no lo aprobaron y se pidi\u00f3 di\u00e1logo para analizar art\u00edculo por art\u00edculo.&nbsp;&nbsp;En la tercera sesi\u00f3n de la Junta de Gobierno de esta semana los consejos se dividieron en votaci\u00f3n en asuntos sustantivos, a pesar de ello, votaron cambios estructurales -menos oficinas, menos personal, menos dinero- y, pero se dividieron en asuntos sustanciales.<\/p>\n\n\n\n<p class=\"wp-block-paragraph\">Dijeron, adem\u00e1s, que la Junta de Gobierno est\u00e1 en manos de la senadora morenista Martha Luc\u00eda Micher Camarena conocida como Mal\u00fa, presidenta de la Comisi\u00f3n de Igualdad y ex directora del Instituto de las Mujeres en el antiguo Distrito Federal, quien afirman, dirige la Junta de Gobierno, sin respeto institucional, ya que se confunde ejecutivo con legislativo. Tambi\u00e9n, aseguran, toma decisiones en Inmujeres y coloca a funcionarias \u201camigas\u201d.<\/p>\n\n\n\n<p class=\"wp-block-paragraph\">Algunas consejeras advirtieron que se busca la desaparici\u00f3n de los consejos ciudadanos en las reformas a la ley del Instituto, por lo que se instal\u00f3 una mesa entre consejeras y las integrantes de la Comisi\u00f3n de Igualdad de la C\u00e1mara de Diputados que preside Mar\u00eda Wendy Brice\u00f1o Zuloaga, donde ya se propone la desaparici\u00f3n de la participaci\u00f3n ciudadana.<\/p>\n\n\n\n<p class=\"wp-block-paragraph\">Esa es una tendencia nacional, cuando se crean secretar\u00edas en lugar de Institutos. As\u00ed lo record\u00f3 Guadalupe Ramos, de CLADEM, quien encabez\u00f3 la defensa del Instituto en Jalisco, adem\u00e1s una similar situaci\u00f3n se discute hoy en el estado de Puebla.<\/p>\n\n\n\n<p class=\"wp-block-paragraph\">Durante la tercera sesi\u00f3n ordinaria de 2019 de la Junta de Gobierno del Inmujeres, el mi\u00e9rcoles pasado, se anunci\u00f3 una reestructuraci\u00f3n org\u00e1nica y administrativa en ese instituto, y se nombr\u00f3 a la doctora Teresa Incha\u00fastegui Romero, como responsable de la nueva Direcci\u00f3n de Innovaci\u00f3n y Proyectos Especiales. Ella tambi\u00e9n fue directora del Instituto de las Mujeres de la Ciudad de M\u00e9xico, durante el gobierno de Miguel \u00c1ngel Mancera Espinosa, actual jefe de la bancada perredista en el Senado.<\/p>\n\n\n\n<p class=\"wp-block-paragraph\">Igualmente se ratific\u00f3 el nombramiento de Ma. Consuelo Mej\u00eda Pi\u00f1eros, como secretaria t\u00e9cnica de la Junta de Gobierno y otros asuntos administrativos.<\/p>\n\n\n\n<p class=\"wp-block-paragraph\"><strong>DESENCUENTRO EN LOS CONSEJOS<\/strong><\/p>\n\n\n\n<p class=\"wp-block-paragraph\">Lo que sucedi\u00f3 es que uno de los consejos apoy\u00f3 la incorporaci\u00f3n de Incha\u00fastegui y otro no, a pesar de un acuerdo entre consejeras de abstenerse todas, las 32. El reglamento pospuesto propone que no participen o est\u00e9n presentes las consejeras suplentes, y si est\u00e1n que adem\u00e1s de no votar, no hablen. Adem\u00e1s, limita la participaci\u00f3n de los consejos en el an\u00e1lisis de la informaci\u00f3n que se debate en la Junta de Gobierno. El nuevo reglamento ser\u00e1 revisado. Pero es cuesti\u00f3n de tiempo.<\/p>\n\n\n\n<p class=\"wp-block-paragraph\">El riesgo real es la reforma a la Ley de Inmujeres, explicaron, porque ah\u00ed se plantear\u00e1n cosas de fondo y entre ellas la desaparici\u00f3n de los consejos ciudadanos, como \u00f3rganos coadyuvantes en la marcha del Instituto. SemM\u00e9xico verific\u00f3, por ejemplo, que, a diferencia de otras administraciones, los Consejos no formaron comisiones de trabajo para dar opini\u00f3n sobre los planes y programas del Instituto, y a cambio les dieron facilidades para que hagan foros o llamen a \u00e9stos como el que se hizo recientemente en Hidalgo, sobre Derechos Sexuales y Reproductivos. Antes participaban con sus consejos y opiniones, ahora no.<\/p>\n\n\n\n<p class=\"wp-block-paragraph\">En esta reuni\u00f3n de la Junta de Gobierno se cerr\u00f3 el alegato para el Proequidad derrota legal para reintegrar a las organizaciones civiles los 87 millones. No presidi\u00f3 Olga S\u00e1nchez Cordero.<\/p>\n\n\n\n<p class=\"wp-block-paragraph\">Consejeras dar\u00e1n la batalla por el ProEquidad para el 2020. Examinan el Plan Nacional de Desarrollo y dan seguimiento a las reuniones para construir el Programa Nacional de Igualdad, donde, en general, no asisten, no son invitadas, como suced\u00eda en el pasado. A todas las consejeras que preguntan las consideran como \u201cinc\u00f3modas\u201d.<\/p>\n\n\n\n<p class=\"wp-block-paragraph\">Destacan tres asuntos: 1. En seguimiento al puesto de Directora de Innovaci\u00f3n de Teresa Incha\u00fastegui, fue aprobado con el voto a favor del Consejo Consultivo y en abstenci\u00f3n de todas del Consejo Social.<\/p>\n\n\n\n<p class=\"wp-block-paragraph\">2. El reglamento mordaza con el voto de ambos consejos se pospuso hasta que se instaure una mesa de di\u00e1logo con los consejos que analice las restricciones a la participaci\u00f3n ciudadana en Junta de Gobierno.<\/p>\n\n\n\n<p class=\"wp-block-paragraph\">&nbsp;3. Se instaur\u00f3 la Mesa Legislativa de seguimiento al Marco Normativo del Inmujeres entre la Comisi\u00f3n de Igualdad y los Consejos.<\/p>\n\n\n\n<p class=\"wp-block-paragraph\"><strong>Quien es Teresa Incha\u00fastegui Romero Directora de Innovaci\u00f3n y Proyectos Especiales en Inmujeres<\/strong><\/p>\n\n\n\n<p class=\"wp-block-paragraph\">Teresa del Carmen Inch\u00e1ustegui Romero naci\u00f3 en la Ciudad de M\u00e9xico el 15 de marzo de 1952. Es graduada de la carrera de Sociolog\u00eda por la Universidad Nacional Aut\u00f3noma de M\u00e9xico y Doctora en Ciencias Pol\u00edticas con especializaci\u00f3n en pol\u00edtica social por la Facultad Latinoamericana de Ciencias Sociales (FLACSO-M\u00e9xico).<\/p>\n\n\n\n<p class=\"wp-block-paragraph\">Ex militante del Partido Revolucionario Institucional y activa militante en el movimiento feminista.&nbsp;&nbsp;En 2014, fue nombrada&nbsp;&nbsp;directora del Instituto de las Mujeres del Distrito Federal. Se ha desempe\u00f1ado en diversos cargos p\u00fablicos en la federaci\u00f3n a nivel federal, en asuntos de dise\u00f1o de pol\u00edticas p\u00fablicas y g\u00e9nero.<\/p>\n\n\n\n<p class=\"wp-block-paragraph\">Diputada Federal en la LXI Legislatura (2009-2012) por el principio de representaci\u00f3n proporcional por el Partido de la Revoluci\u00f3n Democr\u00e1tica (PRD).&nbsp;&nbsp;Asesora del Sistema Nacional para el Desarrollo Integral de la Familia (DIF). Entre 2002 a 2006 fue Directora de \u00e1rea en la Secretar\u00eda de Seguridad P\u00fablica Federal y Directora General de Evaluaci\u00f3n y Desarrollo Estad\u00edstico del Instituto Nacional de las Mujeres y de la Direcci\u00f3n General de Operaci\u00f3n y Monitoreo de la misma instituci\u00f3n, durante el gobierno de Felipe Calder\u00f3n.<\/p>\n\n\n\n<p class=\"wp-block-paragraph\">Fue en la C\u00e1mara de Diputados Presidenta de la Comisi\u00f3n Especial para Conocer y dar Seguimiento a los Feminicidios en M\u00e9xico, Presidenta de la Comisi\u00f3n de Seguridad P\u00fablica, Integrante de la Comisi\u00f3n de Equidad y G\u00e9nero.<\/p>\n\n\n\n<p class=\"wp-block-paragraph\">Ha sido Profesora en el Programa Interdisciplinario en Estudios de la Mujer (PIEM) de El Colegio de M\u00e9xico (COLMEX); Profesora del Diplomado de G\u00e9nero y Pol\u00edtica P\u00fablicas de FLACSO-M\u00e9xico desde 2002; Fue directora y fundadora del Centro de Estudios para el Avance de las Mujeres y la Equidad de G\u00e9nero de la C\u00e1mara de Diputados; Es profesora-investigadora en el Posgrado en Humanidades y Ciencias Sociales de la Universidad Aut\u00f3noma de la Ciudad de M\u00e9xico (UACM).<\/p>\n\n\n\n<p class=\"wp-block-paragraph\">Es profesora-investigadora en el Posgrado en Humanidades y Ciencias Sociales de la Universidad Aut\u00f3noma de la Ciudad de M\u00e9xico (UACM); Realiz\u00f3 en 1996 una estancia de investigaci\u00f3n en temas de pol\u00edtica social en el Centro de Estudios Latinoamericanos de la Universidad de Georgetown en Washington, D.C. y en 1998 en el Departamento de Ciencia Pol\u00edtica y Derecho P\u00fablico de la Universidad Aut\u00f3noma de Barcelona.<\/p>\n\n\n\n<p class=\"wp-block-paragraph\">En 2012 recibi\u00f3 la nota \u201cAmicus Curiae\u201d por parte de la Corte Interamericana de Derechos Humanos. En 1987 recibi\u00f3 el premio \u00abJes\u00fas Silva Herzog\u00bb otorgado por la Facultad de Econom\u00eda de la Universidad Nacional Aut\u00f3noma de M\u00e9xico (UNAM) por el art\u00edculo \u00abLa Reestructuraci\u00f3n Econ\u00f3mica del Empresariado en M\u00e9xico\u00bb elaborado con Enrique de la Garza Toledo.<\/p>\n","protected":false},"excerpt":{"rendered":"<p>Cambios de estructura con nueva direcci\u00f3n para Teresa Incha\u00fastegui Romero<\/p>\n","protected":false},"author":3,"featured_media":11208,"comment_status":"open","ping_status":"open","sticky":false,"template":"","format":"standard","meta":{"_monsterinsights_skip_tracking":false,"footnotes":""},"categories":[690,51],"tags":[],"class_list":["post-11205","post","type-post","status-publish","format-standard","has-post-thumbnail","category-690","category-ejecutivo"],"_links":{"self":[{"href":"https:\/\/redsemlac.com\/semmexico\/wp-json\/wp\/v2\/posts\/11205","targetHints":{"allow":["GET"]}}],"collection":[{"href":"https:\/\/redsemlac.com\/semmexico\/wp-json\/wp\/v2\/posts"}],"about":[{"href":"https:\/\/redsemlac.com\/semmexico\/wp-json\/wp\/v2\/types\/post"}],"author":[{"embeddable":true,"href":"https:\/\/redsemlac.com\/semmexico\/wp-json\/wp\/v2\/users\/3"}],"replies":[{"embeddable":true,"href":"https:\/\/redsemlac.com\/semmexico\/wp-json\/wp\/v2\/comments?post=11205"}],"version-history":[{"count":0,"href":"https:\/\/redsemlac.com\/semmexico\/wp-json\/wp\/v2\/posts\/11205\/revisions"}],"wp:featuredmedia":[{"embeddable":true,"href":"https:\/\/redsemlac.com\/semmexico\/wp-json\/wp\/v2\/media\/11208"}],"wp:attachment":[{"href":"https:\/\/redsemlac.com\/semmexico\/wp-json\/wp\/v2\/media?parent=11205"}],"wp:term":[{"taxonomy":"category","embeddable":true,"href":"https:\/\/redsemlac.com\/semmexico\/wp-json\/wp\/v2\/categories?post=11205"},{"taxonomy":"post_tag","embeddable":true,"href":"https:\/\/redsemlac.com\/semmexico\/wp-json\/wp\/v2\/tags?post=11205"}],"curies":[{"name":"wp","href":"https:\/\/api.w.org\/{rel}","templated":true}]}}