{"id":11202,"date":"2019-08-23T16:38:03","date_gmt":"2019-08-23T16:38:03","guid":{"rendered":"https:\/\/redsemlac.com\/semmexico\/?p=11202"},"modified":"2023-07-21T14:52:59","modified_gmt":"2023-07-21T19:52:59","slug":"los-policias-municipales-que-agredieron-a-la-reportera-mitzi-yanet-deben-ser-sancionados-cndh","status":"publish","type":"post","link":"https:\/\/redsemlac.com\/semmexico\/los-policias-municipales-que-agredieron-a-la-reportera-mitzi-yanet-deben-ser-sancionados-cndh\/","title":{"rendered":"Los polic\u00edas municipales que agredieron a la reportera Mitzi Yanet deben ser sancionados: CNDH"},"content":{"rendered":"\n<p class=\"wp-block-paragraph\"><strong>Medidas cautelares pide CNDH para salvaguardar vida e integridad de la reportera<\/strong><\/p>\n\n\n\n<p class=\"wp-block-paragraph\">Elda Montiel<\/p>\n\n\n\n<p class=\"wp-block-paragraph\">SemM\u00e9xico. Cd. de M\u00e9xico. 23 de agosto de 2019.- La Comisi\u00f3n Nacional de los Derechos Humanos (CNDH) condena las agresiones de polic\u00edas municipales de Morelia, Michoac\u00e1n, contra la reportera Mitzi Yanet Torres Quintero y demanda la pronta y efectiva investigaci\u00f3n de los hechos para determinar la responsabilidad de los servidores p\u00fablicos que intervinieron.<\/p>\n\n\n\n<p class=\"wp-block-paragraph\">Se requiri\u00f3 a la Secretar\u00eda de Gobierno y a la Fiscal\u00eda General de Michoac\u00e1n implementar medidas cautelares para salvaguardar la vida e integridad de la v\u00edctima y su familia, as\u00ed como proporcionarle la atenci\u00f3n m\u00e9dica que requiera.<\/p>\n\n\n\n<p class=\"wp-block-paragraph\">De acuerdo con diversa informaci\u00f3n, el martes 20 de agosto la reportera Mitzi Yanet Torres Quintero fue v\u00edctima de agresi\u00f3n sexual y, al pedir ayuda, polic\u00edas municipales de Morelia, Michoac\u00e1n, la golpearon, se burlaron de la ropa que vest\u00eda y de su profesi\u00f3n, y la detuvieron en los separos municipales, adem\u00e1s de la conducta omisa en que incurrieron el juez y el m\u00e9dico legista antes de ser liberada.<\/p>\n\n\n\n<p class=\"wp-block-paragraph\">&nbsp;El Organismo Constitucional Aut\u00f3nomo expresa su solidaridad a la v\u00edctima y a las mujeres periodistas de Michoac\u00e1n, al tiempo que demanda a las autoridades de procuraci\u00f3n de justicia dar con los responsables de la agresi\u00f3n sexual de que fue v\u00edctima, para presentarlos ante la justicia y reciban el castigo que en derecho corresponda.<\/p>\n\n\n\n<p class=\"wp-block-paragraph\">Asimismo, informa que personal de la CNDH sostuvo comunicaci\u00f3n con la reportera y se reunir\u00e1 con ella, en Morelia, con el fin de brindarle el acompa\u00f1amiento y atenci\u00f3n que corresponda.<\/p>\n\n\n\n<p class=\"wp-block-paragraph\">Para este Organismo Constitucional Aut\u00f3nomo, resultan inadmisibles todas y una de las agresiones contra las mujeres en M\u00e9xico, demanda que sigue pendiente de resolverse por todas las autoridades del pa\u00eds. Y en el caso de las mujeres periodistas, se ven expuestas a distintos riesgos por su labor y enfrentan violencia institucional y revictimizaci\u00f3n cuando acuden a denunciar agresiones tan graves como la violencia sexual en su contra.<\/p>\n\n\n\n<p class=\"wp-block-paragraph\">La Comisi\u00f3n Nacional de los Derechos Humanos dar\u00e1 seguimiento puntual a la situaci\u00f3n de la periodista y estar\u00e1 al pendiente del resultado de las investigaciones con el fin de que todos los involucrados sean sancionados.<br><\/p>\n","protected":false},"excerpt":{"rendered":"<p>Medidas cautelares pide CNDH para salvaguardar vida e integridad de la reportera<\/p>\n","protected":false},"author":3,"featured_media":11203,"comment_status":"open","ping_status":"open","sticky":false,"template":"","format":"standard","meta":{"_monsterinsights_skip_tracking":false,"footnotes":""},"categories":[690,51],"tags":[],"class_list":["post-11202","post","type-post","status-publish","format-standard","has-post-thumbnail","category-690","category-ejecutivo"],"_links":{"self":[{"href":"https:\/\/redsemlac.com\/semmexico\/wp-json\/wp\/v2\/posts\/11202","targetHints":{"allow":["GET"]}}],"collection":[{"href":"https:\/\/redsemlac.com\/semmexico\/wp-json\/wp\/v2\/posts"}],"about":[{"href":"https:\/\/redsemlac.com\/semmexico\/wp-json\/wp\/v2\/types\/post"}],"author":[{"embeddable":true,"href":"https:\/\/redsemlac.com\/semmexico\/wp-json\/wp\/v2\/users\/3"}],"replies":[{"embeddable":true,"href":"https:\/\/redsemlac.com\/semmexico\/wp-json\/wp\/v2\/comments?post=11202"}],"version-history":[{"count":0,"href":"https:\/\/redsemlac.com\/semmexico\/wp-json\/wp\/v2\/posts\/11202\/revisions"}],"wp:featuredmedia":[{"embeddable":true,"href":"https:\/\/redsemlac.com\/semmexico\/wp-json\/wp\/v2\/media\/11203"}],"wp:attachment":[{"href":"https:\/\/redsemlac.com\/semmexico\/wp-json\/wp\/v2\/media?parent=11202"}],"wp:term":[{"taxonomy":"category","embeddable":true,"href":"https:\/\/redsemlac.com\/semmexico\/wp-json\/wp\/v2\/categories?post=11202"},{"taxonomy":"post_tag","embeddable":true,"href":"https:\/\/redsemlac.com\/semmexico\/wp-json\/wp\/v2\/tags?post=11202"}],"curies":[{"name":"wp","href":"https:\/\/api.w.org\/{rel}","templated":true}]}}