{"id":11199,"date":"2019-08-23T16:24:31","date_gmt":"2019-08-23T16:24:31","guid":{"rendered":"https:\/\/redsemlac.com\/semmexico\/?p=11199"},"modified":"2023-07-21T14:52:59","modified_gmt":"2023-07-21T19:52:59","slug":"la-cndh-podria-recurrir-a-instancias-internacionales-por-las-descalificaciones-a-su-desempeno","status":"publish","type":"post","link":"https:\/\/redsemlac.com\/semmexico\/la-cndh-podria-recurrir-a-instancias-internacionales-por-las-descalificaciones-a-su-desempeno\/","title":{"rendered":"La CNDH podr\u00eda recurrir a instancias internacionales por las descalificaciones a su desempe\u00f1o"},"content":{"rendered":"\n<p class=\"wp-block-paragraph\"><strong>Preocupa que los argumentos sean ideol\u00f3gicos y no razones sustantivas.<\/strong><\/p>\n\n\n\n<p class=\"wp-block-paragraph\"><strong>Elda Montiel<\/strong><\/p>\n\n\n\n<p class=\"wp-block-paragraph\">SemM\u00e9xico. Cd. de M\u00e9xico. 23 de agosto de 2019.- La Comisi\u00f3n Nacional de Derechos Humanos lamenta que la Comisi\u00f3n Permanente del Senado rechazara que comparecieran los funcionarios del gobierno federal que no aceptaron la Recomendaci\u00f3n 29\/2019 sobre estancias infantiles.&nbsp;<\/p>\n\n\n\n<p class=\"wp-block-paragraph\">Adem\u00e1s, ante las descalificaciones infundadas que se hicieron, desde la tribuna de la Comisi\u00f3n Permanente del H. Congreso de la Uni\u00f3n, sobre el profesionalismo, calidad moral e independencia, del organismo aut\u00f3nomo, valora la posibilidad de hacer del conocimiento de las relator\u00edas e instancias de los sistemas universal y regional de derechos humanos el presente asunto.<\/p>\n\n\n\n<p class=\"wp-block-paragraph\">En el marco de los compromisos internacionales que el Estado mexicano ha asumido para el respeto y vigencia de los derechos humanos, y porque dichas instancias ya han hecho pronunciamientos respecto a que el gobierno asuma las recomendaciones de la CNDH.<\/p>\n\n\n\n<p class=\"wp-block-paragraph\">Preocupa al organismo aut\u00f3nomo que no se haya tomado en cuenta la defensa de los derechos humanos de las ni\u00f1as y ni\u00f1os, al igual que de las madres y padres trabajadores, y que los grupos parlamentarios mayoritarios negaran la aplicaci\u00f3n efectiva del segundo p\u00e1rrafo, del apartado B, del art\u00edculo 102 Constitucional.<\/p>\n\n\n\n<p class=\"wp-block-paragraph\">Con lo que negaron la posibilidad, de que las victimas escucharan los argumentos de las y los titulares de las Secretar\u00edas de Bienestar, de Hacienda y Cr\u00e9dito P\u00fablico, de la Comisi\u00f3n Nacional de Mejora Regulatoria, y del Sistema Nacional para el Desarrollo Integral de la Familia, los argumentos por los que no aceptaron la Recomendaci\u00f3n 29\/2019.<\/p>\n\n\n\n<p class=\"wp-block-paragraph\">Tambi\u00e9n llama la atenci\u00f3n al organismo aut\u00f3nomo, que los argumentos carecieran de razones sustantivas y fueran solo aspectos ideol\u00f3gicos y pol\u00edticos, dejando de lado la irrenunciable defensa sobre los derechos de la infancia y de las mujeres, principalmente.<\/p>\n\n\n\n<p class=\"wp-block-paragraph\">Considera que las afirmaciones de los legisladores no corresponden a la realidad, que desinforman a la sociedad y generan una percepci\u00f3n equivocada sobre el caso, desviando y confundiendo la atenci\u00f3n p\u00fablica de las cuestiones realmente importantes y de fondo.<\/p>\n\n\n\n<p class=\"wp-block-paragraph\">Adem\u00e1s de que evidencian desconocimiento de las leyes vigentes, y, en particular, del marco normativo aplicable a la actividad de los \u00f3rganos que integran el sistema no jurisdiccional de protecci\u00f3n a los derechos humanos, as\u00ed como un desd\u00e9n por la legalidad y la institucionalidad democr\u00e1tica.<br><\/p>\n\n\n\n<p class=\"wp-block-paragraph\">Reitera la CNDH que la Recomendaci\u00f3n 29\/2019 fue producto de una investigaci\u00f3n seria, puntual, sustentada en informaci\u00f3n y evidencia objetiva, fundada en la normativa, criterios y est\u00e1ndares aplicables a la materia, tanto a nivel nacional como internacional, cuyo contenido es p\u00fablicamente disponible para su an\u00e1lisis y consulta.<br><\/p>\n","protected":false},"excerpt":{"rendered":"<p>Preocupa que los argumentos sean ideol\u00f3gicos y no razones sustantivas.<\/p>\n","protected":false},"author":3,"featured_media":11200,"comment_status":"open","ping_status":"open","sticky":false,"template":"","format":"standard","meta":{"_monsterinsights_skip_tracking":false,"footnotes":""},"categories":[690,51],"tags":[],"class_list":["post-11199","post","type-post","status-publish","format-standard","has-post-thumbnail","category-690","category-ejecutivo"],"_links":{"self":[{"href":"https:\/\/redsemlac.com\/semmexico\/wp-json\/wp\/v2\/posts\/11199","targetHints":{"allow":["GET"]}}],"collection":[{"href":"https:\/\/redsemlac.com\/semmexico\/wp-json\/wp\/v2\/posts"}],"about":[{"href":"https:\/\/redsemlac.com\/semmexico\/wp-json\/wp\/v2\/types\/post"}],"author":[{"embeddable":true,"href":"https:\/\/redsemlac.com\/semmexico\/wp-json\/wp\/v2\/users\/3"}],"replies":[{"embeddable":true,"href":"https:\/\/redsemlac.com\/semmexico\/wp-json\/wp\/v2\/comments?post=11199"}],"version-history":[{"count":0,"href":"https:\/\/redsemlac.com\/semmexico\/wp-json\/wp\/v2\/posts\/11199\/revisions"}],"wp:featuredmedia":[{"embeddable":true,"href":"https:\/\/redsemlac.com\/semmexico\/wp-json\/wp\/v2\/media\/11200"}],"wp:attachment":[{"href":"https:\/\/redsemlac.com\/semmexico\/wp-json\/wp\/v2\/media?parent=11199"}],"wp:term":[{"taxonomy":"category","embeddable":true,"href":"https:\/\/redsemlac.com\/semmexico\/wp-json\/wp\/v2\/categories?post=11199"},{"taxonomy":"post_tag","embeddable":true,"href":"https:\/\/redsemlac.com\/semmexico\/wp-json\/wp\/v2\/tags?post=11199"}],"curies":[{"name":"wp","href":"https:\/\/api.w.org\/{rel}","templated":true}]}}