{"id":11196,"date":"2019-08-23T16:15:14","date_gmt":"2019-08-23T16:15:14","guid":{"rendered":"https:\/\/redsemlac.com\/semmexico\/?p=11196"},"modified":"2023-07-21T14:52:59","modified_gmt":"2023-07-21T19:52:59","slug":"beijing25","status":"publish","type":"post","link":"https:\/\/redsemlac.com\/semmexico\/beijing25\/","title":{"rendered":"Alista frente feminista informe \u201csombra\u201d Beijing+25"},"content":{"rendered":"\n<ul class=\"wp-block-list\"><li><strong>En deuda, el Estado mexicano con los derechos de las mujeres<\/strong><\/li><\/ul>\n\n\n\n<ul class=\"wp-block-list\"><li><strong>Descalifica el gobierno federal el trabajo de organizaciones de la sociedad civil<\/strong><\/li><\/ul>\n\n\n\n<p class=\"wp-block-paragraph\"><strong>Redacci\u00f3n<\/strong><\/p>\n\n\n\n<p class=\"wp-block-paragraph\">SemM\u00e9xico, Ciudad de M\u00e9xico, 23 de agosto de 2019.- El Frente Feminista Nacional (FFN) preparar\u00e1 el Informe Alterno Beijing+25, sobre el cumplimiento del Estado mexicano de la Plataforma de Acci\u00f3n de la IV Conferencia Mundial de la Mujer efectuada en Beijing, China, en 1995, para lo cual convoc\u00f3 a su reuni\u00f3n nacional en la ciudad de Morelia, Michoac\u00e1n.<\/p>\n\n\n\n<p class=\"wp-block-paragraph\">\u201cEn el momento en que la Organizaci\u00f3n de las Naciones Unidas se prepara para conmemorar un cuarto de siglo de que los gobiernos del mundo aprobaron la Plataforma de Acci\u00f3n de Beijing (PAB), en M\u00e9xico las mujeres seguimos enfrentando problemas estructurales como la pobreza, la desigualdad, la discriminaci\u00f3n, el desempleo y los bajos salarios, adem\u00e1s del incremento de la violencia de g\u00e9nero en todas sus formas, tanto en el \u00e1mbito privado como el p\u00fablico\u201d, estableci\u00f3 la convocatoria de la reuni\u00f3n que se llevar\u00e1 a cabo el 5 y 6 de octubre.<\/p>\n\n\n\n<p class=\"wp-block-paragraph\">Adem\u00e1s de indicar que el Estado mexicano tiene una gran deuda con los derechos de las mujeres, puntualiz\u00f3 que el actual gobierno federal, lejos de dar se\u00f1ales positivas para atender las problem\u00e1ticas con sensibilidad de g\u00e9nero, ha descalificado el trabajo de las Organizaciones de la Sociedad Civil (OSC) y ha eliminado en los hechos programas y presupuestos p\u00fablicos, \u201clos cuales se lograron gracias a la lucha y contribuci\u00f3n de los movimientos feministas y de mujeres\u201d.<\/p>\n\n\n\n<p class=\"wp-block-paragraph\">Con esos recursos, apunta el FFN \u2014que agrupa a feministas de 28 estados del pa\u00eds\u2014, se capacitaba y acompa\u00f1aba a mujeres para la demanda y defensa de sus derechos humanos. Esta situaci\u00f3n, contin\u00faa, deja en precariedad a las organizaciones que han aportado a las pol\u00edticas p\u00fablicas, y en la indefensi\u00f3n a miles de mujeres, atendidas por las OSC feministas.<\/p>\n\n\n\n<p class=\"wp-block-paragraph\">El FFN considera relevante elaborar el Informe Alterno Beijing+25, para el siguiente a\u00f1o, con el que espera contribuir al balance sobre el cumplimiento de la Plataforma de Acci\u00f3n y exponer los logros y pendientes en relaci\u00f3n con los derechos de las mujeres y las ni\u00f1as, desde la mirada de la sociedad civil.<\/p>\n\n\n\n<p class=\"wp-block-paragraph\">Esta red feminista \u2014no constituida formalmente todav\u00eda\u2014 promovi\u00f3 hace cinco a\u00f1os el Informe Nacional Alterno Beijing+20, en el que participaron m\u00e1s de 140 organizaciones de 18 entidades del pa\u00eds.<\/p>\n\n\n\n<p class=\"wp-block-paragraph\">Adem\u00e1s de los 25 a\u00f1os de la PAB, en 2020 se cumplen cinco a\u00f1os de los Objetivos de Desarrollo Sostenible y la Agenda 2030. La Convenci\u00f3n sobre la Eliminaci\u00f3n de Todas las Formas de Discriminaci\u00f3n contra la Mujer (CEDAW) cumpli\u00f3 40 a\u00f1os en este 2019.<\/p>\n\n\n\n<p class=\"wp-block-paragraph\">El gobierno mexicano present\u00f3 al Secretario General de la Organizaci\u00f3n de las Naciones Unidas, Ant\u00f3nio Guterres, el Informe Nacional Exhaustivo en cumplimiento de la PAB (que contempla 12 esferas de especial preocupaci\u00f3n), con el que \u201creporta el progreso hacia la igualdad de g\u00e9nero del pa\u00eds\u201d en el periodo 2014-2019.<\/p>\n\n\n\n<p class=\"wp-block-paragraph\">Los informes alternativos, conocidos como \u201csombra\u201d, son elaborados por OSC, en contraposici\u00f3n a los reportes oficiales de M\u00e9xico que presenta ante la ONU. En el informe oficial, coordinado por el Instituto Nacional de las Mujeres y la Secretar\u00eda de Relaciones Exteriores, participaron 19 instituciones de la administraci\u00f3n p\u00fablica federal y OSC, a trav\u00e9s de un foro.<\/p>\n\n\n\n<p class=\"wp-block-paragraph\">SEM\/glg<br><\/p>\n","protected":false},"excerpt":{"rendered":"<p>\ufeffEn deuda, el Estado mexicano con los derechos de las mujeres<\/p>\n","protected":false},"author":3,"featured_media":11197,"comment_status":"open","ping_status":"open","sticky":false,"template":"","format":"standard","meta":{"_monsterinsights_skip_tracking":false,"footnotes":""},"categories":[690,54],"tags":[],"class_list":["post-11196","post","type-post","status-publish","format-standard","has-post-thumbnail","category-690","category-mujeres"],"_links":{"self":[{"href":"https:\/\/redsemlac.com\/semmexico\/wp-json\/wp\/v2\/posts\/11196","targetHints":{"allow":["GET"]}}],"collection":[{"href":"https:\/\/redsemlac.com\/semmexico\/wp-json\/wp\/v2\/posts"}],"about":[{"href":"https:\/\/redsemlac.com\/semmexico\/wp-json\/wp\/v2\/types\/post"}],"author":[{"embeddable":true,"href":"https:\/\/redsemlac.com\/semmexico\/wp-json\/wp\/v2\/users\/3"}],"replies":[{"embeddable":true,"href":"https:\/\/redsemlac.com\/semmexico\/wp-json\/wp\/v2\/comments?post=11196"}],"version-history":[{"count":0,"href":"https:\/\/redsemlac.com\/semmexico\/wp-json\/wp\/v2\/posts\/11196\/revisions"}],"wp:featuredmedia":[{"embeddable":true,"href":"https:\/\/redsemlac.com\/semmexico\/wp-json\/wp\/v2\/media\/11197"}],"wp:attachment":[{"href":"https:\/\/redsemlac.com\/semmexico\/wp-json\/wp\/v2\/media?parent=11196"}],"wp:term":[{"taxonomy":"category","embeddable":true,"href":"https:\/\/redsemlac.com\/semmexico\/wp-json\/wp\/v2\/categories?post=11196"},{"taxonomy":"post_tag","embeddable":true,"href":"https:\/\/redsemlac.com\/semmexico\/wp-json\/wp\/v2\/tags?post=11196"}],"curies":[{"name":"wp","href":"https:\/\/api.w.org\/{rel}","templated":true}]}}