{"id":11193,"date":"2019-08-23T02:52:13","date_gmt":"2019-08-23T02:52:13","guid":{"rendered":"https:\/\/redsemlac.com\/semmexico\/?p=11193"},"modified":"2023-07-21T14:52:59","modified_gmt":"2023-07-21T19:52:59","slug":"veracruz-8","status":"publish","type":"post","link":"https:\/\/redsemlac.com\/semmexico\/veracruz-8\/","title":{"rendered":"Denuncian a m\u00e9dico de hospital de Veracruz por violaci\u00f3n sexual"},"content":{"rendered":"\n<p class=\"wp-block-paragraph\"><strong>* Hospital dio parte a la FGE, no se ha recibido ninguna notificaci\u00f3n de su parte<\/strong><\/p>\n\n\n\n<p class=\"wp-block-paragraph\"><strong>* El m\u00e9dico acusado anda de vacaciones<\/strong><\/p>\n\n\n\n<p class=\"wp-block-paragraph\"><strong>Ana Alicia Osorio<\/strong><\/p>\n\n\n\n<p class=\"wp-block-paragraph\">SemM\u00e9xico\/TestigoP\u00farpura, Veracruz, 22 agosto 2019.- Un m\u00e9dico del Hospital Regional de Veracruz fue denunciado ante la Fiscal\u00eda General del Estado por violaci\u00f3n sexual a una paciente, en el \u00e1rea de urgencias del nosocomio.<\/p>\n\n\n\n<p class=\"wp-block-paragraph\">S\u00f3crates Guti\u00e9rrez Castro, director del Hospital, confirm\u00f3 que recibieron la informaci\u00f3n por parte de la paciente, por lo que aplicaron los protocolos ginecol\u00f3gicos y psicol\u00f3gicos en materia de violencia sexual (incluidos en la NOM 046).<\/p>\n\n\n\n<p class=\"wp-block-paragraph\">Se\u00f1al\u00f3 que informaron sobre la situaci\u00f3n a la FGE, como debe suceder en los casos de violencia sexual.<\/p>\n\n\n\n<p class=\"wp-block-paragraph\">\u201cRecibi\u00f3 la atenci\u00f3n m\u00e9dica por especialista en ginecolog\u00eda, la atenci\u00f3n psicol\u00f3gica (\u2026) no hemos recibido ninguna notificaci\u00f3n de la Fiscal\u00eda sobre su proceder\u201d, indic\u00f3.<\/p>\n\n\n\n<p class=\"wp-block-paragraph\">Dijo que tras la acusaci\u00f3n el m\u00e9dico se fue de vacaciones durante dos semanas, que vence en los pr\u00f3ximos d\u00edas cuando se reintegrar\u00e1 a trabajar.<\/p>\n\n\n\n<p class=\"wp-block-paragraph\">El director asegur\u00f3 que el hecho tambi\u00e9n fue notificado al departamento jur\u00eddico de la Secretar\u00eda de Salud.<\/p>\n\n\n\n<p class=\"wp-block-paragraph\">\u201cHabitualmente lo que sucede en este tipo de casos, todav\u00eda no hay la instrucci\u00f3n, es instrumentar un acta administrativa, es decir un acta administrativa en la cual se le da a conocer al trabajador cu\u00e1l es la queja, se le da a conocer en presencia de su representaci\u00f3n sindical y \u00e9l deber\u00e1 aportar algunas pruebas en su defensa que contradiga el dicho de la parte quejosa\u201d, indic\u00f3.<\/p>\n\n\n\n<p class=\"wp-block-paragraph\">Guti\u00e9rrez Castro asegur\u00f3 que es el \u00fanico caso de ese tipo que se ha presentado, que existen algunos de acoso laboral pero no se cuenta con ning\u00fan problema de \u00edndole sexual.<\/p>\n\n\n\n<p class=\"wp-block-paragraph\">La denuncia por violaci\u00f3n se suscita en medio del movimiento #NoMeCuidanMeViolan donde se ha se\u00f1alado a otras entidades gubernamentales como la polic\u00eda de violencia sexual.<\/p>\n\n\n\n<p class=\"wp-block-paragraph\">SEM-TP\/aao\/sj<br><\/p>\n","protected":false},"excerpt":{"rendered":"<p>Hospital dio parte a la FGE, no se ha recibido ninguna notificaci\u00f3n de su parte<\/p>\n","protected":false},"author":3,"featured_media":11194,"comment_status":"open","ping_status":"open","sticky":false,"template":"","format":"standard","meta":{"_monsterinsights_skip_tracking":false,"footnotes":""},"categories":[690,51],"tags":[],"class_list":["post-11193","post","type-post","status-publish","format-standard","has-post-thumbnail","category-690","category-ejecutivo"],"_links":{"self":[{"href":"https:\/\/redsemlac.com\/semmexico\/wp-json\/wp\/v2\/posts\/11193","targetHints":{"allow":["GET"]}}],"collection":[{"href":"https:\/\/redsemlac.com\/semmexico\/wp-json\/wp\/v2\/posts"}],"about":[{"href":"https:\/\/redsemlac.com\/semmexico\/wp-json\/wp\/v2\/types\/post"}],"author":[{"embeddable":true,"href":"https:\/\/redsemlac.com\/semmexico\/wp-json\/wp\/v2\/users\/3"}],"replies":[{"embeddable":true,"href":"https:\/\/redsemlac.com\/semmexico\/wp-json\/wp\/v2\/comments?post=11193"}],"version-history":[{"count":0,"href":"https:\/\/redsemlac.com\/semmexico\/wp-json\/wp\/v2\/posts\/11193\/revisions"}],"wp:featuredmedia":[{"embeddable":true,"href":"https:\/\/redsemlac.com\/semmexico\/wp-json\/wp\/v2\/media\/11194"}],"wp:attachment":[{"href":"https:\/\/redsemlac.com\/semmexico\/wp-json\/wp\/v2\/media?parent=11193"}],"wp:term":[{"taxonomy":"category","embeddable":true,"href":"https:\/\/redsemlac.com\/semmexico\/wp-json\/wp\/v2\/categories?post=11193"},{"taxonomy":"post_tag","embeddable":true,"href":"https:\/\/redsemlac.com\/semmexico\/wp-json\/wp\/v2\/tags?post=11193"}],"curies":[{"name":"wp","href":"https:\/\/api.w.org\/{rel}","templated":true}]}}