{"id":11190,"date":"2019-08-23T02:42:26","date_gmt":"2019-08-23T02:42:26","guid":{"rendered":"https:\/\/redsemlac.com\/semmexico\/?p=11190"},"modified":"2023-07-21T14:52:59","modified_gmt":"2023-07-21T19:52:59","slug":"periodistas-2","status":"publish","type":"post","link":"https:\/\/redsemlac.com\/semmexico\/periodistas-2\/","title":{"rendered":"Rebasado el Mecanismo de Protecci\u00f3n a Periodistas y defensores de DDHH"},"content":{"rendered":"\n<p class=\"wp-block-paragraph\"><strong>* Sin presupuesto ni personal suficiente, crecen solicitudes en 70 %<\/strong><\/p>\n\n\n\n<p class=\"wp-block-paragraph\"><strong>* Se estima que llegar\u00e1n a 1,131 en este a\u00f1o<\/strong><br><\/p>\n\n\n\n<p class=\"wp-block-paragraph\"><strong>Guadalupe L\u00f3pez Garc\u00eda<\/strong><\/p>\n\n\n\n<p class=\"wp-block-paragraph\">SemM\u00e9xico, Ciudad de M\u00e9xico, 22 agosto 2019.- Las solicitudes de incorporaci\u00f3n al Mecanismo de Protecci\u00f3n para Personas Defensoras de Derechos Humanos y Periodistas aument\u00f3 en 70 %, si se comparan los meses de enero a mayo de 2018 con el mismo periodo de 2019, y para finales del a\u00f1o, la Secretar\u00eda de Gobernaci\u00f3n (Segob) estar\u00eda protegiendo a mil 131 personas, con un presupuesto que rebasa al asignado de este periodo anual.<\/p>\n\n\n\n<p class=\"wp-block-paragraph\">Estos datos forman parte del Diagn\u00f3stico sobre el Funcionamiento del Mecanismo, elaborado por la Oficina del Alto Comisionado de las Naciones Unidas para los Derechos Humanos (ONU-DH), a solicitud de la Subsecretar\u00eda de Derechos Humanos, Poblaci\u00f3n y Migraci\u00f3n de la Segob, a cargo del Mecanismo, el cual, al mes de abril, atend\u00eda a 903 personas (entre las y los periodistas estaban 80 mujeres y 241 hombres, y las y los defensores, 290 mujeres y 292 hombres).<\/p>\n\n\n\n<p class=\"wp-block-paragraph\">El gasto estimado de esa proyecci\u00f3n es de 325 millones de pesos, pero el presupuesto actual es de 207.6 millones de pesos; es decir, 64 % del gasto previsto. Incluso, su monto fue inferior a lo ejercido en 2018 y 2017. Ante ello, la Segob ha solicitado 150 millones de pesos, sin que haya obtenido respuesta hasta el momento.<\/p>\n\n\n\n<p class=\"wp-block-paragraph\">Al 10 de julio de 2019, ONU-DH hab\u00eda documentado el asesinato de 13 personas defensoras y siete periodistas, cifra que refleja un incremento respecto de a\u00f1os anteriores. Incluso, de 2012 \u2014a\u00f1o en que fue instalado el Mecanismo\u2014 a la fecha, siete personas que contaban con esa protecci\u00f3n fueron asesinadas, detalla el documento. No obstante, varias de las 62 personas adscritas al Mecanismo, entrevistadas para el Diagn\u00f3stico, reconocieron que las medidas aplicadas en su caso funcionaron.<br><\/p>\n\n\n\n<p class=\"wp-block-paragraph\">De ese total, cinco de 49 personas beneficiaras calificaron de \u201cexcelente\u201d las medidas; la mayor\u00eda le otorg\u00f3 una calificaci\u00f3n media. Las fallas que se\u00f1alaron fueron con los rondines y el bot\u00f3n de asistencia. En el Diagn\u00f3stico, se indica que el bot\u00f3n es la medida m\u00e1s utilizada, ya que, de 2012 a la fecha, de 3,832 acciones, 960 correspondieron a ese bot\u00f3n.<br><\/p>\n\n\n\n<p class=\"wp-block-paragraph\">Al 15 de marzo de 2019 exist\u00edan 816 botones asignados, pero de estos, 308 tienen m\u00e1s de un mes de estar apagados y 133 m\u00e1s de una semana. Aunque la mayor\u00eda de quienes lo tienen actualmente, m\u00e1s de la mitad de personas entrevistadas no lo utiliza, pues la percepci\u00f3n de su eficacia es negativa. ONU-DH encuentra al bot\u00f3n como una medida poco id\u00f3nea en zonas sin se\u00f1al de telefon\u00eda o sin capacidad de reacci\u00f3n de las autoridades policiacas.&nbsp;<br><\/p>\n\n\n\n<p class=\"wp-block-paragraph\">En cuanto al personal responsable, desde 2014 el Mecanismo opera con 36 funcionarios. La proporci\u00f3n de personas beneficiarias que corresponder\u00eda a cada uno ha aumentado 235 %. Cada persona atiende a 155 periodistas y defensoras\/es. \u201cAl 24 de abril de 2019 estaban pendientes 114 reevaluaciones y 22 evaluaciones, equivalente a poco m\u00e1s de tres meses de trabajo, de acuerdo al ritmo actual del equipo que realiza los estudios de riesgo\u201d, se\u00f1ala el Diagn\u00f3stico, entre otras problem\u00e1ticas encontradas.&nbsp;<br><\/p>\n\n\n\n<p class=\"wp-block-paragraph\"><strong>ONU-DH alert\u00f3: si no se anulan los riesgos, el Mecanismo se volver\u00e1 ineficaz&nbsp;<\/strong><br><\/p>\n\n\n\n<p class=\"wp-block-paragraph\">La ONU-DH \u201cverific\u00f3 que un gran n\u00famero de medidas no se implementan de manera adecuada o en su totalidad, hecho que contrasta con la informaci\u00f3n recibida de que hasta la fecha no se ha impulsado ninguna acci\u00f3n por dicho incumplimiento, ya sea contra las autoridades o contra la empresa contratada para la implementaci\u00f3n de algunas de las medidas\u201d.&nbsp;<br><\/p>\n\n\n\n<p class=\"wp-block-paragraph\">En cuanto a la impunidad, el organismo destaca que la carencia de un enfoque preventivo es el principal motivo por el cual en 2017 solo diez casos se concluyeron por disminuci\u00f3n de riesgo y en 2018 ninguno. Alert\u00f3 al gobierno federal de que, si no se anulan las causas de riesgo, el Mecanismo se volver\u00e1 ineficaz e insostenible: \u201cManteniendo la actual tendencia creciente, para 2024 ser\u00edan aproximadamente 3,400 las personas beneficiarias acogidas al mismo\u201d.<br><\/p>\n\n\n\n<p class=\"wp-block-paragraph\">Entre las recomendaciones de la ONU-DH al gobierno de M\u00e9xico, destacan el aumento de personal y de recursos para reforzar al Mecanismo y una pol\u00edtica p\u00fablica integral que adem\u00e1s de mejorar la protecci\u00f3n, haya estrategias de prevenci\u00f3n e investigue, juzgue y sancione las agresiones contra personas defensoras de derechos humanos y periodistas.&nbsp;<br><\/p>\n\n\n\n<p class=\"wp-block-paragraph\">Asimismo, la Oficina hizo \u00e9nfasis en que las defensoras, junto con las periodistas, requieren de acciones espec\u00edficas que garanticen su seguridad e integridad. Los riesgos y el contexto que enfrentan quienes defienden los derechos de las mujeres o cuestiones de g\u00e9nero son diferentes a los de otras y otros defensores, porque enfrentan \u201criesgos a\u00f1adidos y caracterizados por componentes de g\u00e9nero\u201d.&nbsp;<br><\/p>\n\n\n\n<p class=\"wp-block-paragraph\">En las 26 entrevistas que efectu\u00f3, la ONU-DH constat\u00f3 la falta de integraci\u00f3n de la perspectiva de g\u00e9nero en diferentes procesos del Mecanismo, \u201cdestac\u00e1ndose aquellas situaciones en donde se presentan grupos con una mayor vulnerabilidad, como es el caso de periodistas y defensoras en condici\u00f3n de desplazamiento\u201d.<\/p>\n\n\n\n<p class=\"wp-block-paragraph\">En el an\u00e1lisis que considera el sexo de las y los periodistas y defensores, \u201cla ONU-DH conoci\u00f3 algunos casos de beneficiarios hombres donde la falta de atenci\u00f3n a las necesidades derivadas de su rol tradicional de proveedor de recursos para el hogar pudo contribuir de manera determinante a la decisi\u00f3n de no aceptar ciertas medidas de protecci\u00f3n, tales como la extracci\u00f3n\u201d.<br><\/p>\n\n\n\n<p class=\"wp-block-paragraph\">La ONU-DH recomend\u00f3 \u201cgenerar informaci\u00f3n desagregada por sexo sobre los ataques a personas defensoras, las respuestas adoptadas por el Mecanismo de Protecci\u00f3n y el impacto de \u00e9stas, de tal forma que se profundice en el estudio de la realidad de la violencia en contra de las personas defensoras y periodistas y su impacto diferenciado en las mujeres. Este an\u00e1lisis debe ser alimentado por investigaciones espec\u00edficas sobre tipo de ataques, incluidos los tipos de violencia en l\u00ednea contra mujeres.&nbsp;<br><\/p>\n\n\n\n<p class=\"wp-block-paragraph\">SEM\/glg\/sj<br><\/p>\n","protected":false},"excerpt":{"rendered":"<p>Sin presupuesto ni personal suficiente, crecen solicitudes en 70 %\ufeff<\/p>\n","protected":false},"author":3,"featured_media":11191,"comment_status":"open","ping_status":"open","sticky":false,"template":"","format":"standard","meta":{"_monsterinsights_skip_tracking":false,"footnotes":""},"categories":[690,55],"tags":[],"class_list":["post-11190","post","type-post","status-publish","format-standard","has-post-thumbnail","category-690","category-periodistas"],"_links":{"self":[{"href":"https:\/\/redsemlac.com\/semmexico\/wp-json\/wp\/v2\/posts\/11190","targetHints":{"allow":["GET"]}}],"collection":[{"href":"https:\/\/redsemlac.com\/semmexico\/wp-json\/wp\/v2\/posts"}],"about":[{"href":"https:\/\/redsemlac.com\/semmexico\/wp-json\/wp\/v2\/types\/post"}],"author":[{"embeddable":true,"href":"https:\/\/redsemlac.com\/semmexico\/wp-json\/wp\/v2\/users\/3"}],"replies":[{"embeddable":true,"href":"https:\/\/redsemlac.com\/semmexico\/wp-json\/wp\/v2\/comments?post=11190"}],"version-history":[{"count":0,"href":"https:\/\/redsemlac.com\/semmexico\/wp-json\/wp\/v2\/posts\/11190\/revisions"}],"wp:featuredmedia":[{"embeddable":true,"href":"https:\/\/redsemlac.com\/semmexico\/wp-json\/wp\/v2\/media\/11191"}],"wp:attachment":[{"href":"https:\/\/redsemlac.com\/semmexico\/wp-json\/wp\/v2\/media?parent=11190"}],"wp:term":[{"taxonomy":"category","embeddable":true,"href":"https:\/\/redsemlac.com\/semmexico\/wp-json\/wp\/v2\/categories?post=11190"},{"taxonomy":"post_tag","embeddable":true,"href":"https:\/\/redsemlac.com\/semmexico\/wp-json\/wp\/v2\/tags?post=11190"}],"curies":[{"name":"wp","href":"https:\/\/api.w.org\/{rel}","templated":true}]}}