{"id":11187,"date":"2019-08-23T02:28:19","date_gmt":"2019-08-23T02:28:19","guid":{"rendered":"https:\/\/redsemlac.com\/semmexico\/?p=11187"},"modified":"2023-07-21T14:52:59","modified_gmt":"2023-07-21T19:52:59","slug":"cdmx-12","status":"publish","type":"post","link":"https:\/\/redsemlac.com\/semmexico\/cdmx-12\/","title":{"rendered":"Fin al feminicidio, pide Marcela Lagarde"},"content":{"rendered":"\n<p class=\"wp-block-paragraph\"><strong>* Estrategia del gobierno de la CDMX, abusiva y nos violenta<\/strong><\/p>\n\n\n\n<p class=\"wp-block-paragraph\"><strong>* \u201cLa sociedad festeja y ense\u00f1a a los hombres como violentos\u201d<\/strong><\/p>\n\n\n\n<p class=\"wp-block-paragraph\"><strong>Sara Lovera<\/strong><\/p>\n\n\n\n<p class=\"wp-block-paragraph\">SemM\u00e9xico, Cd. de M\u00e9xico, 22 agosto 2019.- Marcela Lagarde quien introdujo el concepto feminicidio en el pa\u00eds, dijo hoy que el anuncio del Gobierno de la Ciudad de M\u00e9xico de que \u201cen un mes habr\u00e1 medidas estrat\u00e9gicas para enfrentar al feminicidio\u201d, es \u201cabusivo, maltratador\u201d y es una falta de respeto a las v\u00edctimas, a las familias que viven el feminicidio y violatorio a los derechos humanos.<\/p>\n\n\n\n<p class=\"wp-block-paragraph\">Exigi\u00f3 al Estado el desarrollo y aplicaci\u00f3n de pol\u00edticas p\u00fablicas con perspectiva de g\u00e9nero \u201csin dilaci\u00f3n\u201d que es un t\u00e9rmino jur\u00eddico, y mantener como lema trabajar por una vida libre de violencia contra las mujeres.&nbsp;<\/p>\n\n\n\n<p class=\"wp-block-paragraph\">Lament\u00f3 que estos tiempos hayamos vuelto a la danza de las cifras, cuando muchas no tienen asidero cient\u00edfico y no reflejan lo que realmente sucede. Tambi\u00e9n critic\u00f3 muchos de los lemas utilizado como \u201cno me mates\u201d en las campa\u00f1as para denunciar la violencia contra las mujeres.<\/p>\n\n\n\n<p class=\"wp-block-paragraph\">Explic\u00f3 claramente que es necesario entender que el Estado es el reproductor de una organizaci\u00f3n social patriarcal. Que es la sociedad la que forma a los hombres violentos \u201cla sociedad festeja y ense\u00f1a a los hombres como violentos\u201d. Dijo que muchas mujeres aceptan esa situaci\u00f3n.<\/p>\n\n\n\n<p class=\"wp-block-paragraph\">Al abrir el Foro de Reflexi\u00f3n sobre el Feminicidio, en la torre de Humanidades de la UNAM, la ex diputada que logr\u00f3 la Ley de Acceso de las Mujeres a una Vida Libre de Violencia, dijo que esa ley no es punitiva \u201ceso le toca al C\u00f3digo Penal\u201d y debe leerse bien, \u201cse trata de una reforma del Estado\u201d, en camino a una verdadera transformaci\u00f3n.<\/p>\n\n\n\n<p class=\"wp-block-paragraph\">Propuso iniciar acciones, \u201ccreativas y amables\u201d para dar respuesta a ese lenguaje b\u00e9lico \u2013 de la estrategia para enfrentar- y trabajar por el fin del feminicidio, como una meta. Consider\u00f3 que hay dejar de pensar que se puede atemperar o disminuir, hay que erradicarlo, trabajando incansablemente por alcanzar la igualdad, pero \u00e9sta no entendida como identidad, \u201cno se trata de ser como los hombres\u201d, entender a la igualdad en un sentido de modernidad democr\u00e1tica.<\/p>\n\n\n\n<p class=\"wp-block-paragraph\">Se opuso a la pol\u00edtica de castigo. Por ello se\u00f1al\u00f3 que para erradicar la violencia contra las mujeres y su asesinato no puede estar restringida a una pol\u00edtica punible. De lo que se trata es de desmantelar un sistema cultural y social patriarcal. Reiter\u00f3 que es la sociedad la que mantiene esas malas relaciones entre hombres y mujeres.<\/p>\n\n\n\n<p class=\"wp-block-paragraph\">Tal como es ella, una maestra, propuso a las participantes leer el significado original del feminicidio, a las maestras que le dieron cuerpo te\u00f3rico, a la recomendaci\u00f3n del Campo Algodonero que explica de qu\u00e9 se trata el feminicidio y se\u00f1al\u00f3 que no todos los feminicidios son id\u00e9nticos.<\/p>\n\n\n\n<p class=\"wp-block-paragraph\">Aprovech\u00f3 el espacio, tambi\u00e9n para reiterar, que se avanza cuando se habla de hacer pol\u00edticas desde una perspectiva de g\u00e9nero, pero con frecuencia cuando se sabe qui\u00e9n las va a aplicar o qui\u00e9n va a capacitar, \u201cme dan ganas de morirme\u201d, critic\u00f3 entonces la simulaci\u00f3n.<\/p>\n\n\n\n<p class=\"wp-block-paragraph\">Como lo ha se\u00f1alado reiteradamente desde hace 15 a\u00f1os, Lagarde dijo que todav\u00eda hay personas que creen que el feminicidio solamente existe en Ciudad Ju\u00e1rez, por lo que se pronunci\u00f3 por difundir de qu\u00e9 se trata, d\u00f3nde est\u00e1 y ampliar las redes como los observatorios. Puso de ejemplo el que existe en la Universidad Aut\u00f3noma de Guerrero.<\/p>\n\n\n\n<p class=\"wp-block-paragraph\">Llam\u00f3, finalmente, a no dejar de trabajar para poner fin al feminicidio. Si se puede, afirm\u00f3.<\/p>\n\n\n\n<p class=\"wp-block-paragraph\">SEM\/sl\/sj<br><\/p>\n","protected":false},"excerpt":{"rendered":"<p>Estrategia del gobierno de la CDMX, abusiva y nos violenta<\/p>\n","protected":false},"author":3,"featured_media":11188,"comment_status":"open","ping_status":"open","sticky":false,"template":"","format":"standard","meta":{"_monsterinsights_skip_tracking":false,"footnotes":""},"categories":[690,54],"tags":[],"class_list":["post-11187","post","type-post","status-publish","format-standard","has-post-thumbnail","category-690","category-mujeres"],"_links":{"self":[{"href":"https:\/\/redsemlac.com\/semmexico\/wp-json\/wp\/v2\/posts\/11187","targetHints":{"allow":["GET"]}}],"collection":[{"href":"https:\/\/redsemlac.com\/semmexico\/wp-json\/wp\/v2\/posts"}],"about":[{"href":"https:\/\/redsemlac.com\/semmexico\/wp-json\/wp\/v2\/types\/post"}],"author":[{"embeddable":true,"href":"https:\/\/redsemlac.com\/semmexico\/wp-json\/wp\/v2\/users\/3"}],"replies":[{"embeddable":true,"href":"https:\/\/redsemlac.com\/semmexico\/wp-json\/wp\/v2\/comments?post=11187"}],"version-history":[{"count":0,"href":"https:\/\/redsemlac.com\/semmexico\/wp-json\/wp\/v2\/posts\/11187\/revisions"}],"wp:featuredmedia":[{"embeddable":true,"href":"https:\/\/redsemlac.com\/semmexico\/wp-json\/wp\/v2\/media\/11188"}],"wp:attachment":[{"href":"https:\/\/redsemlac.com\/semmexico\/wp-json\/wp\/v2\/media?parent=11187"}],"wp:term":[{"taxonomy":"category","embeddable":true,"href":"https:\/\/redsemlac.com\/semmexico\/wp-json\/wp\/v2\/categories?post=11187"},{"taxonomy":"post_tag","embeddable":true,"href":"https:\/\/redsemlac.com\/semmexico\/wp-json\/wp\/v2\/tags?post=11187"}],"curies":[{"name":"wp","href":"https:\/\/api.w.org\/{rel}","templated":true}]}}