{"id":11184,"date":"2019-08-23T02:13:34","date_gmt":"2019-08-23T02:13:34","guid":{"rendered":"https:\/\/redsemlac.com\/semmexico\/?p=11184"},"modified":"2023-07-21T14:52:59","modified_gmt":"2023-07-21T19:52:59","slug":"morelia","status":"publish","type":"post","link":"https:\/\/redsemlac.com\/semmexico\/morelia\/","title":{"rendered":"Repudian periodistas de Michoac\u00e1n agresi\u00f3n contra Mitzi Torres"},"content":{"rendered":"\n<p class=\"wp-block-paragraph\"><strong>* Demandan investigaci\u00f3n y rigor contra quienes resulten responsables<\/strong><\/p>\n\n\n\n<p class=\"wp-block-paragraph\"><strong>* Gobierno del Estado promete legalidad en el procedimiento<\/strong><br><\/p>\n\n\n\n<p class=\"wp-block-paragraph\"><strong>Redacci\u00f3n<\/strong><\/p>\n\n\n\n<p class=\"wp-block-paragraph\">SemM\u00e9xico, Morelia, Mich., 22 agosto 2019.- Periodistas, mujeres y hombres, repudiaron y condenaron la agresi\u00f3n contra la reportera Mitzi Yanet Torres Quintero cometida por polic\u00edas municipales de esta capital, tras ser v\u00edctima de un intento de violaci\u00f3n, fue revictimizada y violentada en sus derechos por quienes deb\u00edan proveerle apoyo y protecci\u00f3n.<br><\/p>\n\n\n\n<p class=\"wp-block-paragraph\">En una carta p\u00fablica dirigida al gobernador Silvano Aureoles Conejo; al alcalde de Morelia, Ra\u00fal Mor\u00f3n Orozco; al Fiscal Adri\u00e1n L\u00f3pez Sol\u00eds y los organismos defensores de los derechos humanos, las y los periodistas michoacanos plantearon diversos se\u00f1alamientos.<br><\/p>\n\n\n\n<p class=\"wp-block-paragraph\">Exigen al mun\u00edcipe Mor\u00f3n Orozco y a la Comisi\u00f3n Municipal de Seguridad Ciudadana de Morelia, que los procedimientos internos iniciados a los funcionarios p\u00fablicos que violentaron los derechos de Torres Quintero, tengan el rigor debido para lograr que se finquen las responsabilidades correspondientes.<br><\/p>\n\n\n\n<p class=\"wp-block-paragraph\">Y demandaron tambi\u00e9n que el Ayuntamiento de Morelia una revisi\u00f3n de los protocolos de actuaci\u00f3n de la Polic\u00eda Municipal, por ser \u00e9sta fuente de quejas continuas ante la Comisi\u00f3n Estatal de Derechos Humanos y que hoy suma a la lista el caso de Mitzi Torres.<br><\/p>\n\n\n\n<p class=\"wp-block-paragraph\">Al gobernador Aureoles Conejo le piden ordenar la aplicaci\u00f3n efectiva de las medidas de protecci\u00f3n previstas por la norma, a trav\u00e9s de la Unidad Estatal de Protecci\u00f3n de Personas Defensoras de Derechos Humanos y Periodistas de Michoac\u00e1n que depende de la Secretar\u00eda de Gobierno, frente a cualquier amenaza, represalia o acci\u00f3n que devenga de la agresi\u00f3n que nuestra compa\u00f1era sufri\u00f3 o como consecuencia de denunciar p\u00fablicamente los hechos.<br><\/p>\n\n\n\n<p class=\"wp-block-paragraph\">Demandaron que se ahonde en las acciones y la responsabilidad que como autoridad estatal tiene, para el combate a la ola de violencia contra las mujeres por las que atraviesa el Estado \u2013declarado en Alerta de Violencia de G\u00e9nero- y que marca ahora la vida de nuestra compa\u00f1era Mitzi Torres.<br><\/p>\n\n\n\n<p class=\"wp-block-paragraph\">Exigieron respeto cabal al trabajo period\u00edstico y la labor de reporteros tanto en hecho como en discurso, evitando as\u00ed escenarios de descalificaciones y agresiones a periodistas propiciados desde la autoridad estatal.<br><\/p>\n\n\n\n<p class=\"wp-block-paragraph\">Y al Fiscal Adri\u00e1n L\u00f3pez Sol\u00eds le solicitaron una investigaci\u00f3n exhaustiva y efectiva sobre los responsables de la agresi\u00f3n sexual perpetrada contra la periodista agredida por polic\u00edas municipales, dando cabal cumplimiento a lo establecido en las normas que tutelan los derechos de las mujeres.<br><\/p>\n\n\n\n<p class=\"wp-block-paragraph\">As\u00ed como una investigaci\u00f3n puntual y exhaustiva desde la Fiscal\u00eda Especializada en Materia de Derechos Humanos y Libertad de Expresi\u00f3n por las agresiones perpetradas a nuestra compa\u00f1era por elementos de la Polic\u00eda Municipal de Morelia tras identificarse como periodista.<\/p>\n\n\n\n<p class=\"wp-block-paragraph\">Por \u00faltimo, en la carta p\u00fablica demandan que los organismos defensores de los derechos humanos intervengan para que den acompa\u00f1amiento al caso de Mitzi Yanet Torres para velar por el correcto desempe\u00f1o de las autoridades que deben accionar cumpliendo con su responsabilidad.<br><\/p>\n\n\n\n<p class=\"wp-block-paragraph\"><strong>Investigaci\u00f3n con apego a la legalidad, promete el gobierno&nbsp;<\/strong><br><\/p>\n\n\n\n<p class=\"wp-block-paragraph\">Por otra parte, el gobierno del estado anunci\u00f3 que la Polic\u00eda de Morelia, mediante su Direcci\u00f3n de Asuntos Internos, inici\u00f3 un procedimiento administrativo de responsabilidad ante la denuncia p\u00fablica y penal presentada por la periodista.<br><\/p>\n\n\n\n<p class=\"wp-block-paragraph\">La comisionada municipal de Seguridad Ciudadana, Julisa Su\u00e1rez Bucio destac\u00f3 plena cooperaci\u00f3n de la instituci\u00f3n para garantizar el debido proceso con la Fiscal\u00eda General del Estado, la suspensi\u00f3n operativa de los tres agentes que acudieron al servicio en tanto se esclarezcan los hechos y la aportaci\u00f3n de elementos probatorios en los procesos que se hicieron desde la detenci\u00f3n hasta el egreso del centro de detenci\u00f3n municipal, una vez concluida su audiencia ante el Juez C\u00edvico.<br><\/p>\n\n\n\n<p class=\"wp-block-paragraph\">Su\u00e1rez Bucio asegur\u00f3 se brindar\u00e1n las facilidades al personal de la Comisi\u00f3n Estatal de Derechos Humanos en su trabajo de intervenci\u00f3n e investigaci\u00f3n que realice.&nbsp;<br><\/p>\n\n\n\n<p class=\"wp-block-paragraph\">Acompa\u00f1ada del secretario del Ayuntamiento, Humberto Arr\u00f3niz Reyes, reiter\u00f3 que la investigaci\u00f3n de estos hechos ser\u00e1n a fondo, al privilegiar siempre la salvaguarda de las mujeres del municipio ante cualquier posible acto que pudiera ser considerado violencia de g\u00e9nero o&nbsp; posible comisi\u00f3n de un delito.<br><\/p>\n\n\n\n<p class=\"wp-block-paragraph\">SEM\/ilm\/sj<br><\/p>\n","protected":false},"excerpt":{"rendered":"<p>Demandan investigaci\u00f3n y rigor contra quienes resulten responsables\ufeff<\/p>\n","protected":false},"author":3,"featured_media":11185,"comment_status":"open","ping_status":"open","sticky":false,"template":"","format":"standard","meta":{"_monsterinsights_skip_tracking":false,"footnotes":""},"categories":[690,55],"tags":[],"class_list":["post-11184","post","type-post","status-publish","format-standard","has-post-thumbnail","category-690","category-periodistas"],"_links":{"self":[{"href":"https:\/\/redsemlac.com\/semmexico\/wp-json\/wp\/v2\/posts\/11184","targetHints":{"allow":["GET"]}}],"collection":[{"href":"https:\/\/redsemlac.com\/semmexico\/wp-json\/wp\/v2\/posts"}],"about":[{"href":"https:\/\/redsemlac.com\/semmexico\/wp-json\/wp\/v2\/types\/post"}],"author":[{"embeddable":true,"href":"https:\/\/redsemlac.com\/semmexico\/wp-json\/wp\/v2\/users\/3"}],"replies":[{"embeddable":true,"href":"https:\/\/redsemlac.com\/semmexico\/wp-json\/wp\/v2\/comments?post=11184"}],"version-history":[{"count":0,"href":"https:\/\/redsemlac.com\/semmexico\/wp-json\/wp\/v2\/posts\/11184\/revisions"}],"wp:featuredmedia":[{"embeddable":true,"href":"https:\/\/redsemlac.com\/semmexico\/wp-json\/wp\/v2\/media\/11185"}],"wp:attachment":[{"href":"https:\/\/redsemlac.com\/semmexico\/wp-json\/wp\/v2\/media?parent=11184"}],"wp:term":[{"taxonomy":"category","embeddable":true,"href":"https:\/\/redsemlac.com\/semmexico\/wp-json\/wp\/v2\/categories?post=11184"},{"taxonomy":"post_tag","embeddable":true,"href":"https:\/\/redsemlac.com\/semmexico\/wp-json\/wp\/v2\/tags?post=11184"}],"curies":[{"name":"wp","href":"https:\/\/api.w.org\/{rel}","templated":true}]}}