{"id":11171,"date":"2019-08-23T00:48:01","date_gmt":"2019-08-23T00:48:01","guid":{"rendered":"https:\/\/redsemlac.com\/semmexico\/?p=11171"},"modified":"2023-07-21T14:53:00","modified_gmt":"2023-07-21T19:53:00","slug":"guerrero-22","status":"publish","type":"post","link":"https:\/\/redsemlac.com\/semmexico\/guerrero-22\/","title":{"rendered":"En Guerrero, en 18 meses, han atendido m\u00e1s de 500 delitos cibern\u00e9ticos"},"content":{"rendered":"\n<p class=\"wp-block-paragraph\"><strong>* Necesaria una legislaci\u00f3n en esa materia y capacitaci\u00f3n a MP<\/strong><\/p>\n\n\n\n<p class=\"wp-block-paragraph\"><strong>* Acapulco el municipio con m\u00e1s reportes en esa entidad<\/strong><br><\/p>\n\n\n\n<p class=\"wp-block-paragraph\"><strong>Josefina Aguilar Pastor&nbsp;<\/strong><\/p>\n\n\n\n<p class=\"wp-block-paragraph\">SemM\u00e9xico, Chilpancingo, Gro., 22 agosto 2019.- En Guerrero de enero de 2018 a julio de 2019, se han atendido 502 incidentes cibern\u00e9ticos, inform\u00f3 Antonio Carlos Herrera Justo Inspector Jefe de la Unidad de la Polic\u00eda Cibern\u00e9tica de la Secretaria de Seguridad P\u00fablica (SSP), quien urgi\u00f3 en la necesidad de legislar en materia de delitos cibern\u00e9ticos, as\u00ed como capacitar a Ministerios P\u00fablicos para atender estas denuncias.<br><\/p>\n\n\n\n<p class=\"wp-block-paragraph\">Al participar en la Segunda mesa tem\u00e1tica de An\u00e1lisis \u201cPrevenci\u00f3n y Atenci\u00f3n de la Violencia\u201d, organizada por el Instituto Electoral y Participaci\u00f3n Ciudadana (IEPC), y el Instituto Nacional Electoral (INE), en el marco de la presentaci\u00f3n de los resultados de la Consulta Infantil y Juvenil 2018, el jefe policiaco dio a conocer las cifras de incidentes relacionados con ciber acoso o acoso cibern\u00e9tico.&nbsp;<br><\/p>\n\n\n\n<p class=\"wp-block-paragraph\">Acapulco es el municipio con el mayor n\u00famero de incidentes cibern\u00e9ticos. De enero a la fecha, la polic\u00eda cibern\u00e9tica recibi\u00f3 el reporte de 194; le siguen por orden de denuncias Chilpancingo, Zihuatanejo, Iguala, Taxco, Tlapa, Ometepec, Coyuca de Ben\u00edtez Arcelia y Tixtla, entre otros.<br><\/p>\n\n\n\n<p class=\"wp-block-paragraph\">En cuanto a las p\u00e1ginas detectadas suman 312, de la cuales han eliminado 133, 206 est\u00e1n pendientes, indic\u00f3 el jefe de la polic\u00eda cibern\u00e9tica.<br><\/p>\n\n\n\n<p class=\"wp-block-paragraph\">Herrera Justo se\u00f1al\u00f3 que, de acuerdo al INEGI, el ciber acoso es poco denunciado, registra el m\u00e1s bajo porcentaje en cuanto a denuncias. Esto se debe, explic\u00f3, a factores como la falta de informaci\u00f3n por parte de la poblaci\u00f3n, de padres y madres de familia que no cuentan con las herramientas para fomentar la cultura de la denuncia, pero tambi\u00e9n a la falta de capacitaci\u00f3n de los agentes del ministerio p\u00fablico, para integrar la denuncia por la falta de una legislaci\u00f3n y tipificaci\u00f3n del delito.<br><\/p>\n\n\n\n<p class=\"wp-block-paragraph\">Precis\u00f3 que las ni\u00f1as, ni\u00f1os y adolescentes en su tiempo libre navegan en internet, con conocimiento de sus familias, que son omisos de los peligros en los que se encuentran al hacerlo, \u201cporque son ellos quienes se los permiten, quienes les entregan un tel\u00e9fono, una tablet y se olvidan de los riesgos a los que est\u00e1n expuestos\u201d, se\u00f1al\u00f3 el jefe policiaco.<br><\/p>\n\n\n\n<p class=\"wp-block-paragraph\">Para contrarrestar esta situaci\u00f3n, el jefe de la Polic\u00eda Cibern\u00e9tica, hizo una serie de propuesta, entre ellas, introducir la cultura de la prevenci\u00f3n a la ciudadan\u00eda sobre delitos e incidentes cibern\u00e9ticos, impartiendo talleres de prevenci\u00f3n dirigidos al sector educativo y la sociedad en general, con temas como la trata de personas, acoso escolar, sexting, sextorsi\u00f3n, noticias falsas que pueden desencadenar estigmatizaci\u00f3n de una persona, los retos que surgen en internet, en la que las y los peque\u00f1os participan y la pornograf\u00eda infantil.<\/p>\n\n\n\n<p class=\"wp-block-paragraph\">Dijo tambi\u00e9n que es necesario organizarse desde las distintas plataformas sociales, al estar comprobado que, si no generan una presi\u00f3n de diferentes \u00e1reas o demasiado amplia, no hay un resultado favorable.&nbsp;<br><\/p>\n\n\n\n<p class=\"wp-block-paragraph\">Coordinar los canales de colaboraci\u00f3n entre las distintas instituciones p\u00fablicas, acad\u00e9micas, sociedad civil y organizaciones privadas en materia de ciber seguridad y tener una capacidad resiliente necesaria para establecer mecanismos preventivos proactivos, reactivos que brinden confianza y tranquilidad a la poblaci\u00f3n en el uso y aprovechamiento de las tecnolog\u00edas de la comunicaci\u00f3n.&nbsp;<br><\/p>\n\n\n\n<p class=\"wp-block-paragraph\">Coordinar un marco legal para la tipificaci\u00f3n de incidentes cibern\u00e9ticos de alto impacto en Guerrero, que no existen, equiparar estos incidentes con algunos otros delitos. Si es una amenaza cibern\u00e9tica, encuadrarla en el delito de amenaza para hacer procedente la denuncia.<br><\/p>\n\n\n\n<p class=\"wp-block-paragraph\">Armonizar y homologar los c\u00f3digos penales y leyes complementarias en relaci\u00f3n a ciber delitos, as\u00ed como las herramientas jur\u00eddicas con las que cuentan las instancias procuradoras de justicia.<br><\/p>\n\n\n\n<p class=\"wp-block-paragraph\">Subray\u00f3 la importancia de certificar a los Ministerios P\u00fablicos del estado, en la atenci\u00f3n de los ciber delitos, \u201cmuchas veces para que tengamos un fundamento para poder intervenir ante una situaci\u00f3n, necesitamos una denuncia formal, sin embargo, muchas veces le dicen a las personas denunciantes que no se puede.<\/p>\n\n\n\n<p class=\"wp-block-paragraph\"><\/p>\n\n\n\n<p class=\"wp-block-paragraph\">SEM\/jap\/sj<br><\/p>\n","protected":false},"excerpt":{"rendered":"<p>Necesaria una legislaci\u00f3n en esa materia y capacitaci\u00f3n a MP<\/p>\n","protected":false},"author":3,"featured_media":11172,"comment_status":"open","ping_status":"open","sticky":false,"template":"","format":"standard","meta":{"_monsterinsights_skip_tracking":false,"footnotes":""},"categories":[690,51],"tags":[],"class_list":["post-11171","post","type-post","status-publish","format-standard","has-post-thumbnail","category-690","category-ejecutivo"],"_links":{"self":[{"href":"https:\/\/redsemlac.com\/semmexico\/wp-json\/wp\/v2\/posts\/11171","targetHints":{"allow":["GET"]}}],"collection":[{"href":"https:\/\/redsemlac.com\/semmexico\/wp-json\/wp\/v2\/posts"}],"about":[{"href":"https:\/\/redsemlac.com\/semmexico\/wp-json\/wp\/v2\/types\/post"}],"author":[{"embeddable":true,"href":"https:\/\/redsemlac.com\/semmexico\/wp-json\/wp\/v2\/users\/3"}],"replies":[{"embeddable":true,"href":"https:\/\/redsemlac.com\/semmexico\/wp-json\/wp\/v2\/comments?post=11171"}],"version-history":[{"count":0,"href":"https:\/\/redsemlac.com\/semmexico\/wp-json\/wp\/v2\/posts\/11171\/revisions"}],"wp:featuredmedia":[{"embeddable":true,"href":"https:\/\/redsemlac.com\/semmexico\/wp-json\/wp\/v2\/media\/11172"}],"wp:attachment":[{"href":"https:\/\/redsemlac.com\/semmexico\/wp-json\/wp\/v2\/media?parent=11171"}],"wp:term":[{"taxonomy":"category","embeddable":true,"href":"https:\/\/redsemlac.com\/semmexico\/wp-json\/wp\/v2\/categories?post=11171"},{"taxonomy":"post_tag","embeddable":true,"href":"https:\/\/redsemlac.com\/semmexico\/wp-json\/wp\/v2\/tags?post=11171"}],"curies":[{"name":"wp","href":"https:\/\/api.w.org\/{rel}","templated":true}]}}