{"id":11168,"date":"2019-08-23T00:35:41","date_gmt":"2019-08-23T00:35:41","guid":{"rendered":"https:\/\/redsemlac.com\/semmexico\/?p=11168"},"modified":"2023-07-21T14:53:00","modified_gmt":"2023-07-21T19:53:00","slug":"discriminacion-de-genero-causan-apatridia-en-la-ninez","status":"publish","type":"post","link":"https:\/\/redsemlac.com\/semmexico\/discriminacion-de-genero-causan-apatridia-en-la-ninez\/","title":{"rendered":"Discriminaci\u00f3n de g\u00e9nero causan apatridia en la ni\u00f1ez"},"content":{"rendered":"\n<p class=\"wp-block-paragraph\"><strong>* En 25 pa\u00edses las mujeres no pueden transmitir su nacionalidad a sus hijos e hijas<\/strong><\/p>\n\n\n\n<p class=\"wp-block-paragraph\"><strong>* Revela ONU que tambi\u00e9n en tres pa\u00edses los hombres est\u00e1n en esa condici\u00f3n&nbsp;<\/strong><\/p>\n\n\n\n<p class=\"wp-block-paragraph\"><strong>Redacci\u00f3n&nbsp;<\/strong>\t<\/p>\n\n\n\n<p class=\"wp-block-paragraph\">SemM\u00e9xico\/Noticias ONU, Cd. de M\u00e9xico, 22 agosto 2019.-&nbsp;Un nuevo<a href=\"https:\/\/www.unhcr.org\/ibelong\/gender-discrimination-and-stateless-children\/\">&nbsp;informe<\/a>&nbsp;de tres organismos de las Naciones Unidas revel\u00f3 este jueves que las leyes de&nbsp;25 pa\u00edses no permiten que las mujeres les transmitan su nacionalidad&nbsp;a los hijos en t\u00e9rminos de igualdad con los hombres y que tres pa\u00edses m\u00e1s no dejan que los hombres les den la nacionalidad a los hijos nacidos fuera del matrimonio.<\/p>\n\n\n\n<p class=\"wp-block-paragraph\">Estas legislaciones implican una discriminaci\u00f3n de g\u00e9nero y son una de las&nbsp;causas de fondo de la apatridia&nbsp;en la ni\u00f1ez a nivel global, afirmaron la Oficina del Alto Comisionado de la ONU para los Derechos Humanos, la&nbsp;<a href=\"http:\/\/www.acnur.org\/\">Agencia de la ONU para los Refugiados<\/a>&nbsp;(ACNUR) y el&nbsp;<a href=\"https:\/\/www.unicef.org\/es\">Fondo de la ONU para la Infancia<\/a>&nbsp;(<a href=\"https:\/\/www.unicef.org\/es\">UNICEF<\/a>).<\/p>\n\n\n\n<p class=\"wp-block-paragraph\">Seg\u00fan los datos de esas agencias, actualmente hay&nbsp;<strong>3,9 millones de ap\u00e1tridas<\/strong>&nbsp;registrados en 78 pa\u00edses, pero la cifra real podr\u00eda ser bastante m\u00e1s alta, han advertido.<\/p>\n\n\n\n<p class=\"wp-block-paragraph\"><strong>Reformar la legislaci\u00f3n<\/strong><\/p>\n\n\n\n<p class=\"wp-block-paragraph\">En un comunicado conjunto que incluye a la<a href=\"https:\/\/equalnationalityrights.org\/\">Campa\u00f1a Global por la Igualdad de Derechos de Nacionalidad<\/a>, los organismos&nbsp;<strong>urgieron a reformar las leyes discriminatorias<\/strong>&nbsp;para combatir el fen\u00f3meno de la apatridia, que no permite que las personas en esa situaci\u00f3n ejerzan una serie de derechos fundamentales como la educaci\u00f3n y los servicios de salud, y exponi\u00e9ndolas a una vida de discriminaci\u00f3n.<\/p>\n\n\n\n<p class=\"wp-block-paragraph\">\u201cSer paria tambi\u00e9n puede colocar a los ni\u00f1os en un&nbsp;<strong>alto riesgo de violencia, abusos y trata<\/strong>&nbsp;de personas, y dejarlos, junto con sus familias, expuestos a arrestos y detenciones\u201d, dijo Grainne O\u00b4Hara, directora de Protecci\u00f3n Internacional de ACNUR.<\/p>\n\n\n\n<p class=\"wp-block-paragraph\">Hist\u00f3ricamente, las leyes que implicaban discriminaci\u00f3n de g\u00e9nero fueron la norma en muchos pa\u00edses, pero en la actualidad el 85 % de los Estados garantizan a hombres y mujeres por igual el derecho de transmitir su nacionalidad a los hijos.<\/p>\n\n\n\n<p class=\"wp-block-paragraph\">Los organismos de la ONU recordaron que la&nbsp;<a href=\"https:\/\/www.ohchr.org\/sp\/professionalinterest\/pages\/cedaw.aspx\">Convenci\u00f3n para la Eliminaci\u00f3n de Todas las Formas de Discriminaci\u00f3n contra la Mujer<\/a>&nbsp;defiende el derecho de las madres y los padres a transmitir su nacionalidad a los hijos y que la&nbsp;<a href=\"https:\/\/www.ohchr.org\/sp\/professionalinterest\/pages\/crc.aspx\">Convenci\u00f3n de los Derechos del Ni\u00f1o<\/a>, ratificada por pr\u00e1cticamente todos los pa\u00edses, estipula que&nbsp;<strong>todos los menores tienen el derecho a una nacionalidad<\/strong>&nbsp;desde que nacen.<\/p>\n\n\n\n<p class=\"wp-block-paragraph\">\u201cNing\u00fan ni\u00f1o o ni\u00f1a elige ser paria, es algo que no depende de ellos y, muy a menudo, est\u00e1 fuera del control de sus padres\u201d, apunt\u00f3 Cornelius Williams, director adjunto de Protecci\u00f3n de Menores de UNICEF.<\/p>\n\n\n\n<p class=\"wp-block-paragraph\">Williams explic\u00f3 que la apatridia excluye y a\u00edsla a los ni\u00f1os y enfatiz\u00f3 que es fundamental garantizar que todos los menores tengan una nacionalidad para que puedan aspirar a un futuro de bienestar.<\/p>\n\n\n\n<p class=\"wp-block-paragraph\">SEM\/sj<br><\/p>\n","protected":false},"excerpt":{"rendered":"<p>Revela ONU que tambi\u00e9n en tres pa\u00edses los hombres est\u00e1n en esa condici\u00f3n <\/p>\n","protected":false},"author":3,"featured_media":11169,"comment_status":"open","ping_status":"open","sticky":false,"template":"","format":"standard","meta":{"_monsterinsights_skip_tracking":false,"footnotes":""},"categories":[690,53],"tags":[],"class_list":["post-11168","post","type-post","status-publish","format-standard","has-post-thumbnail","category-690","category-internacional"],"_links":{"self":[{"href":"https:\/\/redsemlac.com\/semmexico\/wp-json\/wp\/v2\/posts\/11168","targetHints":{"allow":["GET"]}}],"collection":[{"href":"https:\/\/redsemlac.com\/semmexico\/wp-json\/wp\/v2\/posts"}],"about":[{"href":"https:\/\/redsemlac.com\/semmexico\/wp-json\/wp\/v2\/types\/post"}],"author":[{"embeddable":true,"href":"https:\/\/redsemlac.com\/semmexico\/wp-json\/wp\/v2\/users\/3"}],"replies":[{"embeddable":true,"href":"https:\/\/redsemlac.com\/semmexico\/wp-json\/wp\/v2\/comments?post=11168"}],"version-history":[{"count":0,"href":"https:\/\/redsemlac.com\/semmexico\/wp-json\/wp\/v2\/posts\/11168\/revisions"}],"wp:featuredmedia":[{"embeddable":true,"href":"https:\/\/redsemlac.com\/semmexico\/wp-json\/wp\/v2\/media\/11169"}],"wp:attachment":[{"href":"https:\/\/redsemlac.com\/semmexico\/wp-json\/wp\/v2\/media?parent=11168"}],"wp:term":[{"taxonomy":"category","embeddable":true,"href":"https:\/\/redsemlac.com\/semmexico\/wp-json\/wp\/v2\/categories?post=11168"},{"taxonomy":"post_tag","embeddable":true,"href":"https:\/\/redsemlac.com\/semmexico\/wp-json\/wp\/v2\/tags?post=11168"}],"curies":[{"name":"wp","href":"https:\/\/api.w.org\/{rel}","templated":true}]}}