{"id":11161,"date":"2019-08-22T23:58:14","date_gmt":"2019-08-22T23:58:14","guid":{"rendered":"https:\/\/redsemlac.com\/semmexico\/?p=11161"},"modified":"2023-07-21T14:53:00","modified_gmt":"2023-07-21T19:53:00","slug":"mujeres-sometidas-a-sistemas-de-justicia-negligentes-asilegal","status":"publish","type":"post","link":"https:\/\/redsemlac.com\/semmexico\/mujeres-sometidas-a-sistemas-de-justicia-negligentes-asilegal\/","title":{"rendered":"Mujeres sometidas a sistemas de justicia negligentes: As\u00edLEGAL"},"content":{"rendered":"\n<p class=\"wp-block-paragraph\"><strong>\u201c\u00a1Es como volver a nacer!\u201d, dice tras obtener su libertad anticipada<\/strong><\/p>\n\n\n\n<p class=\"wp-block-paragraph\"><strong>* Yamel vivi\u00f3 violencia reiterada de su pareja y omisiones de las instituciones<\/strong><\/p>\n\n\n\n<p class=\"wp-block-paragraph\"><strong>Elda Montiel<\/strong><\/p>\n\n\n\n<p class=\"wp-block-paragraph\">SemM\u00e9xico, Cd. de M\u00e9xico, 22 agosto 2019.- \u201cEs como volver a nacer, hasta el aire se respira diferente\u201d, dice con una sonrisa omnipresente durante su primera cena en libertad Yamel, quien hace 11 a\u00f1os fue detenida por un conflicto en el que ella termin\u00f3 con la vida de su ex pareja.<\/p>\n\n\n\n<p class=\"wp-block-paragraph\">En v\u00edas de generar un nuevo proyecto de vida, Yamel a trav\u00e9s de los esfuerzos de Asistencia Legal por los Derechos Humanos (AsiLEGAL), se convierte en un caso de \u00e9xito. La audiencia de Yamel marca una pauta en torno la implementaci\u00f3n de la Ley Nacional de Ejecuci\u00f3n Penal en Baja California, se trata de una victoria pr\u00e1cticamente anunciada.&nbsp;<\/p>\n\n\n\n<p class=\"wp-block-paragraph\">Los acuerdos probatorios logrados entre fiscal\u00eda, defensa y representante del CERESO, consiguieron una audiencia fluida y c\u00f3moda en la que cada una de las partes act\u00faa con buena fe para promover lo que, a fin de cuentas, todos quieren y que pronuncia con palabras finales la juez de ejecuci\u00f3n: \u201cSalga y diga que la reinserci\u00f3n social s\u00ed existe\u201d.<\/p>\n\n\n\n<p class=\"wp-block-paragraph\">AsiLEGAL se\u00f1ala que el proyecto de vida detenido desde tiempo antes del conflicto con la ley penal, se puede retomar con la posibilidad de que los lastres sociales, los abusos e incapacidad de responder a \u00e9stos sirvan como un recordatorio de lo que una pareja violenta puede destruir.<\/p>\n\n\n\n<p class=\"wp-block-paragraph\">El caso de Yamel es significativo pues, una vez m\u00e1s, recuerda la posici\u00f3n de vulnerabilidad a la que son sometidas las mujeres en el sistema de justicia, sin apoyo de ning\u00fan tipo, a raz\u00f3n de g\u00e9nero con una absoluta negligencia para atender claras se\u00f1ales, repetidas, de violencia familiar y de g\u00e9nero.<\/p>\n\n\n\n<p class=\"wp-block-paragraph\">En marzo de 2008, hace 11 a\u00f1os, Yamel fue detenida por un conflicto en el que ella, despu\u00e9s de 8 a\u00f1os de relaci\u00f3n y al menos 4 a\u00f1os de violencia de g\u00e9nero, termin\u00f3 con la vida de su ex pareja.<\/p>\n\n\n\n<p class=\"wp-block-paragraph\">Yamel, al tiempo de haberse relacionado con su ex pareja, comenz\u00f3 a recibir cada vez m\u00e1s ataques \u2014verbales, f\u00edsicos y psicol\u00f3gicos\u2014 mismos que tambi\u00e9n suced\u00edan con frecuencia.&nbsp;<\/p>\n\n\n\n<p class=\"wp-block-paragraph\">Las golpizas que vivi\u00f3 Yamel fueron tales que la llevaron a ser hospitalizada m\u00e1s de una vez. La relaci\u00f3n con su pareja, no , una denuncia ignorada ante el ministerio p\u00fablico, pues \u201cno ten\u00eda suficientes golpes\u201d, seg\u00fan coment\u00f3, continu\u00f3 sin el apoyo o acompa\u00f1amiento necesario para salir del c\u00edrculo de la violencia. Con 3 hijos, Yamel se encontraba completamente sumergida en una relaci\u00f3n asim\u00e9trica de poder donde \u00e9l, tambi\u00e9n, era su \u00fanico sustento econ\u00f3mico.<\/p>\n\n\n\n<p class=\"wp-block-paragraph\">Al momento de llevarse a cabo el juicio por el homicidio calificado en relaci\u00f3n de parentesco no consangu\u00edneo los elementos del abuso y el aislamiento de un contexto de violencia y adicci\u00f3n perpetuados por su pareja, no fueron determinantes para dictar su sentencia.&nbsp;<\/p>\n\n\n\n<p class=\"wp-block-paragraph\">De haber sido as\u00ed, aplicar una perspectiva de g\u00e9nero hubiera cambiado profundamente el futuro de la vida de Yamel. En el momento de su juicio, de cualquier manera, no fueron suficientes factores para extinguir su culpabilidad por defensa propia \u2014y la defensa de uno de sus hijos\u2014 y fue sentenciada a 16 a\u00f1os privada de libertad.<\/p>\n\n\n\n<p class=\"wp-block-paragraph\">La audiencia de Yamel marca una pauta en torno la implementaci\u00f3n de la Ley Nacional de Ejecuci\u00f3n Penal en Baja California, se trata de una victoria pr\u00e1cticamente anunciada.&nbsp;<\/p>\n\n\n\n<p class=\"wp-block-paragraph\">Los acuerdos probatorios logrados entre fiscal\u00eda, defensa y representante del CERESO, consiguieron una audiencia fluida y c\u00f3moda en la que cada una de las partes act\u00faa con buena fe para promover lo que, a fin de cuentas, todos quieren y que pronuncia con palabras finales la juez de ejecuci\u00f3n: \u201cSalga y diga que la reinserci\u00f3n social s\u00ed existe\u201d.<\/p>\n\n\n\n<p class=\"wp-block-paragraph\">Los 16 a\u00f1os se convirtieron, finalmente, en 11 a\u00f1os, cinco meses y seis d\u00edas en total de detener el proyecto de vida.&nbsp;<\/p>\n\n\n\n<p class=\"wp-block-paragraph\">\u201cPor supuesto que lo que m\u00e1s me emociona es reunirme con mis hijos, pero tambi\u00e9n ya quiero poder hacer las cosas por m\u00ed misma. Ah\u00ed dentro todo lo hacen por ti. Ya no m\u00e1s. Me emociona aprender a vivir de nuevo, quiero trabajar, conseguir una casa y, en su momento, reunirme con mis ni\u00f1os\u201d, se\u00f1ala Yamel.<\/p>\n\n\n\n<p class=\"wp-block-paragraph\">SEM\/em\/sj<br><\/p>\n","protected":false},"excerpt":{"rendered":"<p>\u201c\u00a1Es como volver a nacer!\u201d, dice tras obtener su libertad anticipada<\/p>\n","protected":false},"author":3,"featured_media":11162,"comment_status":"open","ping_status":"open","sticky":false,"template":"","format":"standard","meta":{"_monsterinsights_skip_tracking":false,"footnotes":""},"categories":[690,54],"tags":[],"class_list":["post-11161","post","type-post","status-publish","format-standard","has-post-thumbnail","category-690","category-mujeres"],"_links":{"self":[{"href":"https:\/\/redsemlac.com\/semmexico\/wp-json\/wp\/v2\/posts\/11161","targetHints":{"allow":["GET"]}}],"collection":[{"href":"https:\/\/redsemlac.com\/semmexico\/wp-json\/wp\/v2\/posts"}],"about":[{"href":"https:\/\/redsemlac.com\/semmexico\/wp-json\/wp\/v2\/types\/post"}],"author":[{"embeddable":true,"href":"https:\/\/redsemlac.com\/semmexico\/wp-json\/wp\/v2\/users\/3"}],"replies":[{"embeddable":true,"href":"https:\/\/redsemlac.com\/semmexico\/wp-json\/wp\/v2\/comments?post=11161"}],"version-history":[{"count":0,"href":"https:\/\/redsemlac.com\/semmexico\/wp-json\/wp\/v2\/posts\/11161\/revisions"}],"wp:featuredmedia":[{"embeddable":true,"href":"https:\/\/redsemlac.com\/semmexico\/wp-json\/wp\/v2\/media\/11162"}],"wp:attachment":[{"href":"https:\/\/redsemlac.com\/semmexico\/wp-json\/wp\/v2\/media?parent=11161"}],"wp:term":[{"taxonomy":"category","embeddable":true,"href":"https:\/\/redsemlac.com\/semmexico\/wp-json\/wp\/v2\/categories?post=11161"},{"taxonomy":"post_tag","embeddable":true,"href":"https:\/\/redsemlac.com\/semmexico\/wp-json\/wp\/v2\/tags?post=11161"}],"curies":[{"name":"wp","href":"https:\/\/api.w.org\/{rel}","templated":true}]}}