{"id":11120,"date":"2019-08-22T13:48:04","date_gmt":"2019-08-22T13:48:04","guid":{"rendered":"https:\/\/redsemlac.com\/semmexico\/?p=11120"},"modified":"2023-07-21T14:53:01","modified_gmt":"2023-07-21T19:53:01","slug":"infobae-incorpora-la-figura-de-editora-de-genero-y-capacita-a-su-equipo-completo","status":"publish","type":"post","link":"https:\/\/redsemlac.com\/semmexico\/infobae-incorpora-la-figura-de-editora-de-genero-y-capacita-a-su-equipo-completo\/","title":{"rendered":"Infobae incorpora la figura de editora de g\u00e9nero y capacita a su equipo completo"},"content":{"rendered":"\n<p class=\"wp-block-paragraph\"> <strong>El objetivo de crear un cargo que hasta hace poco m\u00e1s de un a\u00f1o no exist\u00eda en ning\u00fan medio del mundo es asegurar la perspectiva de g\u00e9nero en todas las \u00e1reas del medio <\/strong><\/p>\n\n\n\n<p class=\"wp-block-paragraph\">SemM\u00e9xico\/Infobae. 22 de agosto 2019.- En sinton\u00eda con un momento hist\u00f3rico en el mundo, resultado de la enorme potencia del movimiento de mujeres y los feminismos, <strong>Infobae<\/strong>\u00a0ha decidido incorporar la figura de \u00ab<strong>editora de g\u00e9nero\u00bb<\/strong>. El objetivo de crear un cargo que hasta hace poco m\u00e1s de un a\u00f1o\u00a0<strong>no exist\u00eda en ning\u00fan medio del mundo<\/strong>\u00a0es\u00a0<strong>asegurar la perspectiva de g\u00e9nero<\/strong>\u00a0en todas las \u00e1reas del medio.<\/p>\n\n\n\n<p class=\"wp-block-paragraph\">Quien estar\u00e1 a cargo de ese trabajo ser\u00e1 Gisele Sousa Dias, periodista especializada en g\u00e9nero y diversidad, que trabaja en&nbsp;<strong>Infobae<\/strong>&nbsp;desde hace m\u00e1s de dos a\u00f1os. Sousa Dias dict\u00f3 talleres para periodistas sobre el tratamiento de la&nbsp;<strong>violencia contra las mujeres<\/strong>&nbsp;en los medios y es mag\u00edster en Periodismo. Su tesis, pr\u00f3xima a publicarse en formato de libro, se titula \u00ab<em>Sobrevivientes: el despu\u00e9s de la violencia de g\u00e9nero<\/em>\u00ab. En 2014 obtuvo el premio ADEPA en la categor\u00eda \u00abDerechos Humanos\u00bb por sus notas sobre violencia contras las mujeres.<\/p>\n\n\n\n<p class=\"wp-block-paragraph\">Su trabajo ser\u00e1&nbsp;<strong>transversal<\/strong>&nbsp;a todas las secciones de&nbsp;<strong>Infobae<\/strong>. No se trata de hacer \u00ab<strong>m\u00e1s temas de mujeres hechos por mujeres\u00bb<\/strong>&nbsp;sino de sacar a las mujeres de la&nbsp;<strong>invisibilidad<\/strong>&nbsp;en las coberturas, impulsar la igualdad y garantizar un&nbsp;<strong>tratamiento responsable<\/strong>&nbsp;de las distintas formas de violencia contra las mujeres cis, trans y travestis, ni\u00f1as y adolescentes.<\/p>\n\n\n\n<p class=\"wp-block-paragraph\">En este contexto,&nbsp;<strong>Infobae<\/strong>&nbsp;convoc\u00f3 a Mariana Carbajal, periodista de referencia en la tem\u00e1tica en Argentina, para&nbsp;<strong>capacitar a su equipo completo.<\/strong>&nbsp;Carbajal es, adem\u00e1s, docente y autora de varios libros, entre ellos \u00ab<em>El aborto en debate\u00bb<\/em>, \u00ab<em>Maltratadas: Violencia de g\u00e9nero en las relaciones de pareja\u00bb<\/em>&nbsp;y \u00ab<em>Yo te creo hermana\u00bb<\/em>.<\/p>\n\n\n\n<figure class=\"wp-block-image\"><a href=\"https:\/\/twitter.com\/intent\/tweet?text=Infobae%20incorpora%20la%20figura%20de%20editora%20de%20g%C3%A9nero%20y%20capacita%20a%20su%20equipo%20completo&amp;url=https:\/\/www.infobae.com\/sociedad\/2019\/08\/21\/infobae-incorpora-la-figura-de-editora-de-genero-y-capacita-a-su-equipo-completo\/%234AEBDYCODBDI7HEI6N66DD2KNM\" target=\"_blank\" rel=\"noreferrer noopener\"><img decoding=\"async\" src=\"https:\/\/www.infobae.com\/new-resizer\/NJan-22CNG7aXBkppMMS-Se7I9o=\/750x0\/filters:quality(100)\/s3.amazonaws.com\/arc-wordpress-client-uploads\/infobae-wp\/wp-content\/uploads\/2019\/08\/20145821\/Editora-de-Genero-4.jpg\" alt=\"Ayer, durante la capacitaci\u00f3n que comenz\u00f3 en Infobae\"\/><\/a><figcaption>Ayer, durante la capacitaci\u00f3n que comenz\u00f3 en Infobae<\/figcaption><\/figure>\n\n\n\n<p class=\"wp-block-paragraph\">El ciclo -llamado \u00ab<strong>\u00bfC\u00f3mo hacer periodismo con perspectiva de g\u00e9nero?\u00bb-<\/strong>&nbsp;comenz\u00f3 ayer, se extender\u00e1 a lo largo de varios meses y tiene una particularidad:&nbsp;<strong>es transversal para todos los que hacemos Infobae,<\/strong>&nbsp;es decir, para las y los periodistas y tambi\u00e9n para la Gerencia General, Comercial, Administraci\u00f3n y Finanzas, Recursos Humanos, Marketing y Branded Content.<\/p>\n\n\n\n<p class=\"wp-block-paragraph\"><strong>Infobae<\/strong>&nbsp;se suma a una decisi\u00f3n que, hasta el momento, s\u00f3lo han asumido&nbsp;<strong>los medios m\u00e1s importantes del mundo<\/strong>. En enero de 2018, el New York Times design\u00f3 a una periodista en el rol de editora de g\u00e9nero, luego el diario El Pa\u00eds, de Espa\u00f1a, y en junio de este a\u00f1o se sum\u00f3 Clar\u00edn, en Argentina.<\/p>\n\n\n\n<p class=\"wp-block-paragraph\">Nuestro&nbsp;compromiso, adem\u00e1s, es promover&nbsp;<strong>un cambio cultural<\/strong>&nbsp;para romper lo que se conoce como \u00ab<strong>techo de cristal\u00bb<\/strong>, un obst\u00e1culo invisible en la carrera laboral de las mujeres que les impide llegar a cargos de liderazgo.&nbsp;<strong>Infobae<\/strong>&nbsp;es un ejemplo de ello, porque son mujeres quienes dirigen \u00e1reas vitales, tanto dentro como fuera del \u00e1rea period\u00edstica.<\/p>\n\n\n\n<figure class=\"wp-block-image\"><a href=\"https:\/\/twitter.com\/intent\/tweet?text=Infobae%20incorpora%20la%20figura%20de%20editora%20de%20g%C3%A9nero%20y%20capacita%20a%20su%20equipo%20completo&amp;url=https:\/\/www.infobae.com\/sociedad\/2019\/08\/21\/infobae-incorpora-la-figura-de-editora-de-genero-y-capacita-a-su-equipo-completo\/%23FJJLJJUVZNASHJYV5QDDY535OA\" target=\"_blank\" rel=\"noreferrer noopener\"><img decoding=\"async\" src=\"https:\/\/www.infobae.com\/new-resizer\/d6QZbMyGlR9wHJsEuVZ13pWu0_I=\/750x0\/filters:quality(100)\/s3.amazonaws.com\/arc-wordpress-client-uploads\/infobae-wp\/wp-content\/uploads\/2019\/08\/20153600\/Editora-de-Genero-6.jpg\" alt=\"Mariana Carbajal, periodista especializada en g\u00e9nero, est\u00e1 a cargo del ciclo de capacitaciones.\"\/><\/a><figcaption>Mariana Carbajal, periodista especializada en g\u00e9nero, est\u00e1 a cargo del ciclo de capacitaciones.<\/figcaption><\/figure>\n\n\n\n<p class=\"wp-block-paragraph\">Son mujeres la Editora de Cultura, Hinde Pomeraniec; la Editora de Tendencias, Daniela Blanco; la Editora general de fines de semana, Claudia Peir\u00f3; la Editora de Sociedad, Agustina Larrea; la Jefa de redes sociales, Jimena Marseillan y la Jefa de audiencias, Noel Scanarotti. Tambi\u00e9n&nbsp;la directora period\u00edstica, Valeria Cavallo y la Directora editorial, Gabriela Cociffi.<\/p>\n\n\n\n<p class=\"wp-block-paragraph\">Son mujeres la Gerenta General de Infobae, Andrea L\u00f3pez Barrios; la Directora comercial, Priscila Pipman; la Gerenta de Administraci\u00f3n y Finanzas, Patricia Tupa; la Jefa de Recursos Humanos, Victoria Miliano; la Gerenta de Marketing, Ver\u00f3nica Forcinito y la Gerenta de Branded Content, Mariana Genolet.<\/p>\n\n\n\n<p class=\"wp-block-paragraph\">Pr\u00f3ximamente, adem\u00e1s, la empresa reafirmar\u00e1 su compromiso y sellar\u00e1 un pacto con el programa \u00ab<strong>Ganar-Ganar: La igualdad de g\u00e9nero es un buen negocio\u00bb<\/strong>, implementado por ONU Mujeres en asociaci\u00f3n con la Organizaci\u00f3n Internacional del Trabajo (OIT) para promover la igualdad de g\u00e9nero en el sector privado.<\/p>\n","protected":false},"excerpt":{"rendered":"<p>El objetivo de crear un cargo que hasta hace poco m\u00e1s de un a\u00f1o no exist\u00eda en ning\u00fan medio del mundo es asegurar la perspectiva de g\u00e9nero en todas las \u00e1reas del medio <\/p>\n","protected":false},"author":3,"featured_media":11121,"comment_status":"open","ping_status":"open","sticky":false,"template":"","format":"standard","meta":{"_monsterinsights_skip_tracking":false,"footnotes":""},"categories":[690,55],"tags":[],"class_list":["post-11120","post","type-post","status-publish","format-standard","has-post-thumbnail","category-690","category-periodistas"],"_links":{"self":[{"href":"https:\/\/redsemlac.com\/semmexico\/wp-json\/wp\/v2\/posts\/11120","targetHints":{"allow":["GET"]}}],"collection":[{"href":"https:\/\/redsemlac.com\/semmexico\/wp-json\/wp\/v2\/posts"}],"about":[{"href":"https:\/\/redsemlac.com\/semmexico\/wp-json\/wp\/v2\/types\/post"}],"author":[{"embeddable":true,"href":"https:\/\/redsemlac.com\/semmexico\/wp-json\/wp\/v2\/users\/3"}],"replies":[{"embeddable":true,"href":"https:\/\/redsemlac.com\/semmexico\/wp-json\/wp\/v2\/comments?post=11120"}],"version-history":[{"count":0,"href":"https:\/\/redsemlac.com\/semmexico\/wp-json\/wp\/v2\/posts\/11120\/revisions"}],"wp:featuredmedia":[{"embeddable":true,"href":"https:\/\/redsemlac.com\/semmexico\/wp-json\/wp\/v2\/media\/11121"}],"wp:attachment":[{"href":"https:\/\/redsemlac.com\/semmexico\/wp-json\/wp\/v2\/media?parent=11120"}],"wp:term":[{"taxonomy":"category","embeddable":true,"href":"https:\/\/redsemlac.com\/semmexico\/wp-json\/wp\/v2\/categories?post=11120"},{"taxonomy":"post_tag","embeddable":true,"href":"https:\/\/redsemlac.com\/semmexico\/wp-json\/wp\/v2\/tags?post=11120"}],"curies":[{"name":"wp","href":"https:\/\/api.w.org\/{rel}","templated":true}]}}