{"id":11112,"date":"2019-08-21T23:14:36","date_gmt":"2019-08-21T23:14:36","guid":{"rendered":"https:\/\/redsemlac.com\/semmexico\/?p=11112"},"modified":"2023-07-21T14:53:01","modified_gmt":"2023-07-21T19:53:01","slug":"guerrero-20","status":"publish","type":"post","link":"https:\/\/redsemlac.com\/semmexico\/guerrero-20\/","title":{"rendered":"Llevar a la agenda pol\u00edtica el tema de las personas trans propone consejera del INE-Guerrero"},"content":{"rendered":"\n<p class=\"wp-block-paragraph\"> <strong>Josefina Aguilar Pastor\u00a0<\/strong><\/p>\n\n\n\n<p class=\"wp-block-paragraph\">SemM\u00e9xico,Chilpancingo, Guerrero.&nbsp; 20 de agosto de 2019.- Consejeros del Instituto Electoral y Participaci\u00f3n Ciudadana (IEPC), del Instituto Nacional Electoral (INE), evaluaron la implementaci\u00f3n del Protocolo para adoptar las medidas tendientes a garantizar a las personas trans, el derecho al voto en igualdad de condiciones y sin discriminaci\u00f3n. Proponen incluir este tema en la agenda pol\u00edtica.<\/p>\n\n\n\n<p class=\"wp-block-paragraph\">&nbsp;A trav\u00e9s de la vocal\u00eda de Capacitaci\u00f3n Electoral y Educaci\u00f3n C\u00edvica de la junta local del INE, se llev\u00f3 a cabo una Mesa de Dialogo, en la que evaluaron bajo cinco preguntas, la implementaci\u00f3n del mencionado protocolo, aplicado, desde el 2017.<\/p>\n\n\n\n<p class=\"wp-block-paragraph\">Las consejeras del IEPC, Rosio Calleja Ni\u00f1o, y Vicenta Molina Revuelta, y los consejeros Jorge Vald\u00e9s, y Edmar Le\u00f3n Garc\u00eda, coincidieron en que el Protocolo, es una gu\u00eda que orienta las acciones que garantizan el ejercicio libre y secreto del voto, para que toda aquella persona trans, que cuente con credencial y est\u00e1 inscrita en la lista nominal ejerza este derecho, para asegurar un trato igualitario y contribuya a la capacitaci\u00f3n y sensibilizaci\u00f3n del personal de los \u00f3rganos electorales para garantizar un trato igualitario y no discriminatorio por motivos de identidad de g\u00e9nero, orientaci\u00f3n sexual o restricci\u00f3n que limite los derechos pol\u00edticos en condiciones de igualdad de las personas trans.<\/p>\n\n\n\n<p class=\"wp-block-paragraph\">La escasa informaci\u00f3n que se tiene de las personas trans, contribuye al estereotipo y la discriminaci\u00f3n que pudiera impedir la correcta aplicaci\u00f3n del protocolo, derivado de estos valores sociales preconcebidos, consider\u00f3 el consejero, Jorge Vald\u00e9s.&nbsp;<\/p>\n\n\n\n<p class=\"wp-block-paragraph\">Se debe propuso, promover a personas trans en la observancia electoral, supervisores, capacitadores y asistentes electorales, promover su capacitaci\u00f3n en la integraci\u00f3n de las mesas directivas as\u00ed como implementar una campa\u00f1a intensiva para ubicar a este grupo de personas&nbsp; en la entidad.<\/p>\n\n\n\n<p class=\"wp-block-paragraph\">Edmar Le\u00f3n Garc\u00eda, expuso que si este grupo discriminado hist\u00f3ricamente, no cuenta con espacios para la manifestaci\u00f3n de sus ideas, ser\u00e1 muy dif\u00edcil se visibilice, reconoci\u00f3 la acci\u00f3n informativa implementada en Oaxaca, que finalmente fue aprovechada de mala manera por militantes de alg\u00fan partido pol\u00edtico, de ah\u00ed la importancia de que los \u00f3rganos electorales, atiendan a la poblaci\u00f3n trans, en su inclusi\u00f3n y ejercicio de sus derechos pol\u00edticos. Aunque se\u00f1al\u00f3 la necesidad de una mayor capacitaci\u00f3n a los funcionarios de casilla, quienes pudieran violentar el ejercicio del voto de las personas trans.<\/p>\n\n\n\n<p class=\"wp-block-paragraph\">Vicenta Molina Revuelta, resalt\u00f3 que este protocolo, aplicado en el proceso electoral del a\u00f1o pasado, permiti\u00f3 que las personas trans pudiera votar, aun cuando su expresi\u00f3n de g\u00e9nero, no coincidi\u00f3 con la personalidad acreditada en la credencial para votar; se convirti\u00f3 indic\u00f3, en una herramienta de actuaci\u00f3n para los funcionarios electorales, para garantizar el ejercido del voto de esta poblaci\u00f3n.&nbsp;<\/p>\n\n\n\n<p class=\"wp-block-paragraph\">Sonia Alarc\u00f3n Sosa,&nbsp; se\u00f1al\u00f3 la necesidad de que en Guerrero, se reformen algunas leyes para garantizar plenamente a las personas trans, el ejercicio pleno de sus derechos, sobre todo los que tienen que ver con la identidad, como el cambio del acta de nacimiento, tr\u00e1mite que no existe en la entidad y tiene que trasladarse a la Ciudad de M\u00e9xico. Propuso llevar este tema como parte de una agenda pol\u00edtica para que sus voces sean escuchadas.<\/p>\n\n\n\n<p class=\"wp-block-paragraph\">&nbsp;Hegel Mariano Ram\u00edrez, dijo que el principal reto a vencer, es el de la exclusi\u00f3n de las personas trans, mismos que son parte de la realidad social que no se pueden seguir ignorando. Los prejuicios, la violencia sistem\u00e1tica, la falta de una legislaci\u00f3n y dise\u00f1o de polic\u00eda p\u00fablicas enfocadas a proteger sus derechos humanos, son parte de la problem\u00e1tica que las aqueja.<br><\/p>\n","protected":false},"excerpt":{"rendered":"<p>Garantizar a las personas trans, el derecho al voto en igualdad de condiciones y sin discriminaci\u00f3n. <\/p>\n","protected":false},"author":3,"featured_media":11113,"comment_status":"open","ping_status":"open","sticky":false,"template":"","format":"standard","meta":{"_monsterinsights_skip_tracking":false,"footnotes":""},"categories":[690,51],"tags":[],"class_list":["post-11112","post","type-post","status-publish","format-standard","has-post-thumbnail","category-690","category-ejecutivo"],"_links":{"self":[{"href":"https:\/\/redsemlac.com\/semmexico\/wp-json\/wp\/v2\/posts\/11112","targetHints":{"allow":["GET"]}}],"collection":[{"href":"https:\/\/redsemlac.com\/semmexico\/wp-json\/wp\/v2\/posts"}],"about":[{"href":"https:\/\/redsemlac.com\/semmexico\/wp-json\/wp\/v2\/types\/post"}],"author":[{"embeddable":true,"href":"https:\/\/redsemlac.com\/semmexico\/wp-json\/wp\/v2\/users\/3"}],"replies":[{"embeddable":true,"href":"https:\/\/redsemlac.com\/semmexico\/wp-json\/wp\/v2\/comments?post=11112"}],"version-history":[{"count":0,"href":"https:\/\/redsemlac.com\/semmexico\/wp-json\/wp\/v2\/posts\/11112\/revisions"}],"wp:featuredmedia":[{"embeddable":true,"href":"https:\/\/redsemlac.com\/semmexico\/wp-json\/wp\/v2\/media\/11113"}],"wp:attachment":[{"href":"https:\/\/redsemlac.com\/semmexico\/wp-json\/wp\/v2\/media?parent=11112"}],"wp:term":[{"taxonomy":"category","embeddable":true,"href":"https:\/\/redsemlac.com\/semmexico\/wp-json\/wp\/v2\/categories?post=11112"},{"taxonomy":"post_tag","embeddable":true,"href":"https:\/\/redsemlac.com\/semmexico\/wp-json\/wp\/v2\/tags?post=11112"}],"curies":[{"name":"wp","href":"https:\/\/api.w.org\/{rel}","templated":true}]}}