{"id":11109,"date":"2019-08-21T23:11:01","date_gmt":"2019-08-21T23:11:01","guid":{"rendered":"https:\/\/redsemlac.com\/semmexico\/?p=11109"},"modified":"2023-07-21T14:53:01","modified_gmt":"2023-07-21T19:53:01","slug":"oaxaca-23","status":"publish","type":"post","link":"https:\/\/redsemlac.com\/semmexico\/oaxaca-23\/","title":{"rendered":"Por feminicidio, en orfandad 554 ni\u00f1as y ni\u00f1os en Oaxaca"},"content":{"rendered":"\n<p class=\"wp-block-paragraph\"><strong>* Con la reforma al art\u00edculo 22, se\nreconoci\u00f3 el vac\u00edo legislativo<\/strong><\/p>\n\n\n\n<p class=\"wp-block-paragraph\"><strong>* Gobierno estatal deber\u00e1 proteger y\ngarantizar los derechos de las v\u00edctimas indirectas<\/strong><\/p>\n\n\n\n<p class=\"wp-block-paragraph\"><strong>Patricia Brise\u00f1o<\/strong><\/p>\n\n\n\n<p class=\"wp-block-paragraph\">SemM\u00e9xico,\nOaxaca, 21 agosto 2019.- Unos 554 ni\u00f1os y ni\u00f1as est\u00e1n en condici\u00f3n de orfandad\nporque sus madres fueron v\u00edctimas de feminicidio, del 2010 al primer semestre\nde 2018, estim\u00f3 la Comisi\u00f3n de Igualdad de G\u00e9nero del Congreso del Estado de\nOaxaca.<\/p>\n\n\n\n<p class=\"wp-block-paragraph\">\u201cPr\u00e1cticamente\nno se sabe nada de estas v\u00edctimas directas o indirectas (colaterales) de los\nfeminicidios, qui\u00e9nes son, d\u00f3nde est\u00e1n, c\u00f3mo se mantienen, su estado\npsicol\u00f3gico, y si la administraci\u00f3n estatal les ha brindado el auxilio\njurisdiccional\u201d.<\/p>\n\n\n\n<p class=\"wp-block-paragraph\">El\ndocumento elaborado por la Comisi\u00f3n subraya que el Registro Estatal de V\u00edctimas\ntiene deficiencias debido a que no est\u00e1 actualizado del n\u00famero de ni\u00f1os, ni\u00f1as\ny adolescentes que pierden abruptamente el soporte econ\u00f3mico fundamental para\nsu subsistencia o desarrollo, quedando en estado de indefensi\u00f3n.<\/p>\n\n\n\n<p class=\"wp-block-paragraph\">Luego\nde estos considerandos, los integrantes del Congreso aprobaron por unanimidad\nreformar el art\u00edculo 22 de la Ley Estatal de acceso de las mujeres a una vida\nlibre de violencia de g\u00e9nero.<\/p>\n\n\n\n<p class=\"wp-block-paragraph\">La\nlegislatura de Oaxaca reconoci\u00f3 el vac\u00edo legislativo principalmente en la\ncondici\u00f3n de orfandad en que se encuentra este sector de la poblaci\u00f3n que\ndepend\u00eda de las mujeres v\u00edctimas de feminicidio, \u201cporque se carec\u00eda de un\nmecanismo jur\u00eddico, por el cual el Estado fuera obligado a cumplir a trav\u00e9s de\nsus dependencias\u201d.<\/p>\n\n\n\n<p class=\"wp-block-paragraph\">A\npartir de la aprobaci\u00f3n del dictamen y pr\u00f3xima publicaci\u00f3n en el Peri\u00f3dico\nOficial, el gobierno estatal deber\u00e1 asumir su papel de tutelar, proteger y\ngarantizar los derechos de alimentaci\u00f3n, salud, educaci\u00f3n y trabajo a las v\u00edctimas\nsobrevivientes de las conductas de violencia feminicida, incluidos los hijos y\nfamiliares de la v\u00edctima.<\/p>\n\n\n\n<p class=\"wp-block-paragraph\">La\nreforma tambi\u00e9n establece que el Estado y los municipios impulsar\u00e1n programas\npara difundir la cultura de defensa y protecci\u00f3n a los derechos humanos de las\nmujeres y la discriminaci\u00f3n hac\u00eda ellas. <\/p>\n\n\n\n<p class=\"wp-block-paragraph\">Adicionando\na dicho art\u00edculo lo siguiente: \u201cdeber\u00e1n contar para ello con instancias\nespecializadas y personal calificado para la atenci\u00f3n de las v\u00edctimas y\nsupervivientes directas e indirectas de violencia por situaci\u00f3n de g\u00e9nero\u201d.<\/p>\n\n\n\n<p class=\"wp-block-paragraph\">Tambi\u00e9n\nhacer efectivo el art\u00edculo 50 de la misma Ley, la inscripci\u00f3n en el Registro\nEstatal de V\u00edctimas, con el prop\u00f3sito de que el estado, a trav\u00e9s de sus dependencias\ny organismos descentralizados garantice los servicios educativos a los\ndependientes directos de las v\u00edctimas.<\/p>\n\n\n\n<p class=\"wp-block-paragraph\">Asimismo,\nlas autoridades deber\u00e1n coordinarse para la implementaci\u00f3n de acciones y\nprogramas de desarrollo social y empoderamiento econ\u00f3mico de los dependientes y\nfamiliares v\u00edctimas de feminicidio.<\/p>\n\n\n\n<p class=\"wp-block-paragraph\">SEM\/pb\/sj<\/p>\n","protected":false},"excerpt":{"rendered":"<p>Con la reforma al art\u00edculo 22, se reconoci\u00f3 el vac\u00edo legislativo<\/p>\n","protected":false},"author":3,"featured_media":11110,"comment_status":"open","ping_status":"open","sticky":false,"template":"","format":"standard","meta":{"_monsterinsights_skip_tracking":false,"footnotes":""},"categories":[690,50],"tags":[],"class_list":["post-11109","post","type-post","status-publish","format-standard","has-post-thumbnail","category-690","category-congreso"],"_links":{"self":[{"href":"https:\/\/redsemlac.com\/semmexico\/wp-json\/wp\/v2\/posts\/11109","targetHints":{"allow":["GET"]}}],"collection":[{"href":"https:\/\/redsemlac.com\/semmexico\/wp-json\/wp\/v2\/posts"}],"about":[{"href":"https:\/\/redsemlac.com\/semmexico\/wp-json\/wp\/v2\/types\/post"}],"author":[{"embeddable":true,"href":"https:\/\/redsemlac.com\/semmexico\/wp-json\/wp\/v2\/users\/3"}],"replies":[{"embeddable":true,"href":"https:\/\/redsemlac.com\/semmexico\/wp-json\/wp\/v2\/comments?post=11109"}],"version-history":[{"count":0,"href":"https:\/\/redsemlac.com\/semmexico\/wp-json\/wp\/v2\/posts\/11109\/revisions"}],"wp:featuredmedia":[{"embeddable":true,"href":"https:\/\/redsemlac.com\/semmexico\/wp-json\/wp\/v2\/media\/11110"}],"wp:attachment":[{"href":"https:\/\/redsemlac.com\/semmexico\/wp-json\/wp\/v2\/media?parent=11109"}],"wp:term":[{"taxonomy":"category","embeddable":true,"href":"https:\/\/redsemlac.com\/semmexico\/wp-json\/wp\/v2\/categories?post=11109"},{"taxonomy":"post_tag","embeddable":true,"href":"https:\/\/redsemlac.com\/semmexico\/wp-json\/wp\/v2\/tags?post=11109"}],"curies":[{"name":"wp","href":"https:\/\/api.w.org\/{rel}","templated":true}]}}