{"id":11102,"date":"2019-08-21T21:00:55","date_gmt":"2019-08-21T21:00:55","guid":{"rendered":"https:\/\/redsemlac.com\/semmexico\/?p=11102"},"modified":"2023-07-21T14:53:01","modified_gmt":"2023-07-21T19:53:01","slug":"san-luis-potosi","status":"publish","type":"post","link":"https:\/\/redsemlac.com\/semmexico\/san-luis-potosi\/","title":{"rendered":"Los feminicidios han dejado de ser una prioridad para los gobiernos"},"content":{"rendered":"\n<p class=\"wp-block-paragraph\"><strong>La Alerta de Genero ha fracasado en San Luis Potos\u00ed, legisladoras.<\/strong><\/p>\n\n\n\n<p class=\"wp-block-paragraph\"> <strong>Elda Montiel<\/strong><\/p>\n\n\n\n<p class=\"wp-block-paragraph\">SemM\u00e9xico. San Luis Potos\u00ed. 21 de agosto de 2019.- Los dos feminicidios ocurridos este fin de semana, entre domingo y lunes, en la capital de San Luis Potos\u00ed, han puesto en entredicho tanto la efectividad de la Alerta de G\u00e9nero en dicha entidad, como una crisis de seguridad para las mujeres en las que no se ponen de acuerdo, las instancias judiciales, en la cantidad de feminicidios.<\/p>\n\n\n\n<p class=\"wp-block-paragraph\">Los datos de la Fiscal\u00eda General del Estado no coinciden con los datos del Sistema Nacional de Seguridad P\u00fablica (SNSP), adem\u00e1s de que la Fiscal\u00eda enfrenta 303 denuncias presentadas contra servidores p\u00fablicos de diversos niveles.<\/p>\n\n\n\n<p class=\"wp-block-paragraph\">Respecto a la Alerta de Genero en la entidad, esta ha fracasado en opini\u00f3n de las diputadas Sonia Mendoza D\u00edaz del PAN y Alejandra Vald\u00e9s Mart\u00ednez, de Morena.&nbsp;&nbsp;Mientras que para el vocero del Partido Verde Ecologista de M\u00e9xico (PVEM) en San Luis Potos\u00ed, Alejandro Garc\u00eda Moreno, el gobernador Juan Manuel Carreras L\u00f3pez le debe una amplia explicaci\u00f3n a las potosinas en torno a este tema.<\/p>\n\n\n\n<p class=\"wp-block-paragraph\">Por su parte, el gobernador, Juan Manuel Carrera L\u00f3pez, declar\u00f3 que&nbsp;el mecanismo de la Alerta de Violencia de G\u00e9nero estar\u00e1 siendo evaluado desde el gobierno federal, debido a que esa autoridad es quien lo dise\u00f1\u00f3 y que el Estado s\u00f3lo da seguimiento a las indicaciones que maneja esa alerta.<\/p>\n\n\n\n<p class=\"wp-block-paragraph\">Respecto a los feminicidios del fin de semana, el gobernador Carrera L\u00f3pez, dijo que&nbsp;no permitir\u00e1n que ning\u00fan caso quede en la impunidad porque estos hechos indignan a toda la poblaci\u00f3n, y que la Fiscal\u00eda tendr\u00e1 que proporcionar resultados de sus investigaciones.<\/p>\n\n\n\n<p class=\"wp-block-paragraph\">Mientras que el aumento de feminicidios en la entidad es tan grave que no coinciden los datos entre la Fiscal\u00eda estatal y el Sistema Nacional de Seguridad P\u00fablica (SNSP), aun cuando este \u00faltimo recibe los datos de la Fiscal\u00eda de San Luis Potos\u00ed, por lo que no deber\u00eda haber diferencias.<\/p>\n\n\n\n<p class=\"wp-block-paragraph\">De acuerdo al vice fiscal Aar\u00f3n Edmundo Castro hasta el 16 de agosto se ten\u00edan registrados 13 feminicidios, y con los dos del fin de semana sumaban 15.<\/p>\n\n\n\n<p class=\"wp-block-paragraph\">Para el Sistema Nacional de Seguridad P\u00fablica (SNSP) ya eran 15 feminicidios al cierre del mes de junio.&nbsp;&nbsp;Sin contar los del mes de julio y los 20 d\u00edas que van de agosto. Mientras para algunos grupos de mujeres, aseguran que son ya 40 feminicidios en el estado, en lo que va del a\u00f1o, datos que niega el vice fiscal Castro S\u00e1nchez.<\/p>\n\n\n\n<p class=\"wp-block-paragraph\">Los dos feminicidios ocurridos el fin de semana son, el de&nbsp;una mujer hallada con quemaduras en el 60 por ciento de su cuerpo, y solo se logr\u00f3 identificar como Karla, la mujer falleci\u00f3 recibiendo atenci\u00f3n m\u00e9dica. Se encontr\u00f3 un lugar donde se registr\u00f3 un incendio, pero la mujer deambulaba por la calle Camino Real a Pinos, estaba desnuda, la investigaci\u00f3n se inici\u00f3 con el protocolo de feminicidio.<\/p>\n\n\n\n<p class=\"wp-block-paragraph\">El segundo, el de otra mujer joven de 24 a\u00f1os, maestra, que fue hallada&nbsp;tirada en un camino de terracer\u00eda en la colonia Las Piedras, y se identific\u00f3 como Mitzi con rastros de contusiones, el cuerpo fue encontrado la ma\u00f1ana de este lunes.<\/p>\n\n\n\n<p class=\"wp-block-paragraph\">El Vocero del Partido Verde Ecologista de M\u00e9xico (PVEM) en San Luis Potos\u00ed, Alejandro Garc\u00eda Moreno, lament\u00f3 que en la ciudad e incluso en el Estado, se est\u00e9 volviendo normal la violencia contra las mujeres.<\/p>\n\n\n\n<p class=\"wp-block-paragraph\">Respecto a los dos feminicidios recientes, se\u00f1al\u00f3 que no es posible que a 24 horas de dos asesinatos, el alcalde de la Capital ni su jefe policiaco hayan dado la cara\u201d.<br>Agreg\u00f3 que como instituci\u00f3n, el Partido Verde siempre estar\u00e1 a favor de la legalidad y el respeto a las normas, sin embargo, actitudes como la indolencia de autoridades como el alcalde Francisco Xavier Nava Palacios, y su director de Seguridad P\u00fablica, \u00c9dgar Oswaldo Jim\u00e9nez Arcadia; son las que acaben provocando otros casos que tambi\u00e9n son reprochables como los linchamientos o los ajustes de cuentas, o incluso podr\u00edan provocar un estallido social.<\/p>\n\n\n\n<p class=\"wp-block-paragraph\">Por su parte, la vicepresidenta de la Comisi\u00f3n de Derechos Humanos, Igualdad y G\u00e9nero de la LXII Legislatura, diputada Alejandra Valdez Mart\u00ednez, no descart\u00f3 que, ante el fracaso de la Alerta de Violencia de G\u00e9nero en San Luis Potos\u00ed, se tenga que recurrir a otras acciones de presi\u00f3n como las que se han presentado en otras entidades del pa\u00eds.<\/p>\n\n\n\n<p class=\"wp-block-paragraph\">Lament\u00f3 que ante las movilizaciones que realizaron grupos feministas y activistas en la Ciudad de M\u00e9xico, la poblaci\u00f3n est\u00e9 m\u00e1s preocupada por las pintas que se realizaron en algunos monumentos hist\u00f3ricos. Preciso: \u201cdesgraciadamente a la gente le sigue importando m\u00e1s que se pinte una pared a que nos sigan matando a m\u00e1s mujeres y sobre todo en San Luis Potos\u00ed, en donde se tienen altos \u00edndices de feminicidios, entonces es lamentable que nos preocupe m\u00e1s una pared que la seguridad de las mujeres\u201d.<\/p>\n\n\n\n<p class=\"wp-block-paragraph\">La presidenta de la Directiva de la LXII Legislatura, diputada Sonia Mendoza D\u00edaz, Sostuvo que desgraciadamente la Alerta de Violencia de G\u00e9nero, no ayud\u00f3 para nada en San Luis Potos\u00ed, al igual que ocurre en otros estados, en donde los feminicidios han dejado de ser una prioridad para los Gobiernos y las instancias encargadas de la Procuraci\u00f3n y Seguridad P\u00fablica como encargadas de enfrentar esta situaci\u00f3n.<\/p>\n\n\n\n<p class=\"wp-block-paragraph\">Reconoci\u00f3 que la problem\u00e1tica de la inseguridad en San Luis Potos\u00ed, es un tema permanente que no ha tenido una respuesta puntual de las autoridades, por lo que es necesario que el propio Gobernador del Estado, Juan Manuel Carreras, asuma su responsabilidad y explique puntualmente las condiciones que enfrenta la entidad.<br>Por \u00faltimo,&nbsp;Alejandro Garc\u00eda Moreno&nbsp;se refiri\u00f3 a la marcha feminista del fin de semana pasado, en la cual se presentaron hechos que fueron cuestionados por la opini\u00f3n p\u00fablica: \u201cyo entiendo el sentir de la gente pero es necesario ponernos en los zapatos de las mujeres, aunque parezca imposible, debemos darnos cuenta de que la violencia que han sufrido por a\u00f1os las tiene cansadas, y si a eso le sumamos que a pesar de manifestarse las siguen matando y las autoridades siguen sin dar la cara, entonces est\u00e1n en todo su derecho\u201d.<\/p>\n\n\n\n<p class=\"wp-block-paragraph\">Por otra parte, la Fiscal\u00eda General del Estado enfrenta denuncias presentadas contra servidores p\u00fablicos de diversos niveles, y en la reuni\u00f3n con los funcionarios y la titular de la Auditor\u00eda Superior de Estado Roc\u00edo Cervantes, se inform\u00f3 que se han presentado 303 denuncias que se est\u00e1n investigando; \u201cdice el fiscal que en los tres niveles hay diversos funcionarios involucrados y cada carpeta de investigaci\u00f3n se revisa en lo particular\u201d.<\/p>\n\n\n\n<p class=\"wp-block-paragraph\">Puntualiz\u00f3 \u201cla presunci\u00f3n de inocencia, el debido proceso y la secrec\u00eda de datos personales, son puntos importantes, aunque hay quienes creemos que son reuniones que se deben hacer p\u00fablicas para que la sociedad se entere de lo que est\u00e1n pasando, pero hay procesos que se deben guardar por los propios imputados\u201d.<br><\/p>\n","protected":false},"excerpt":{"rendered":"<p>La Alerta de Genero ha fracasado en San Luis Potos\u00ed, legisladoras.\ufeff<\/p>\n","protected":false},"author":3,"featured_media":11103,"comment_status":"open","ping_status":"open","sticky":false,"template":"","format":"standard","meta":{"_monsterinsights_skip_tracking":false,"footnotes":""},"categories":[690,54],"tags":[],"class_list":["post-11102","post","type-post","status-publish","format-standard","has-post-thumbnail","category-690","category-mujeres"],"_links":{"self":[{"href":"https:\/\/redsemlac.com\/semmexico\/wp-json\/wp\/v2\/posts\/11102","targetHints":{"allow":["GET"]}}],"collection":[{"href":"https:\/\/redsemlac.com\/semmexico\/wp-json\/wp\/v2\/posts"}],"about":[{"href":"https:\/\/redsemlac.com\/semmexico\/wp-json\/wp\/v2\/types\/post"}],"author":[{"embeddable":true,"href":"https:\/\/redsemlac.com\/semmexico\/wp-json\/wp\/v2\/users\/3"}],"replies":[{"embeddable":true,"href":"https:\/\/redsemlac.com\/semmexico\/wp-json\/wp\/v2\/comments?post=11102"}],"version-history":[{"count":0,"href":"https:\/\/redsemlac.com\/semmexico\/wp-json\/wp\/v2\/posts\/11102\/revisions"}],"wp:featuredmedia":[{"embeddable":true,"href":"https:\/\/redsemlac.com\/semmexico\/wp-json\/wp\/v2\/media\/11103"}],"wp:attachment":[{"href":"https:\/\/redsemlac.com\/semmexico\/wp-json\/wp\/v2\/media?parent=11102"}],"wp:term":[{"taxonomy":"category","embeddable":true,"href":"https:\/\/redsemlac.com\/semmexico\/wp-json\/wp\/v2\/categories?post=11102"},{"taxonomy":"post_tag","embeddable":true,"href":"https:\/\/redsemlac.com\/semmexico\/wp-json\/wp\/v2\/tags?post=11102"}],"curies":[{"name":"wp","href":"https:\/\/api.w.org\/{rel}","templated":true}]}}