{"id":11085,"date":"2019-08-20T23:47:27","date_gmt":"2019-08-20T23:47:27","guid":{"rendered":"https:\/\/redsemlac.com\/semmexico\/?p=11085"},"modified":"2023-07-21T14:53:02","modified_gmt":"2023-07-21T19:53:02","slug":"jalisco-5","status":"publish","type":"post","link":"https:\/\/redsemlac.com\/semmexico\/jalisco-5\/","title":{"rendered":"Estudiante de prepa sufre intento de violaci\u00f3n"},"content":{"rendered":"\n<p class=\"wp-block-paragraph\"><strong>La joven presenta heridas de arma blanca, lesiones en cr\u00e1neo y golpes en el cuerpo<\/strong><\/p>\n\n\n\n<p class=\"wp-block-paragraph\"><strong>Analy S. Nu\u00f1o<\/strong><\/p>\n\n\n\n<p class=\"wp-block-paragraph\">SemM\u00e9xico. Guadalajara, Jalisco. 20 de agosto de 2019.- Una estudiante de la Preparatoria de Jalisco, sufri\u00f3 un intento de violaci\u00f3n cuando se dirig\u00eda al centro educativo ubicado en el primer cuadro de la ciudad.<\/p>\n\n\n\n<p class=\"wp-block-paragraph\">La agresi\u00f3n a Fernanda, de 17 a\u00f1os, ocurri\u00f3 alrededor de las 13:30 horas de este lunes, en manos de un sujeto que la hiri\u00f3 con un arma blanca, la golpeo en el cuerpo, provoc\u00f3 lesiones en cr\u00e1neo y trato de asfixiarla.<\/p>\n\n\n\n<p class=\"wp-block-paragraph\">\u201cIba hacia la preparatoria, pasaba por una casa y me jalaron hacia adentro. Hab\u00eda un hombre que me empez\u00f3 a amenazar con un perfilador, empezamos a forcejear y me cort\u00f3. Me pate\u00f3 la cara, la cabeza, la espalda, pero logr\u00e9 zafarme y corr\u00ed. Me dej\u00f3 s\u00faper golpeada. Despu\u00e9s me dirig\u00ed a la plaza que est\u00e1 frente a la preparatoria. Mis amigos me ayudaron a curarme e hicimos la denuncia dentro de la escuela, pero la polic\u00eda no se ha tomado el trabajo\u201d, se\u00f1al\u00f3 la joven.<\/p>\n\n\n\n<p class=\"wp-block-paragraph\">Tras la atenci\u00f3n de primer contacto que recibi\u00f3 por parte de autoridades de la preparatoria, Fernanda fue trasladada a Centro de los Derechos de la Ni\u00f1ez del Estado de Jalisco (Ciudad Ni\u00f1ez) para levantar la denuncia correspondiente, sin embargo, la atenci\u00f3n fue deficiente pues retrasaron su atenci\u00f3n, desde las 17:42 horas hasta las 2:00 horas del d\u00eda siguiente, y se le revictimiz\u00f3 ya que se puso en duda su versi\u00f3n e incluso la se\u00f1alaron como responsable de lo sucedido por su vestimenta.<\/p>\n\n\n\n<div class=\"wp-block-image\"><figure class=\"alignleft is-resized\"><img loading=\"lazy\" decoding=\"async\" src=\"https:\/\/redsemlac.com\/semmexico\/wp-content\/uploads\/2019\/08\/WhatsApp-Image-2019-08-20-at-4.37.50-PM.jpeg\" alt=\"\" class=\"wp-image-11086\" width=\"248\" height=\"330\"\/><\/figure><\/div>\n\n\n\n<p class=\"wp-block-paragraph\">\u201cMe llevaron a denunciar (a Ciudad Ni\u00f1ez). La directora me entrevist\u00f3 sola, y todo el tiempo me intentaban confundir con los lugares, me llevaban a otros sitios y me dec\u00edan que ah\u00ed no pod\u00eda ser porque ten\u00eda candado. El polic\u00eda investigador nos trat\u00f3 muy mal. Me intentaron inculpar por mi vestimenta, intentaron decir que estaba ebria y que por eso pas\u00f3 lo que pas\u00f3. Yo ven\u00eda de mi casa, iba a estudiar, no estaba ebria\u201d, relat\u00f3 la estudiante agredida.<\/p>\n\n\n\n<p class=\"wp-block-paragraph\">Jes\u00fas Medina Varela, presidente de la Federaci\u00f3n de Estudiantes Universitarios (FEU) se\u00f1al\u00f3 que tienen reportes de casos de acoso en los centros universitarios de Ciencias Exactas e Ingenier\u00edas (CUCEI) y de Arte, Arquitectura y Dise\u00f1o (CUAAD), sede Centro; adem\u00e1s de este caso en la Prepa Jalisco que presumen no es el \u00fanico.<\/p>\n\n\n\n<p class=\"wp-block-paragraph\">Lament\u00f3 la deficiente atenci\u00f3n que se le otorg\u00f3 a Fernanda en Ciudad Ni\u00f1ez y se puso en duda su testimonio pese a que \u201ca todas luces un intento de violaci\u00f3n, la lastim\u00f3 en diversas partes de su cuerpo, la golpe\u00f3 contra el piso, la trato de asfixiar, la golpe\u00f3 contra el piso tratando de desmayarla\u201d.<\/p>\n\n\n\n<p class=\"wp-block-paragraph\">\u201cAyer estuvimos en Ciudad Ni\u00f1ez haciendo la denuncias y hay que destacar que no fue el mejor de los tratos, para empezar consideramos que no es gente profesional la que est\u00e1 atendiendo a los menores de edad en esta ciudad, por lo que nos toc\u00f3 ver ayer nos parece lamentable que ese tipo de personas, con malos tratos y de mala manera est\u00e9n atendiendo as\u00ed a los ni\u00f1os v\u00edctimas de la violencia, eso se repite en todos lados, donde ponen en duda la versi\u00f3n de la v\u00edctima y tratando de cuestionarla como si ella hubiera tenido la culpa de lo que sucedi\u00f3\u201d, indic\u00f3.<\/p>\n\n\n\n<p class=\"wp-block-paragraph\">La v\u00edctima relat\u00f3 que el agresor es de tez morena, mide alrededor de 1.67 metros, tiene un tatuaje de planta del cannabis en la parte superior del pectoral izquierdo; tiene la oreja rota por un agujero de arete que se abri\u00f3, adem\u00e1s de una cicatriz en la cara.<\/p>\n\n\n\n<p class=\"wp-block-paragraph\"><strong>Alcalde reconoce desatenci\u00f3n en prepas en seguridad<\/strong><\/p>\n\n\n\n<p class=\"wp-block-paragraph\">Tras el intento de violaci\u00f3n que sufri\u00f3 la estudiante en el centro de Guadalajara, el presidente municipal, Ismael Del Toro reconoci\u00f3 que la polic\u00eda tapat\u00eda no ha atendido de manera eficaz a las preparatorias ubicadas dentro del municipio pese al programa Sendero Seguro.<\/p>\n\n\n\n<p class=\"wp-block-paragraph\">\u201cEs lamentable, conocen ustedes que tenemos un esfuerzo coordinado con las autoridades de la universidad que ha dado resultados, reconozco que no ha habido la atenci\u00f3n debida a las preparatorias que est\u00e1n en la ciudad\u201d.<\/p>\n\n\n\n<p class=\"wp-block-paragraph\">Asever\u00f3 que se puso en contacto con la estudiante para vincularla con el Instituto Municipal de la Mujer y con las \u00e1reas jur\u00eddicas para brindarle el apoyo que requiera.<\/p>\n\n\n\n<p class=\"wp-block-paragraph\"><strong>Realizar\u00e1n marcha para exigir seguridad<\/strong><\/p>\n\n\n\n<p class=\"wp-block-paragraph\">Tras la agresi\u00f3n que sufri\u00f3 Fernanda, que se suma a varios asaltos a estudiantes de distintas preparatorias y centros universitarios de la Universidad de Guadalajara, estudiantes de la Preparatoria de Jalisco en coordinaci\u00f3n con la FEU realizar\u00e1n una marcha por la paz y la seguridad este mi\u00e9rcoles 21 de agosto.<\/p>\n\n\n\n<p class=\"wp-block-paragraph\">\u201cB\u00e1sicamente lo que vamos a exigir es seguridad y paz para los estudiantes y que no queremos ning\u00fan tipo de simulaci\u00f3n\u201d, indic\u00f3 Medina Varela.<\/p>\n\n\n\n<p class=\"wp-block-paragraph\">La manifestaci\u00f3n programada a las 14:00 horas, partir\u00e1 de la explanada de la prepa a Palacio Municipal de Guadalajara, donde exigir\u00e1 seguridad y justicia para su compa\u00f1era.<\/p>\n\n\n\n<p class=\"wp-block-paragraph\">La movilizaci\u00f3n se realizar\u00e1 a una semana de haberse reanudado clases tras el per\u00edodo vacacional.<\/p>\n","protected":false},"excerpt":{"rendered":"<p>La joven presenta heridas de arma blanca, lesiones en cr\u00e1neo y golpes en el cuerpo<\/p>\n","protected":false},"author":3,"featured_media":11087,"comment_status":"open","ping_status":"open","sticky":false,"template":"","format":"standard","meta":{"_monsterinsights_skip_tracking":false,"footnotes":""},"categories":[690,54],"tags":[],"class_list":["post-11085","post","type-post","status-publish","format-standard","has-post-thumbnail","category-690","category-mujeres"],"_links":{"self":[{"href":"https:\/\/redsemlac.com\/semmexico\/wp-json\/wp\/v2\/posts\/11085","targetHints":{"allow":["GET"]}}],"collection":[{"href":"https:\/\/redsemlac.com\/semmexico\/wp-json\/wp\/v2\/posts"}],"about":[{"href":"https:\/\/redsemlac.com\/semmexico\/wp-json\/wp\/v2\/types\/post"}],"author":[{"embeddable":true,"href":"https:\/\/redsemlac.com\/semmexico\/wp-json\/wp\/v2\/users\/3"}],"replies":[{"embeddable":true,"href":"https:\/\/redsemlac.com\/semmexico\/wp-json\/wp\/v2\/comments?post=11085"}],"version-history":[{"count":0,"href":"https:\/\/redsemlac.com\/semmexico\/wp-json\/wp\/v2\/posts\/11085\/revisions"}],"wp:featuredmedia":[{"embeddable":true,"href":"https:\/\/redsemlac.com\/semmexico\/wp-json\/wp\/v2\/media\/11087"}],"wp:attachment":[{"href":"https:\/\/redsemlac.com\/semmexico\/wp-json\/wp\/v2\/media?parent=11085"}],"wp:term":[{"taxonomy":"category","embeddable":true,"href":"https:\/\/redsemlac.com\/semmexico\/wp-json\/wp\/v2\/categories?post=11085"},{"taxonomy":"post_tag","embeddable":true,"href":"https:\/\/redsemlac.com\/semmexico\/wp-json\/wp\/v2\/tags?post=11085"}],"curies":[{"name":"wp","href":"https:\/\/api.w.org\/{rel}","templated":true}]}}