{"id":11083,"date":"2019-08-20T21:04:29","date_gmt":"2019-08-20T21:04:29","guid":{"rendered":"https:\/\/redsemlac.com\/semmexico\/?p=11083"},"modified":"2023-07-21T14:53:02","modified_gmt":"2023-07-21T19:53:02","slug":"opinion-61","status":"publish","type":"post","link":"https:\/\/redsemlac.com\/semmexico\/opinion-61\/","title":{"rendered":"Mirada Violeta"},"content":{"rendered":"\n<h2 class=\"wp-block-heading\"> Forma y fondo en las protestas feministas <\/h2>\n\n\n\n<p class=\"wp-block-paragraph\"><strong>El poder de sus palabras y acciones<\/strong><\/p>\n\n\n\n<p class=\"wp-block-paragraph\"><strong>Lupita Ramos Ponce<\/strong><\/p>\n\n\n\n<p class=\"wp-block-paragraph\">SemM\u00e9xico, 20 agosto 2019.- \u201cCalladita te ves m\u00e1s bonita\u201d es una frase t\u00edpica para callar a las ni\u00f1as y mujeres, para impedirles que alcen la voy y se hagan notar. Muchas mujeres se lo creen, se lo han cre\u00eddo siempre. En los m\u00e1s de 30 a\u00f1os de impartir docencia y en mi propio activismo feminista, he advertido como muchas jovencitas a\u00fan esperan que sean ellos los que tomen la palabra o bien la aprobaci\u00f3n masculina posterior a su dicho, para conferirle valor a su propia voz.<\/p>\n\n\n\n<p class=\"wp-block-paragraph\">Parte de mi papel como docente, acad\u00e9mica y activista ha consistido en hacer que las ni\u00f1as y mujeres \u201cse la crean\u201d, es decir, que crean en ellas y en el poder de sus acciones y palabras.<\/p>\n\n\n\n<p class=\"wp-block-paragraph\">A ra\u00edz de las marchas y protestas feministas que se realizaron en d\u00edas pasados primero en la ciudad de M\u00e9xico y luego en todo el pa\u00eds; he escuchado y le\u00eddo en diversos medios y a distintas personas, un discurso repetitivo de quienes nos tratan de hacer recordar lo \u201cbuenitas\u201d que \u00e9ramos, lo pacifistas que siempre hemos sido y lo feas que nos vemos con esas malas formas de pedir las cosas.<\/p>\n\n\n\n<p class=\"wp-block-paragraph\">La mayor\u00eda de los medios de comunicaci\u00f3n mexicanos, resaltaron en sus notas principales las acciones de \u201cviolencia\u201d de las feministas al romper puertas de vidrio, pintarrajear paredes y monumentos y hasta llenar de brillitos morados a un alto funcionario; contrario a los titulares de diversos peri\u00f3dicos extranjeros que hicieron notar el hartazgo de las mujeres ante las m\u00faltiples violencias machistas que se viven en el pa\u00eds y la impunidad en el sistema de justicia.<\/p>\n\n\n\n<p class=\"wp-block-paragraph\">La Violencia contra las mujeres sigue al alza en M\u00e9xico, diariamente se asesinan a 10 mujeres en todo el pa\u00eds, una de las tasas m\u00e1s altas en Am\u00e9rica Latina. Los feminicidios, la violencia sexual, las desapariciones de ni\u00f1as y mujeres, son noticias que d\u00eda con d\u00eda nos van asfixiando y nos dejan sin respiro; todo eso son las gotas que han derramado el vaso, sin embargo, una de esas gotas que permitieron que las calles se llenaran de brillantina morada y rosa, es precisamente la \u201cforma\u201d en que el gobierno de la ciudad de M\u00e9xico trat\u00f3 el caso de la adolescente que sufri\u00f3 violaci\u00f3n sexual por cuatro polic\u00edas en funciones. La forma es fondo sin lugar a dudas, y el hartazgo nos llega a trav\u00e9s de la impunidad que cobija al sistema de justicia.<\/p>\n\n\n\n<p class=\"wp-block-paragraph\">Las declaraciones de la procuradora de que \u201cno permitir\u00edan una injusticia en contra de los polic\u00edas y no fabricar\u00edan culpables\u201d, es una gota que derrama el mar de impunidades y de injusticias que viven d\u00eda con d\u00eda las v\u00edctimas de violencia machista en nuestro pa\u00eds. La forma es fondo, la \u201cforma\u201d en que las \u201cfeministas institucionales\u201d se suben a la tribuna para arropar a quien ahora gobierna con un discurso descalificador de las protestas feministas se\u00f1alando que \u201cesas no son formas de pedir las cosas\u201d.<\/p>\n\n\n\n<p class=\"wp-block-paragraph\">Claro, nos quieren calladitas, guardando las \u201cformas\u201d, levantando la manita para hablar y pedir la palabra, en silencio ante el desaseado proceso jur\u00eddico en contra de los polic\u00edas quienes se encuentran en libertad y seguramente as\u00ed seguir\u00e1n, porque se han perdido pruebas gen\u00e9ticas y se ha filtrado informaci\u00f3n confidencial de la carpeta de investigaci\u00f3n a los medios de comunicaci\u00f3n, lo que significan violaciones al debido proceso.<\/p>\n\n\n\n<p class=\"wp-block-paragraph\">La forma es fondo, y \u00e9sta es la nueva ola feminista: las feministas de a pie, las de la calle, las que acompa\u00f1an a las v\u00edctimas de las violencias machistas y a sus familias, las que viven y padecen esas mismas violencias d\u00eda con d\u00eda, decidieron salir a la calle e inundarla de gritos, de consignas, de pintas, de indignaci\u00f3n y de rabia. Forma es Fondo, y estas son las formas para hacerse escuchar en un pa\u00eds sordo, ciego, mudo y c\u00f3mplice de las violencias machistas.<\/p>\n\n\n\n<p class=\"wp-block-paragraph\"><a href=\"mailto:lupitaramosponce@gmail.com\" target=\"_blank\" rel=\"noreferrer noopener\">lupitaramosponce@gmail.com<\/a><\/p>\n\n\n\n<p class=\"wp-block-paragraph\">@lupitaramosponc<\/p>\n","protected":false},"excerpt":{"rendered":"<p>Forma y fondo en las protestas feministas<\/p>\n","protected":false},"author":3,"featured_media":8967,"comment_status":"open","ping_status":"open","sticky":false,"template":"","format":"standard","meta":{"_monsterinsights_skip_tracking":false,"footnotes":""},"categories":[690,91],"tags":[],"class_list":["post-11083","post","type-post","status-publish","format-standard","has-post-thumbnail","category-690","category-lupita-ramos-ponce"],"_links":{"self":[{"href":"https:\/\/redsemlac.com\/semmexico\/wp-json\/wp\/v2\/posts\/11083","targetHints":{"allow":["GET"]}}],"collection":[{"href":"https:\/\/redsemlac.com\/semmexico\/wp-json\/wp\/v2\/posts"}],"about":[{"href":"https:\/\/redsemlac.com\/semmexico\/wp-json\/wp\/v2\/types\/post"}],"author":[{"embeddable":true,"href":"https:\/\/redsemlac.com\/semmexico\/wp-json\/wp\/v2\/users\/3"}],"replies":[{"embeddable":true,"href":"https:\/\/redsemlac.com\/semmexico\/wp-json\/wp\/v2\/comments?post=11083"}],"version-history":[{"count":0,"href":"https:\/\/redsemlac.com\/semmexico\/wp-json\/wp\/v2\/posts\/11083\/revisions"}],"wp:featuredmedia":[{"embeddable":true,"href":"https:\/\/redsemlac.com\/semmexico\/wp-json\/wp\/v2\/media\/8967"}],"wp:attachment":[{"href":"https:\/\/redsemlac.com\/semmexico\/wp-json\/wp\/v2\/media?parent=11083"}],"wp:term":[{"taxonomy":"category","embeddable":true,"href":"https:\/\/redsemlac.com\/semmexico\/wp-json\/wp\/v2\/categories?post=11083"},{"taxonomy":"post_tag","embeddable":true,"href":"https:\/\/redsemlac.com\/semmexico\/wp-json\/wp\/v2\/tags?post=11083"}],"curies":[{"name":"wp","href":"https:\/\/api.w.org\/{rel}","templated":true}]}}