{"id":11080,"date":"2019-08-20T21:00:34","date_gmt":"2019-08-20T21:00:34","guid":{"rendered":"https:\/\/redsemlac.com\/semmexico\/?p=11080"},"modified":"2023-07-21T14:53:02","modified_gmt":"2023-07-21T19:53:02","slug":"opinion-60","status":"publish","type":"post","link":"https:\/\/redsemlac.com\/semmexico\/opinion-60\/","title":{"rendered":"Verdad o Reto"},"content":{"rendered":"\n<h2 class=\"wp-block-heading\"> Premonici\u00f3n <\/h2>\n\n\n\n<h5 class=\"wp-block-heading\"> \u00bfLa mente maestra? <\/h5>\n\n\n\n<p class=\"wp-block-paragraph\"><ins><strong>Elizabeth Castro<\/strong><\/ins><\/p>\n\n\n\n<p class=\"wp-block-paragraph\"><ins>SemM\u00e9xico, 20 agosto 2019.-\u00a0<\/ins>A Rosario Robles la encarcelaron porque el juez considera que existe riesgo de fuga\u00a0durante el tiempo que dure su procedimiento, aunque ha sido vinculada a proceso esto no significa que sea culpable; la Fiscal\u00eda tiene dos meses e incluso puede que m\u00e1s para recabar\u00a0los medios de prueba\u00a0que le permitan llevarla a juicio, no hay m\u00e1s.<\/p>\n\n\n\n<p class=\"wp-block-paragraph\">La detenci\u00f3n de&nbsp;la ex Secretaria&nbsp;no es una muestra de justicia como tal, es apenas el inicio, la forma en que L\u00f3pez Obrador muestra a la sociedad que su gobierno \u201cest\u00e1 comprometido\u201d con la lucha contra la corrupci\u00f3n, llevarla a Santa Martha puede ser una maniobra pol\u00edtica que sirva de distractor mientras el Secretario de Hacienda se re\u00fane con Jos\u00e9 Antonio Meade y Enrique Pe\u00f1a Nieto aparece en las revistas del coraz\u00f3n al lado de su novia y declara no tener residencia fuera del pa\u00eds.<\/p>\n\n\n\n<p class=\"wp-block-paragraph\">Robles Berlanga no parece ser la mente maestra detr\u00e1s del desv\u00edo de m\u00e1s de cinco mil millones de pesos, pero s\u00ed el eslab\u00f3n m\u00e1s d\u00e9bil de una cadena de corrupci\u00f3n; a Rosario no la defiende un partido pol\u00edtico ni una estructura clientelar, es una paria pol\u00edtica y con ella se&nbsp;puede&nbsp;distraer&nbsp;a la sociedad de situaciones como el bajo crecimiento econ\u00f3mico, la inseguridad, la impunidad de Lozoya y Pe\u00f1a Nieto, la deserci\u00f3n decatorce funcionarios al gabinete de L\u00f3pez Obrador, la controversia&nbsp;por la construcci\u00f3n del Tren Maya, la criminalizaci\u00f3n de la protesta en Tabasco con la llamada Ley Garrote, la relaci\u00f3n entre el Fiscal General y el abogado defensor de Lozoya, los acuerdos de la presidencia con la CNTE, y una larga lista de etc\u00e9teras.<\/p>\n\n\n\n<p class=\"wp-block-paragraph\">Lo&nbsp;cierto es que en la lucha contra la corrupci\u00f3n el gobierno en turno tiene muchos pendientes, iniciar un proceso en contra de Rosario Robles es apenas un \u00e1pice de todo lo que se espera del Presidente y su equipo. Si bien la medida impuesta por el juez&nbsp;es justificada, su interpretaci\u00f3n debe ser m\u00e1s pol\u00edtica que jur\u00eddica.<\/p>\n\n\n\n<p class=\"wp-block-paragraph\">Mientras celebramos&nbsp;ver a Rosario tras las rejas&nbsp;debemos preguntarnos:&nbsp;\u00bfcu\u00e1ndo se vincular\u00e1 a proceso a todos los involucrados en el desv\u00edo?, \u00bfhabr\u00e1 iniciado la Fiscal\u00eda una investigaci\u00f3n en contra de Jos\u00e9 Antonio Meade?, \u00bfse investigan ya todas las empresas fantasmas involucradas en la estafa maestra?, \u00bfy los rectores de las universidades?, \u00bfy Pe\u00f1a?<\/p>\n\n\n\n<p class=\"wp-block-paragraph\">Rosario Robles est\u00e1&nbsp;encarcelada&nbsp;luego de ser&nbsp;imputada&nbsp;por la Fiscal\u00eda,&nbsp;pero no ha sido&nbsp;declarada culpable, de hecho se le vincul\u00f3 a proceso por&nbsp;el il\u00edcito de&nbsp;\u201cEjercicio indebido del servicio p\u00fablico por la afectaci\u00f3n ocasionada por omisiones a la Secretar\u00eda de Desarrollo Social, entre el uno de diciembre de dos mil doce y el veintis\u00e9is de agosto&nbsp;de dos mil quince; y Ejercicio indebido del servicio p\u00fablico por la afectaci\u00f3n ocasionada por omisiones a la Secretar\u00eda de Desarrollo Agrario, Territorial y Urbano\u201d Omisi\u00f3n no acci\u00f3n, se le acusa de no haber dado aviso a su superior jer\u00e1rquico y\/o impedir&nbsp;la afectaci\u00f3n al patrimonio de las secretar\u00edas&nbsp;que presidi\u00f3 durante el sexenio de Enrique Pe\u00f1a.<\/p>\n\n\n\n<p class=\"wp-block-paragraph\">En septiembre de 2018,&nbsp;el peri\u00f3dico REFORMA public\u00f3 que&nbsp;entre 2015 y 2017&nbsp;durante la gesti\u00f3n de Rosario Robles, SEDESOL y SEDATU hab\u00edan entregado 700 millones de pesos en efectivo a&nbsp;diez domicilios particulares; en respuesta Robles Berlanga convoc\u00f3 a una conferencia de prensa y entreg\u00f3 a los asistentes&nbsp;ocho cajas con documentaci\u00f3n que, de acuerdo con la ex Secretaria, probaban su inocencia, incluso llam\u00f3 a que se realizaran las investigaciones pertinentes sobre el presunto desv\u00edo de recursos<\/p>\n\n\n\n<p class=\"wp-block-paragraph\">\u201cYo no pido el perd\u00f3n de nadie. No tengo absolutamente nada que temer, ni nada que esconder. A m\u00ed que se me investigue hasta por debajo de las piedras\u201d dijo. Hoy no&nbsp;son&nbsp;700 millones, sino de m\u00e1s de cinco mil y s\u00ed, la est\u00e1n investigando.<\/p>\n","protected":false},"excerpt":{"rendered":"<p>Premonici\u00f3n<\/p>\n","protected":false},"author":3,"featured_media":11081,"comment_status":"open","ping_status":"open","sticky":false,"template":"","format":"standard","meta":{"_monsterinsights_skip_tracking":false,"footnotes":""},"categories":[690,82,110],"tags":[],"class_list":["post-11080","post","type-post","status-publish","format-standard","has-post-thumbnail","category-690","category-la-opinion","category-la-opinion-columnas"],"_links":{"self":[{"href":"https:\/\/redsemlac.com\/semmexico\/wp-json\/wp\/v2\/posts\/11080","targetHints":{"allow":["GET"]}}],"collection":[{"href":"https:\/\/redsemlac.com\/semmexico\/wp-json\/wp\/v2\/posts"}],"about":[{"href":"https:\/\/redsemlac.com\/semmexico\/wp-json\/wp\/v2\/types\/post"}],"author":[{"embeddable":true,"href":"https:\/\/redsemlac.com\/semmexico\/wp-json\/wp\/v2\/users\/3"}],"replies":[{"embeddable":true,"href":"https:\/\/redsemlac.com\/semmexico\/wp-json\/wp\/v2\/comments?post=11080"}],"version-history":[{"count":0,"href":"https:\/\/redsemlac.com\/semmexico\/wp-json\/wp\/v2\/posts\/11080\/revisions"}],"wp:featuredmedia":[{"embeddable":true,"href":"https:\/\/redsemlac.com\/semmexico\/wp-json\/wp\/v2\/media\/11081"}],"wp:attachment":[{"href":"https:\/\/redsemlac.com\/semmexico\/wp-json\/wp\/v2\/media?parent=11080"}],"wp:term":[{"taxonomy":"category","embeddable":true,"href":"https:\/\/redsemlac.com\/semmexico\/wp-json\/wp\/v2\/categories?post=11080"},{"taxonomy":"post_tag","embeddable":true,"href":"https:\/\/redsemlac.com\/semmexico\/wp-json\/wp\/v2\/tags?post=11080"}],"curies":[{"name":"wp","href":"https:\/\/api.w.org\/{rel}","templated":true}]}}