{"id":11078,"date":"2019-08-20T20:48:53","date_gmt":"2019-08-20T20:48:53","guid":{"rendered":"https:\/\/redsemlac.com\/semmexico\/?p=11078"},"modified":"2023-07-21T14:53:02","modified_gmt":"2023-07-21T19:53:02","slug":"opinion-59","status":"publish","type":"post","link":"https:\/\/redsemlac.com\/semmexico\/opinion-59\/","title":{"rendered":"Textura Violeta"},"content":{"rendered":"\n<h2 class=\"wp-block-heading\"><strong>Y el candidato presidencial m\u00e1s machista es\u2026<\/strong><\/h2>\n\n\n\n<p class=\"wp-block-paragraph\"><strong>Drina Ergueta<\/strong><br><\/p>\n\n\n\n<p class=\"wp-block-paragraph\">SemM\u00e9xico. Bolivia. 20 de agosto de 2019.- Contrariamente a lo habitual en el resto del a\u00f1o, en las \u00faltimas dos semanas los candidatos presidenciales se han visto en necesidad de hablar de las mujeres y de la violencia que sufren de parte de hombres; sin embargo, cada uno lo ha hecho desde su particular perspectiva en la que, en unos casos m\u00e1s que otros, se han colocado en posiciones evidentemente machistas \u00bfQui\u00e9n es el candidato m\u00e1s machista?<\/p>\n\n\n\n<p class=\"wp-block-paragraph\">Los diversos pronunciamientos no han sido hechos de manera espontanea, motivados por un deseo sincero y preocupado por mejorar la realidad de Bolivia, sino como manera reactiva y con un af\u00e1n utilitario. Esta afirmaci\u00f3n, que apoyo, la hicieron muchas organizaciones de mujeres que no son tontas para no verlo.&nbsp;&nbsp;&nbsp;<\/p>\n\n\n\n<p class=\"wp-block-paragraph\">Hay que recordar que Bolivia tiene el terrible y vergonzante puesto de ser el pa\u00eds sudamericano que registra el mayor \u00edndice de feminicidios, con casi 80 hasta principios de agosto, cifra que es cuatro veces m\u00e1s que la que registra Espa\u00f1a. Adem\u00e1s, est\u00e1n las enormes cifras de violencia y de violaciones que sufren mujeres y ni\u00f1as y ni\u00f1os, cuyos registros son insuficientes y con casos que jam\u00e1s se denuncian.<\/p>\n\n\n\n<p class=\"wp-block-paragraph\">En primer lugar, el actual presidente Evo Morales tiene una fuerte imagen de machista (que se difunde muy a menudo) y posiblemente ese sea el motivo para que, como candidato a una tercera reelecci\u00f3n, deba demostrar su preocupaci\u00f3n por lo que pasa. Frente a las estad\u00edsticas positivas del pa\u00eds en materia de econom\u00eda, inversi\u00f3n p\u00fablica y disminuci\u00f3n de pobreza, la muerte de tantas mujeres es una mancha de sangre muy fea en los informes.&nbsp;&nbsp;&nbsp;&nbsp;&nbsp;<\/p>\n\n\n\n<p class=\"wp-block-paragraph\">Es as\u00ed que el aparato estatal organiz\u00f3 un Plan de Acci\u00f3n contra los Feminicidios y la Violencia Machista; una marcha encabezada por Morales y autoridades, donde por detr\u00e1s iban algunas v\u00edctimas; una alianza con 21 medios de comunicaci\u00f3n (a la que no todos fueron invitados a participar) para el tratamiento adecuado del tema\u2026 aunque el problema de imagen del actual Presidente, respecto de las mujeres, lo origina \u00e9l mismo cada vez que habla de ellas. Hay muchos ejemplos.<\/p>\n\n\n\n<p class=\"wp-block-paragraph\">En segundo lugar, el resto de candidatos han reaccionado a su vez a la campa\u00f1a de Morales, simplemente critic\u00e1ndole y con propuestas pocas o peores. Aqu\u00ed, algunos tienen el mismo problema que \u00e9l de meter la pata, retrat\u00e1ndose como machistas, cada vez que hablan del tema. Son, por ejemplo, los conocidos casos de los candidatos V\u00edctor Hugo C\u00e1rdenas que mientras rechaza el derecho al aborto afirma que las mujeres, siempre que no sea \u201ccualquier loca\u201d, deben ir armadas para defenderse de sus atacantes; o del candidato F\u00e9lix Patzi que asegur\u00f3 que los feminicidios aumentaron por la incursi\u00f3n de las mujeres en la pol\u00edtica, por la ruptura de las familias, adem\u00e1s que, para evitar los celos y violencia, las mujeres deb\u00edan ir con sus maridos al trabajo\u2026<\/p>\n\n\n\n<p class=\"wp-block-paragraph\">Otros candidatos, ya sea porque temen ser criticados como los mencionados o porque no desean comprometerse con una \u201cpeligrosa\u201d posible posici\u00f3n feminista, optan por no hablar del tema y eso tambi\u00e9n los retrata.<\/p>\n\n\n\n<p class=\"wp-block-paragraph\">Que haya tantos casos de feminicidios, de violencia o violaciones, como hechos extremos de odio a las mujeres no puede ser que s\u00f3lo genere un silencio o una cr\u00edtica al candidato contrario, como le pasa a Carlos Mesa. Es cierto que este candidato tiene en su programa electoral unas propuestas m\u00e1s amplias, aunque insuficientes, en lo que respecta a las mujeres; sin embargo, este tema no es uno por lo que a \u00e9l se le conozca en sus discursos. Y es un tema que debiera ser central y transversal en cualquier discurso y proyecto.<\/p>\n\n\n\n<p class=\"wp-block-paragraph\">\u00bfQui\u00e9n es m\u00e1s machista de los candidatos?&nbsp;&nbsp;Hay muchas diferencias, especialmente en las formas y tambi\u00e9n en el grado de intensidad; pero, en el fondo de todo, ninguno plantea la ruptura del sistema de dominio de los hombres sobre las mujeres, y otros g\u00e9neros, un sistema que se llama patriarcado y que se refleja en todas las instancias de la vida, y en ese sentido todos son iguales.<\/p>\n","protected":false},"excerpt":{"rendered":"<p>Y el candidato presidencial m\u00e1s machista es\u2026<\/p>\n","protected":false},"author":3,"featured_media":8467,"comment_status":"open","ping_status":"open","sticky":false,"template":"","format":"standard","meta":{"_monsterinsights_skip_tracking":false,"footnotes":""},"categories":[690,77,102],"tags":[],"class_list":["post-11078","post","type-post","status-publish","format-standard","has-post-thumbnail","category-690","category-drina-ergueta","category-textura-violeta"],"_links":{"self":[{"href":"https:\/\/redsemlac.com\/semmexico\/wp-json\/wp\/v2\/posts\/11078","targetHints":{"allow":["GET"]}}],"collection":[{"href":"https:\/\/redsemlac.com\/semmexico\/wp-json\/wp\/v2\/posts"}],"about":[{"href":"https:\/\/redsemlac.com\/semmexico\/wp-json\/wp\/v2\/types\/post"}],"author":[{"embeddable":true,"href":"https:\/\/redsemlac.com\/semmexico\/wp-json\/wp\/v2\/users\/3"}],"replies":[{"embeddable":true,"href":"https:\/\/redsemlac.com\/semmexico\/wp-json\/wp\/v2\/comments?post=11078"}],"version-history":[{"count":0,"href":"https:\/\/redsemlac.com\/semmexico\/wp-json\/wp\/v2\/posts\/11078\/revisions"}],"wp:featuredmedia":[{"embeddable":true,"href":"https:\/\/redsemlac.com\/semmexico\/wp-json\/wp\/v2\/media\/8467"}],"wp:attachment":[{"href":"https:\/\/redsemlac.com\/semmexico\/wp-json\/wp\/v2\/media?parent=11078"}],"wp:term":[{"taxonomy":"category","embeddable":true,"href":"https:\/\/redsemlac.com\/semmexico\/wp-json\/wp\/v2\/categories?post=11078"},{"taxonomy":"post_tag","embeddable":true,"href":"https:\/\/redsemlac.com\/semmexico\/wp-json\/wp\/v2\/tags?post=11078"}],"curies":[{"name":"wp","href":"https:\/\/api.w.org\/{rel}","templated":true}]}}