{"id":11076,"date":"2019-08-20T18:29:03","date_gmt":"2019-08-20T18:29:03","guid":{"rendered":"https:\/\/redsemlac.com\/semmexico\/?p=11076"},"modified":"2023-07-21T14:53:02","modified_gmt":"2023-07-21T19:53:02","slug":"opinion-58","status":"publish","type":"post","link":"https:\/\/redsemlac.com\/semmexico\/opinion-58\/","title":{"rendered":"Entresemana"},"content":{"rendered":"\n<h2 class=\"wp-block-heading\"><strong>Mart\u00ed Batres y el poder<\/strong><\/h2>\n\n\n\n<p class=\"wp-block-paragraph\"><strong>Mois\u00e9s S\u00e1nchez Lim\u00f3n<\/strong><\/p>\n\n\n\n<p class=\"wp-block-paragraph\">SemM\u00e9xico. Cd. de M\u00e9xico. 20 de agosto de 2019.- En aquellos d\u00edas del foxismo en el poder, corr\u00eda el tercer a\u00f1o de la LVIII Legislatura de la C\u00e1mara de Diputados y Mart\u00ed Batres rindi\u00f3 protesta como presidente de la Junta de Coordinaci\u00f3n Pol\u00edtica y una voz cercana le recomend\u00f3 aprovechar el cargo para demostrar capacidades en ese \u00f3rgano legislativo, cuyo poder incluso llega a ser superior al del presidente de la Mesa Directiva.<\/p>\n\n\n\n<p class=\"wp-block-paragraph\">Seis a\u00f1os atr\u00e1s el priista Arturo N\u00fa\u00f1ez hab\u00eda sido defenestrado de la presidencia de la Gran Comisi\u00f3n de la C\u00e1mara baja. Poderoso, el tabasque\u00f1o que luego se ech\u00f3 a los brazos del PRD, no pudo y no supo enfrentar a la rebeli\u00f3n de los opositores Carlos Medina Plascencia, Porfirio Mu\u00f1oz Ledo, Pablo G\u00f3mez e Ifigenia Mart\u00ednez.<\/p>\n\n\n\n<p class=\"wp-block-paragraph\">As\u00ed que Mart\u00ed llegaba a la presidencia de la Junta de Coordinaci\u00f3n Pol\u00edtica luego de que, como coordinador de la bancada del PRD, hab\u00eda enfrentado rebeliones como la encabezada por la diputada Petra Santos por aquellos dineros no entregados a la bancada como la parte proporcional del aguinaldo del periodo septiembre-diciembre del a\u00f1o 2000.<\/p>\n\n\n\n<p class=\"wp-block-paragraph\">No, no fue sencillo el debut de Batres en el Congreso de la Uni\u00f3n. Llegaba al Palacio Legislativo de &nbsp;San L\u00e1zaro proveniente de la Primera Asamblea Legislativa del Distrito Federal, donde igual tuvo un paso accidentado. Pero la libr\u00f3.<\/p>\n\n\n\n<p class=\"wp-block-paragraph\">As\u00ed que, cuando debut\u00f3 en la presidencia de la JUCOPO, esa voz cercana de un periodista que a\u00fan cubre la fuente legislativa le recomend\u00f3 aprovechar el cargo.<\/p>\n\n\n\n<p class=\"wp-block-paragraph\">&#8211;Es tu oportunidad, Mart\u00ed, no la desaproveches; demuestra que tienes capacidad para cargos superiores\u2014le insisti\u00f3 esta voz del periodista entre las curules, al t\u00e9rmino de la sesi\u00f3n en la que Batres hab\u00eda sido elegido en la presidencia de la JUCOPO.<\/p>\n\n\n\n<p class=\"wp-block-paragraph\">El joven legislador asinti\u00f3, quiz\u00e1 s\u00f3lo para no ser desatento con la recomendaci\u00f3n.<\/p>\n\n\n\n<p class=\"wp-block-paragraph\">A la distancia de aquellos d\u00edas de 2003, cuando por acuerdo de las principales bancadas fue designado presidente de la Junta de Coordinaci\u00f3n Pol\u00edtica, con una repetici\u00f3n como diputado federal en la LXII Legislatura, breve porque pidi\u00f3 licencia para irse a hacer campa\u00f1a con Andr\u00e9s Manuel L\u00f3pez Obrador. Luego renunciar\u00eda al PRD incorpor\u00e1ndose a Morena, partido del que fue presidente, aunque acotado.<\/p>\n\n\n\n<p class=\"wp-block-paragraph\">Es evidente que Mart\u00ed aprendi\u00f3 el trabajo legislativo mas no madur\u00f3 pol\u00edticamente, como hab\u00eda entra\u00f1ado aquella recomendaci\u00f3n para asentarse como pol\u00edtico e ir en busca de nuevos espacios pero despojado de la vestimenta porril, del agandalle y el oportunismo cimentado en grupos de poder por el poder.<\/p>\n\n\n\n<p class=\"wp-block-paragraph\">Hoy est\u00e1 en la ruta de dinamitar al Movimiento Regeneraci\u00f3n Nacional, de la mano de Yeidckol Polevnsky, que nunca fue empresaria sino vendedora de pinturas en las entonces delegaciones pol\u00edticas dependientes del Departamento del Distrito Federal, en tiempos de la regencia de Manuel Camacho Sol\u00eds, de donde viene su v\u00ednculo con Marcelo Ebrard.<\/p>\n\n\n\n<p class=\"wp-block-paragraph\">No hay duda de que Mart\u00ed enfrent\u00f3 a un peso completo de la pol\u00edtica de oposici\u00f3n que ha llegado al poder, experimentado, joven dinosaurio que en las filas del PRI aprendi\u00f3 las artes del cabildeo, el consenso y, sobre todo, escuchar y llegar a acuerdos, como es Ricardo Monreal \u00c1vila.<\/p>\n\n\n\n<p class=\"wp-block-paragraph\">Y no es este un texto panegirista, en forma alguna porque para hacerse promoci\u00f3n Monreal se pinta solo. Es, elemental, hosco y desconfiado cuando el terreno le es dif\u00edcil, desconocido y adverso.<\/p>\n\n\n\n<p class=\"wp-block-paragraph\">\u00bfUsted cree que en las coordenadas de Monreal est\u00e9 hacerse del poder de Morena? No, incluso estuvo a un tris de irse del partido cuando se le neg\u00f3 la posibilidad de competir por la Jefatura de Gobierno, y ayer repiti\u00f3 el amago de dimitir a la coordinaci\u00f3n de la bancada de Morena en el Senado, si ello abonaba a la unidad de los senadores afines a L\u00f3pez Obrador.<\/p>\n\n\n\n<p class=\"wp-block-paragraph\">Y justamente en ese escenario es en el que Monreal asumi\u00f3 la postura de no responder en los t\u00e9rminos rijosos y excluyentes de Mart\u00ed Batres, si usted quiere apenas normal en alguien que no logr\u00f3 su objetivo de reelegirse en la presidencia senatoria, pero evidencia de inmadurez pol\u00edtica o, en todo caso y m\u00e1s riesgoso que la inexperiencia, el ejemplo mejor elaborado de quien busca el poder por el poder, que temprano abriga sue\u00f1os de una sucesi\u00f3n que est\u00e1 a por lo menos cinco a\u00f1os de distancia.<\/p>\n\n\n\n<p class=\"wp-block-paragraph\">Dijo que Monreal es un pol\u00edtico faccioso y acomplejado que debe renunciar a la coordinaci\u00f3n de la bancada. Dijo que frente a \u00e9l, Monreal le aseguraba que estaba realizando un buen trabajo en la Mesa Directiva, pero \u201cme daba la vuelta y me clavaba un pu\u00f1al, hablaba con cada senador para que no me apoyaran\u201d.<\/p>\n\n\n\n<p class=\"wp-block-paragraph\">Indignado porque su plan no prosper\u00f3, ni siquiera con las llamadas que el pasado fin de semana hicieron integrantes del gabinete presidencial a senadores de Morena para que votaran por \u00e9l, acus\u00f3 que el proceso fue irregular,&nbsp;inequitativo, \u2018lleno de trampas\u2019 conducido por Monreal.<br><br>En conferencia de prensa, despotric\u00f3 y no estuvo de acuerdo en que, en urna transparente, 33 votos hayan decidido que la senadora tabasque\u00f1a \u2013tabasque\u00f1a, amiga y paisana de L\u00f3pez Obrador&#8211; M\u00f3nica Fern\u00e1ndez Balboa haya sido elegida por sus pares de bancada como presidenta de la Mesa Directiva Senatorial. La semana entrante el pleno camaral confirmar\u00e1 con su voto esta elecci\u00f3n.<\/p>\n\n\n\n<p class=\"wp-block-paragraph\">Insisti\u00f3 en que Monreal \u201cse ha exhibido como un pol\u00edtico acomplejado que no puede sobresalir si yo me encuentro al frente de la Mesa Directiva\u201d.<\/p>\n\n\n\n<p class=\"wp-block-paragraph\">No, Mart\u00ed no ha madurado pol\u00edticamente. Su postura, acompa\u00f1ada por la de Polevsnky y legisladoras como Tatiana Clouthier; apoyada incluso, seg\u00fan trascendi\u00f3, por la secretaria de Gobernaci\u00f3n, Olga S\u00e1nchez Cordero, no abona a esa unidad requerida por Andr\u00e9s Manuel L\u00f3pez Obrador para apisonar el terreno de la 4T y que, en el Congreso de la Uni\u00f3n, tiene apostadas sus cartas como parte sustancial del gobierno.<\/p>\n\n\n\n<p class=\"wp-block-paragraph\">Dicen que las cabezas de Morena y buena parte de esa militancia morenista tienen el ADN priista, o como dijo en su momento Felipe Calder\u00f3n que todo mexicano lleva a su peque\u00f1o PRI dentro. Bueno, ese es el gran problema de Mart\u00ed: no olvida su nacencia perredista, el trabajo en las tribus, la ausencia de convicciones de la tarea compartida y se ha concentrado en la lucha por el poder.<\/p>\n\n\n\n<p class=\"wp-block-paragraph\">Es evidente que la pataleta por la derrota se adereza con la descalificaci\u00f3n del compa\u00f1ero de bancada, con quien rompi\u00f3 lanzas desde hace rato, junto con Yeidckol y otros personajes que han llegado de otros partidos en los que su espacio se hab\u00eda agotado y no ten\u00edan futuro porque tuvieron todo, todo.<\/p>\n\n\n\n<p class=\"wp-block-paragraph\">\u00bfCu\u00e1l es el futuro mediato de Morena? Mart\u00ed apost\u00f3 por la ruptura, m\u00ednimo la divisi\u00f3n que nada bueno acarrear\u00e1 y Andr\u00e9s Manuel L\u00f3pez Obrador est\u00e1, sin duda, est\u00e1 preocupado y solo blofea con eso de que no se inmiscuye en la vida dom\u00e9stica de Morena. Cuidado, Mart\u00ed est\u00e1 encabronado y lo que le sigue. Urge un buen consejero, aunque est\u00e1 visto que no les hace caso, como desoy\u00f3 al colega hace 16 a\u00f1os. Conste.<\/p>\n\n\n\n<p class=\"wp-block-paragraph\"><a href=\"mailto:sanchezlimon@gmail.com\" target=\"_blank\" rel=\"noreferrer noopener\">sanchezlimon@gmail.com<\/a><\/p>\n\n\n\n<p class=\"wp-block-paragraph\"><a href=\"http:\/\/www.entresemana.mx\/\" target=\"_blank\" rel=\"noreferrer noopener\">www.entresemana.mx<\/a><\/p>\n\n\n\n<p class=\"wp-block-paragraph\">@msanchezlimon<\/p>\n","protected":false},"excerpt":{"rendered":"<p>Mart\u00ed Batres y el poder<\/p>\n","protected":false},"author":3,"featured_media":8470,"comment_status":"open","ping_status":"open","sticky":false,"template":"","format":"standard","meta":{"_monsterinsights_skip_tracking":false,"footnotes":""},"categories":[690,105,83],"tags":[],"class_list":["post-11076","post","type-post","status-publish","format-standard","has-post-thumbnail","category-690","category-entresemana","category-moises-sanchez-limon"],"_links":{"self":[{"href":"https:\/\/redsemlac.com\/semmexico\/wp-json\/wp\/v2\/posts\/11076","targetHints":{"allow":["GET"]}}],"collection":[{"href":"https:\/\/redsemlac.com\/semmexico\/wp-json\/wp\/v2\/posts"}],"about":[{"href":"https:\/\/redsemlac.com\/semmexico\/wp-json\/wp\/v2\/types\/post"}],"author":[{"embeddable":true,"href":"https:\/\/redsemlac.com\/semmexico\/wp-json\/wp\/v2\/users\/3"}],"replies":[{"embeddable":true,"href":"https:\/\/redsemlac.com\/semmexico\/wp-json\/wp\/v2\/comments?post=11076"}],"version-history":[{"count":0,"href":"https:\/\/redsemlac.com\/semmexico\/wp-json\/wp\/v2\/posts\/11076\/revisions"}],"wp:featuredmedia":[{"embeddable":true,"href":"https:\/\/redsemlac.com\/semmexico\/wp-json\/wp\/v2\/media\/8470"}],"wp:attachment":[{"href":"https:\/\/redsemlac.com\/semmexico\/wp-json\/wp\/v2\/media?parent=11076"}],"wp:term":[{"taxonomy":"category","embeddable":true,"href":"https:\/\/redsemlac.com\/semmexico\/wp-json\/wp\/v2\/categories?post=11076"},{"taxonomy":"post_tag","embeddable":true,"href":"https:\/\/redsemlac.com\/semmexico\/wp-json\/wp\/v2\/tags?post=11076"}],"curies":[{"name":"wp","href":"https:\/\/api.w.org\/{rel}","templated":true}]}}