{"id":11073,"date":"2019-08-20T18:26:59","date_gmt":"2019-08-20T18:26:59","guid":{"rendered":"https:\/\/redsemlac.com\/semmexico\/?p=11073"},"modified":"2023-07-21T14:53:02","modified_gmt":"2023-07-21T19:53:02","slug":"cdmx-11","status":"publish","type":"post","link":"https:\/\/redsemlac.com\/semmexico\/cdmx-11\/","title":{"rendered":"Feministas denuncian: el di\u00e1logo \u201cabierto\u201d a puerta cerrada y selectivo"},"content":{"rendered":"\n<p class=\"wp-block-paragraph\"><strong>Desconoce Jefa de Gobierno pol\u00edticas anteriores<\/strong><\/p>\n\n\n\n<p class=\"wp-block-paragraph\"><strong>Exigen separaci\u00f3n del cargo a todos los funcionarios acosadores o violentos<\/strong><\/p>\n\n\n\n<p class=\"wp-block-paragraph\"><strong>Nace el Frente Nacional para la Sororidad de las j\u00f3venes insurrectas<\/strong><\/p>\n\n\n\n<p class=\"wp-block-paragraph\">Sara<strong> Lovera<\/strong>\u00a0\u00a0<\/p>\n\n\n\n<p class=\"wp-block-paragraph\">SemM\u00e9xico. Cd. de M\u00e9xico. 20 de agosto de 2019.- El di\u00e1logo abierto para discutir con todas las colectivas feministas que se movilizaron el 16 de agosto, se frustr\u00f3. A esta hora nadie confirma que realmente empez\u00f3. Quienes buscaron participar en la sede difundida no encontraron informaci\u00f3n ni reuni\u00f3n. Muchas quedaron excluidas, informaron diversas mujeres participantes de la Comisi\u00f3n Impulsora del Encuentro Nacional Feminista en su chat privado.<\/p>\n\n\n\n<p class=\"wp-block-paragraph\">Se pudo precisar que se hizo en las oficinas de la Agencia Digital que preside Jos\u00e9 Merino. Y algunas personas enviadas desde la subcomisi\u00f3n para el Feminicidio de la C\u00e1mara de Diputados, se\u00f1alaron que no dejaron entrar a varias senadoras. Y a las convocadas que les pidieron que firmen un \u201cpacto de confidencialidad\u201d.<\/p>\n\n\n\n<p class=\"wp-block-paragraph\">Ayer debieron comenzar los trabajos, en la Secretar\u00eda de la Mujer de la Ciudad de M\u00e9xico para discutir una&nbsp;<strong>nueva estrategia<\/strong>&nbsp;para enfrentar la violencia contra las mujeres en esta capital. Esta es la dependencia que debe revisar realmente lo hecho en 22 a\u00f1os, y aclarar c\u00f3mo se evit\u00f3 la declaraci\u00f3n de la Alerta de Violencia de G\u00e9nero contra las Mujeres AVGM, negada, por la Comisi\u00f3n Nacional para Prevenir y Erradicar la Violencia Contra las Mujeres (CONAVIM).<\/p>\n\n\n\n<p class=\"wp-block-paragraph\">Aparentemente el domingo se firm\u00f3 un \u201cpacto de confidencialidad\u201d, y no todas las colectivas fueron convocadas, adem\u00e1s se cerr\u00f3 la inscripci\u00f3n. Los asuntos que deb\u00edan tratarse son los comentados y discutidos el domingo pasado.<\/p>\n\n\n\n<p class=\"wp-block-paragraph\">Mientras tanto se difundi\u00f3 informaci\u00f3n precisa de la reuni\u00f3n del d\u00eda 18 de agosto por una nueva iniciativa colectiva llama Frente Nacional para la Sororidad.<\/p>\n\n\n\n<p class=\"wp-block-paragraph\">De los hechos dieron cuenta quienes no pudieron participar: \u201cRespecto a esta mesa de di\u00e1logo quiero comentar que me atrev\u00ed ya que se supone era una convocatoria abierta, sin embargo, al llegar a las instalaciones de Morelos 20 de la Secretar\u00eda de la Mujer me dicen que ah\u00ed no se realizar\u00e1 la reuni\u00f3n. Me mandaron a la Jefatura de Gobierno. A todas las estaban mandando all\u00e1. Yo les coment\u00e9 que no hab\u00edan avisado del cambio y se ten\u00eda el conocimiento de que era ah\u00ed. Pero nada informaron. Adem\u00e1s, pidieron invitaci\u00f3n por escrito\u201d.<\/p>\n\n\n\n<p class=\"wp-block-paragraph\">Las colectivas feministas el 18 de agosto exigieron 15 puntos a solucionar:&nbsp;integraci\u00f3n de procesos transparentes sobre los casos no resueltos de feminicidios, informaci\u00f3n sobre acoso, violencia de g\u00e9nero y carpetas de violencia sexual y trata de personas; una narrativa por parte de Gobierno de la Ciudad de M\u00e9xico acorde a la realidad que se vive en el pa\u00eds sobre la violencia feminicida, machista y patriarcal. No revictimizaci\u00f3n, acusaciones infundadas, discurso de odio, manipulaci\u00f3n y no agresiones al movimiento feminista.<\/p>\n\n\n\n<p class=\"wp-block-paragraph\">Tambi\u00e9n solicitan que en sus medios de comunicaci\u00f3n, redes sociales o cuentas oficiales de las instituciones de gobierno se cuide esta narrativa, se hagan visibles los casos, se capaciten sobre la informaci\u00f3n que se da. Adem\u00e1s, se d\u00e9 soluci\u00f3n y carpeta de investigaci\u00f3n ante el atropello de derechos humanos por parte de la Procuradur\u00eda de la CDMX al filtrarse los videos del caso de la menor violada por polic\u00edas, mismos que da\u00f1an el debido proceso, manipulan la informaci\u00f3n y revictimizan. Separar del cargo a funcionarios y servidores p\u00fablicos con denuncias de acoso sexual, laboral y violencia intrafamiliar.<\/p>\n\n\n\n<p class=\"wp-block-paragraph\">En esas mesas de trabajo tambi\u00e9n las colectivas advierten que las pol\u00edticas p\u00fablicas para enfrentar la violencia de g\u00e9nero dejen de ser solo simb\u00f3licas; piden para todas herramientas de empoderamiento, campa\u00f1as de prevenci\u00f3n con perspectiva de g\u00e9nero. Redirigir sus acciones y dejar de simular trabajo en la materia.<\/p>\n\n\n\n<p class=\"wp-block-paragraph\">Reiteraron que debe declararse la Alerta de G\u00e9nero; un verdadero reordenamiento del Poder Judicial, a quienes deber\u00e1 capacitarse en teor\u00eda de g\u00e9nero, lenguaje y no revictimizaci\u00f3n; que las leyes dejen de ser letra muerta y desaparezca la opacidad de los ministerios p\u00fablicos en la investigaci\u00f3n de delitos cometidos contra mujeres y ni\u00f1as.<\/p>\n\n\n\n<p class=\"wp-block-paragraph\">Puntualizan el establecimiento de espacios que sean plurales para la discusi\u00f3n y reconocimiento a la leg\u00edtima manifestaci\u00f3n feminista, eliminando los discursos de odio hacia el movimiento.<\/p>\n\n\n\n<p class=\"wp-block-paragraph\">Las colectivas reiteraron que se respete su postura separatista. Por ello los medios de comunicaci\u00f3n s\u00f3lo deben enviar mujeres periodistas.<\/p>\n\n\n\n<p class=\"wp-block-paragraph\"><strong>Compromisos de las autoridades<\/strong><\/p>\n\n\n\n<p class=\"wp-block-paragraph\">El domingo la jefa de gobierno Claudia Shiebaum Pardo se comprometi\u00f3 a siete cosas: Dar puntual seguimiento a las peticiones y demandas; No habr\u00e1 carpetas de investigaci\u00f3n para ninguna manifestante o activista de la pasada marcha del 16 de agosto. (A excepci\u00f3n de la carpeta de investigaci\u00f3n a las agresiones a periodistas.); En 30 d\u00edas se comprometi\u00f3 a sacar en conjunto una serie de acciones para el combate efectivo de la violencia contra mujeres y ni\u00f1as; Posicionamiento sobre esta reuni\u00f3n el d\u00eda el 19 de agosto.<\/p>\n\n\n\n<p class=\"wp-block-paragraph\">El bolet\u00edn oficial s\u00f3lo habl\u00f3 de 4 puntos. Entre ellos precisamente a convocar inmediatamente a una serie de reuniones, foros y apertura a todas las mujeres que deseen abrir el di\u00e1logo, recomendaciones y denuncias sobre las exigencias a fin de acercarse a todas. Y a ofrecer una disculpa p\u00fablica por el mensaje err\u00f3neo y el mal intencionado mensaje de las declaraciones antes dadas. No lo hizo, s\u00f3lo dijo que no era su intensi\u00f3n.<\/p>\n\n\n\n<p class=\"wp-block-paragraph\"><br>Hasta ahora nada se inform\u00f3 de solicitar a la Comisi\u00f3n de Derechos Humanos de la CDMX una investigaci\u00f3n externa en el caso de la joven de Azcapotzalco, dando paso a una instancia protectora de v\u00edctimas.<\/p>\n\n\n\n<p class=\"wp-block-paragraph\"><strong>Estrategia para parar la violencia contra las mujeres ahora repetida<\/strong><\/p>\n\n\n\n<p class=\"wp-block-paragraph\"><strong>Ofrecimientos sobre la misma pista y pendientes sin cumplir<\/strong><\/p>\n\n\n\n<p class=\"wp-block-paragraph\"><strong>Metro:&nbsp;<\/strong>Las denuncias y testimonios en redes sociales de enero pasado y sostenida por un mes, hizo que las autoridades anunciaran un plan de atenci\u00f3n con acciones, pero esto est\u00e1 en la opacidad. No se sabe c\u00f3mo avanzaron ni qu\u00e9 resultados dejaron hasta ahora. As\u00ed dijo que instalar\u00edan cinco c\u00e9lulas de atenci\u00f3n por parte de la Procuradur\u00eda de Justicia de la Ciudad de M\u00e9xico en las estaciones del Metro: Coyoac\u00e1n, Mixcoac, Mart\u00edn Carrera, Tacubaya y UAM Iztapalapa. A seis meses, ya no existen.<\/p>\n\n\n\n<p class=\"wp-block-paragraph\">Por ahora nada se sabe de las denuncias por violaciones sexuales perpetradas por polic\u00edas de la Secretar\u00eda de Seguridad Ciudadana. Cuando las declaraciones de Sheinbaum Pardo eran comprometidas y en conferencia de prensa habl\u00f3 de cero tolerancias y dijo a las reunidas el 13 de agosto que defender\u00edan los derechos de las mujeres y v\u00edctimas.<\/p>\n\n\n\n<p class=\"wp-block-paragraph\">En la reuni\u00f3n con grupos seleccionados, habl\u00f3 de su plan integral, varias veces difundido, referido al derecho de las mujeres a vivir libres de violencia. Y cada que es posible, y en los medios de comunicaci\u00f3n habla de ello, tal como el asunto el de las abogadas en los Ministerios P\u00fablicos.<\/p>\n\n\n\n<p class=\"wp-block-paragraph\">Otros anuncios:&nbsp;&nbsp;el 4 de marzo, present\u00f3 el programa de \u201cAbogadas para las mujeres\u201d, un grupo de especialistas en perspectiva de g\u00e9nero que deben estar repartidas en todas las agencias de Ministerios P\u00fablicos de las 16 alcald\u00edas de la Ciudad de M\u00e9xico, para atender a las mujeres que interpongan una denuncia por violencia. Trabajo que ahora no se ve.<\/p>\n\n\n\n<p class=\"wp-block-paragraph\">Seg\u00fan el plan, los Ministerio P\u00fablicos ser\u00edan capacitados en perspectiva de derechos humanos y de g\u00e9nero. Los datos oficiales se\u00f1alan que, de diciembre de 2018 a junio de este a\u00f1o, las abogadas abrieron 2 mil 107 carpetas de investigaci\u00f3n y han atendido a 7 mil 693 mujeres.<\/p>\n\n\n\n<p class=\"wp-block-paragraph\">Hasta ahora no se conocen cifras o datos sobre el proceso en el que se encuentran estas investigaciones o a qu\u00e9 tipos de violencia se deben.<\/p>\n\n\n\n<p class=\"wp-block-paragraph\">El 6 de mayo, la jefa de gobierno volvi\u00f3 a hablar del mismo plan ante la Secretaria de Gobernaci\u00f3n Olga S\u00e1nchez Cordero, llamado \u201cacciones y compromisos del Gobierno de la Ciudad de M\u00e9xico para una vida libre de violencia para mujeres y ni\u00f1as\u201d, como si fuera una novedad.<\/p>\n\n\n\n<p class=\"wp-block-paragraph\">Del funcionamiento de las Lunas, la situaci\u00f3n de sus trabajadoras y trabajadores SemM\u00e9xico hizo una amplia relator\u00eda.<\/p>\n\n\n\n<p class=\"wp-block-paragraph\">En junio se hizo el anuncio oficial de que la Secretar\u00eda de Gobernaci\u00f3n neg\u00f3 activar la Alerta de Violencia de G\u00e9nero contra las Mujeres (AVGM). En entrevista con SenM\u00e9xico, la titular de CONAVIM, Candelaria Ochoa me dijo que esa decisi\u00f3n fue porque en 6 meses se hab\u00eda hecho lo que no se hizo en 12 a\u00f1os. La solicitud de la AVGM en las 16 alcald\u00edas de la ciudad, datan de diciembre de 2017, porque las organizaciones demandantes pudieron documentar mil 528 homicidios dolosos contra mujeres cometidos entre 2012 y 2013.<\/p>\n\n\n\n<p class=\"wp-block-paragraph\"><strong>Las famosas Lunas<\/strong><\/p>\n\n\n\n<p class=\"wp-block-paragraph\">En la Ciudad de M\u00e9xico, desde el gobierno de Cuauht\u00e9moc C\u00e1rdenas se cerraron Centros de Atenci\u00f3n a las mujeres y las Unidades de Atenci\u00f3n a la Violencia Familiar, dentro de un continuado de pol\u00edticas p\u00fablicas que crearon las Agencias de Delitos Sexuales en1989, como un centro de atenci\u00f3n y contenci\u00f3n psicol\u00f3gica y otras acciones.<\/p>\n\n\n\n<p class=\"wp-block-paragraph\">Ahora el gobierno de&nbsp;Claudia Shiebaum&nbsp;Pardo en ese plan presentado el 4 de marzo, las anunci\u00f3 como novedad, las hizo depender de la Secretar\u00eda de la Mujer y las llam\u00f3&nbsp;<strong>Lunas.&nbsp;<\/strong>As\u00ed como una Fiscal\u00edaEspecializada en Feminicidio. Ambas pol\u00edticas o programas existen desde hace al menos 20 a\u00f1os.<\/p>\n\n\n\n<p class=\"wp-block-paragraph\">Las Lunas, motivo por el cual no se declara la AVGM fueron reforzadas con la Ley de Asistencia y Prevenci\u00f3n de la Violencia Familiar presentada en 1987 por el entonces en el Distrito Federal.<\/p>\n\n\n\n<p class=\"wp-block-paragraph\">Se llamaron Unidades de Atenci\u00f3n de la Violencia Intrafamiliar (UAVIF), situadas en las 16 delegaciones. Sumadas a los centros de atenci\u00f3n ahora son 27 unidades, s\u00f3lo se les cambi\u00f3 el nombre.<\/p>\n\n\n\n<p class=\"wp-block-paragraph\">Lo \u00fanico nuevo, pero de corte pol\u00edtico es la creaci\u00f3n de redes de mujeres por la igualdad en territorio. Ah\u00ed fueron llamadas conocidas l\u00edderes de barrios, gremios u organizaciones en colonias, que como en el gobierno de Cuauht\u00e9moc C\u00e1rdenas, fungieron como heraldos informativos. Luego en el gobierno de AMLO, hoy presidente de la Rep\u00fablica, desaparecieron.<\/p>\n\n\n\n<p class=\"wp-block-paragraph\"><strong>Pol\u00edticas anteriores no reconocidas<\/strong><\/p>\n\n\n\n<p class=\"wp-block-paragraph\">Tras el 24\u00aa de 2016, cuando miles de j\u00f3venes hicieron marchas contra del acoso callejero y las violencias machistas, que se conoci\u00f3 como \u201cPrimavera violeta\u201d oblig\u00f3 a que en 30 d\u00edas el entonces jefe de Gobierno y actual senador, Miguel \u00c1ngel Mancera, anunciara la \u201cEstrategia 30-100 contra la violencia hacia las mujeres en el transporte y espacio p\u00fablico\u201d, para prevenir el acoso sexual. Profundizaci\u00f3n de la impulsada en la administraci\u00f3n anterior, que dio lugar a los vagones rosas, los espacios libres de hombres en el metro; los taxis rosas y \u201cVive segura\u201d (<a href=\"http:\/\/vivesegura.cdmx.gob.mx\/\" target=\"_blank\" rel=\"noreferrer noopener\">http:\/\/vivesegura.cdmx.gob.mx<\/a>) aplicaci\u00f3n que ya no existe, impulsada por la doctora Tersa Incha\u00fastegui, entonces directora del Instituto de las Mujeres.<\/p>\n\n\n\n<p class=\"wp-block-paragraph\">Con Mancera se abri\u00f3 un Centro de Justicia en Iztapalapa: se habl\u00f3 de nuevo modelo de atenci\u00f3n como \u00danico y una Red de Informaci\u00f3n de Violencia contra las Mujeres y las Ni\u00f1as; un Centro de Atenci\u00f3n y Cuidado para V\u00edctimas de Trata en la Ciudad de M\u00e9xico y la entrega de silbatos para alertar de posibles casos de acoso. \u00bfSe acuerdan?<\/p>\n\n\n\n<p class=\"wp-block-paragraph\">Cuando el domingo pasado la jefa de gobierno hizo un listado de acciones por venir, como la comisionada de CONAVIM, present\u00f3 como nuevas todas las acciones, las mismas iniciadas con Marcelo Ebrard y refundadas con Mancera.&nbsp;<strong>Nada nuevo.<\/strong><br><\/p>\n","protected":false},"excerpt":{"rendered":"<p>Exigen separaci\u00f3n del cargo a todos los funcionarios acosadores o violentos<\/p>\n","protected":false},"author":3,"featured_media":11074,"comment_status":"open","ping_status":"open","sticky":false,"template":"","format":"standard","meta":{"_monsterinsights_skip_tracking":false,"footnotes":""},"categories":[690,54],"tags":[],"class_list":["post-11073","post","type-post","status-publish","format-standard","has-post-thumbnail","category-690","category-mujeres"],"_links":{"self":[{"href":"https:\/\/redsemlac.com\/semmexico\/wp-json\/wp\/v2\/posts\/11073","targetHints":{"allow":["GET"]}}],"collection":[{"href":"https:\/\/redsemlac.com\/semmexico\/wp-json\/wp\/v2\/posts"}],"about":[{"href":"https:\/\/redsemlac.com\/semmexico\/wp-json\/wp\/v2\/types\/post"}],"author":[{"embeddable":true,"href":"https:\/\/redsemlac.com\/semmexico\/wp-json\/wp\/v2\/users\/3"}],"replies":[{"embeddable":true,"href":"https:\/\/redsemlac.com\/semmexico\/wp-json\/wp\/v2\/comments?post=11073"}],"version-history":[{"count":0,"href":"https:\/\/redsemlac.com\/semmexico\/wp-json\/wp\/v2\/posts\/11073\/revisions"}],"wp:featuredmedia":[{"embeddable":true,"href":"https:\/\/redsemlac.com\/semmexico\/wp-json\/wp\/v2\/media\/11074"}],"wp:attachment":[{"href":"https:\/\/redsemlac.com\/semmexico\/wp-json\/wp\/v2\/media?parent=11073"}],"wp:term":[{"taxonomy":"category","embeddable":true,"href":"https:\/\/redsemlac.com\/semmexico\/wp-json\/wp\/v2\/categories?post=11073"},{"taxonomy":"post_tag","embeddable":true,"href":"https:\/\/redsemlac.com\/semmexico\/wp-json\/wp\/v2\/tags?post=11073"}],"curies":[{"name":"wp","href":"https:\/\/api.w.org\/{rel}","templated":true}]}}