{"id":11067,"date":"2019-08-20T01:06:40","date_gmt":"2019-08-20T01:06:40","guid":{"rendered":"https:\/\/redsemlac.com\/semmexico\/?p=11067"},"modified":"2023-07-21T14:53:02","modified_gmt":"2023-07-21T19:53:02","slug":"oaxaca-20","status":"publish","type":"post","link":"https:\/\/redsemlac.com\/semmexico\/oaxaca-20\/","title":{"rendered":"Gobierno del Estado deber\u00e1 tutelar derechos de las v\u00edctimas indirectas"},"content":{"rendered":"\n<p class=\"wp-block-paragraph\"><strong>* Ponen fin a\ninjusticias hacia victimas olvidadas del feminicidio<\/strong><\/p>\n\n\n\n<p class=\"wp-block-paragraph\"><strong>* Hijas e hijos y\npersonas dependientes las beneficiadas<\/strong><\/p>\n\n\n\n<p class=\"wp-block-paragraph\"><strong>Redacci\u00f3n<\/strong><strong><br>\nSemM\u00e9xico, Oaxaca, 19 agosto 2019.- Con la\nreforma al Art\u00edculo 22 de la Ley<\/strong> Estatal de Acceso\nde las Mujeres a una Vida Libre de Violencia de G\u00e9nero, el gobierno del Estado\ndeber\u00e1 tutelar los derechos de alimentaci\u00f3n, salud y educaci\u00f3n de las v\u00edctimas\nindirectas de la violencia feminicida, principalmente ni\u00f1os y ni\u00f1as y personas\ndependientes, luego de la reforma aprobada al marco jur\u00eddico secundario.<\/p>\n\n\n\n<p class=\"wp-block-paragraph\">En un comunicado, el Congreso del Estado de\nOaxaca, explica que exist\u00eda un vac\u00edo legislativo principalmente en la condici\u00f3n\nde orfandad en que se encuentra ese sector de la poblaci\u00f3n que depend\u00eda de las\nmujeres v\u00edctimas de feminicidio, porque se carec\u00eda de un mecanismo jur\u00eddico,\npor el cual el Estado fuera obligado a cumplir a trav\u00e9s de sus dependencias.<br>\n<br>\nLa reforma al Art\u00edculo 22 de la Ley Estatal de\nAcceso de las Mujeres a una Vida Libre de Violencia de G\u00e9nero, donde establece\nla responsabilidad del gobierno en garantizar los derechos de alimentaci\u00f3n,\nsalud y educaci\u00f3n a las v\u00edctimas sobrevivientes de las conductas de violencia\nfeminicida, incluidos los hijos de la v\u00edctima para que la tentativa de\nhomicidio no se consume.&nbsp;<br>\n<br>\nLa reforma tambi\u00e9n establece que el Estado y los\nmunicipios impulsar\u00e1n programas para difundir la cultura de defensa y\nprotecci\u00f3n a los derechos humanos de las mujeres y la discriminaci\u00f3n hac\u00eda\nellas.&nbsp;<br>\n<br>\nAdicionando a dicho art\u00edculo lo siguiente:\n\u201cdeber\u00e1n contar para ello con instancias especializadas y personal calificado\npara la atenci\u00f3n de las v\u00edctimas y supervivientes directas e indirectas de\nviolencia por situaci\u00f3n de g\u00e9nero\u201d.<br>\n<br>\nAsimismo las autoridades deber\u00e1n coordinarse\npara la implementaci\u00f3n de acciones y programas de desarrollo social y\nempoderamiento econ\u00f3mico de los y las dependientes y familiares v\u00edctimas de\nfeminicidio.<\/p>\n\n\n\n<p class=\"wp-block-paragraph\">SEM\/sj<\/p>\n","protected":false},"excerpt":{"rendered":"<p>Ponen fin a injusticias hacia victimas olvidadas del feminicidio<\/p>\n","protected":false},"author":3,"featured_media":11068,"comment_status":"open","ping_status":"open","sticky":false,"template":"","format":"standard","meta":{"_monsterinsights_skip_tracking":false,"footnotes":""},"categories":[690,50],"tags":[],"class_list":["post-11067","post","type-post","status-publish","format-standard","has-post-thumbnail","category-690","category-congreso"],"_links":{"self":[{"href":"https:\/\/redsemlac.com\/semmexico\/wp-json\/wp\/v2\/posts\/11067","targetHints":{"allow":["GET"]}}],"collection":[{"href":"https:\/\/redsemlac.com\/semmexico\/wp-json\/wp\/v2\/posts"}],"about":[{"href":"https:\/\/redsemlac.com\/semmexico\/wp-json\/wp\/v2\/types\/post"}],"author":[{"embeddable":true,"href":"https:\/\/redsemlac.com\/semmexico\/wp-json\/wp\/v2\/users\/3"}],"replies":[{"embeddable":true,"href":"https:\/\/redsemlac.com\/semmexico\/wp-json\/wp\/v2\/comments?post=11067"}],"version-history":[{"count":0,"href":"https:\/\/redsemlac.com\/semmexico\/wp-json\/wp\/v2\/posts\/11067\/revisions"}],"wp:featuredmedia":[{"embeddable":true,"href":"https:\/\/redsemlac.com\/semmexico\/wp-json\/wp\/v2\/media\/11068"}],"wp:attachment":[{"href":"https:\/\/redsemlac.com\/semmexico\/wp-json\/wp\/v2\/media?parent=11067"}],"wp:term":[{"taxonomy":"category","embeddable":true,"href":"https:\/\/redsemlac.com\/semmexico\/wp-json\/wp\/v2\/categories?post=11067"},{"taxonomy":"post_tag","embeddable":true,"href":"https:\/\/redsemlac.com\/semmexico\/wp-json\/wp\/v2\/tags?post=11067"}],"curies":[{"name":"wp","href":"https:\/\/api.w.org\/{rel}","templated":true}]}}