{"id":11065,"date":"2019-08-20T00:59:32","date_gmt":"2019-08-20T00:59:32","guid":{"rendered":"https:\/\/redsemlac.com\/semmexico\/?p=11065"},"modified":"2023-07-21T14:53:02","modified_gmt":"2023-07-21T19:53:02","slug":"opinion-57","status":"publish","type":"post","link":"https:\/\/redsemlac.com\/semmexico\/opinion-57\/","title":{"rendered":"Mujeres y Pol\u00edtica"},"content":{"rendered":"\n<h2 class=\"wp-block-heading\"> Enojo patriarcal por desobedecer el mandato <\/h2>\n\n\n\n<p class=\"wp-block-paragraph\"><strong>* Violencias en todos los sentidos y\nmucha simulaci\u00f3n<\/strong><\/p>\n\n\n\n<p class=\"wp-block-paragraph\"><strong>Soledad Jarqu\u00edn Edgar<\/strong><\/p>\n\n\n\n<p class=\"wp-block-paragraph\">SemM\u00e9xico,\n19 agosto 2019.- La violencia contra las mujeres est\u00e1 aqu\u00ed y all\u00e1. Est\u00e1 en\nnuestras vidas de una u otra forma. As\u00ed, como se ha dicho, el hartazgo frente a\nla impunidad mostr\u00f3 su cara en la ciudad de M\u00e9xico y en m\u00e1s de la mitad de\nentidades del pa\u00eds durante las manifestaciones del pasado viernes 16 de agosto,\nun d\u00eda que ha de quedar marcado en el calendario feminista. <\/p>\n\n\n\n<p class=\"wp-block-paragraph\">Pero\nojo, a pesar de lo que usted pueda imaginar que se ha hecho para hacer visible\neste fen\u00f3meno social heredado desde la era cuaternaria, es decir la violencia\nmachista, muchas personas se ven sorprendidas por lo sucedido en las calles\ndonde la reacci\u00f3n no esperada de las mujeres alcanz\u00f3 edificios y monumentos\nhist\u00f3ricos, como si se trataran del alma del pa\u00eds, y no su gente. Pongamos los\npies sobre la tierra. <\/p>\n\n\n\n<p class=\"wp-block-paragraph\">La\nsorpresa y la agresiva respuesta con la que muchas personas responden ante los\nhechos en la capital mexicana como en la ciudad de Oaxaca, donde las j\u00f3venes\nindignadas, enojadas, encabronadas frente a la impunidad y el cinismo burocr\u00e1tico,\ndecidieron romper los vidrios de la Secretar\u00eda de las Mujeres de Oaxaca o\npintar el emblem\u00e1tico \u201c\u00c1ngel de la Independencia\u201d, nos habla de c\u00f3mo ha\npermeado la imposici\u00f3n patriarcal que dice que las mujeres \u201ccalladitas nos\nvemos bonitas\u201d y que actuar con violencia es cosa de hombres. <\/p>\n\n\n\n<p class=\"wp-block-paragraph\">Y\nmientras en las redes sociales, los televisivos y la radio, as\u00ed como con\nchorros de tinta en los peri\u00f3dicos se cuestiona el actuar de las mujeres, en\nOaxaca es asesinada Carmen Parral Santos, alcaldesa del\nmunicipio de San Jos\u00e9 Estancia Grande, la tercera mun\u00edcipe m\u00e1s una s\u00edndica en\nlos \u00faltimos ocho meses. Emblem\u00e1tico y preocupante la violencia pol\u00edtica que se\ngest\u00f3 desde el proceso electoral 2017-2018, consideradas como las m\u00e1s violentas\nregistradas hasta entonces, de acuerdo con informaci\u00f3n del INMUJERES.<\/p>\n\n\n\n<p class=\"wp-block-paragraph\">No es para menos, en Oaxaca la\nsimulaci\u00f3n de las instituciones que deben responder ante el flagelo de la\nviolencia contra las mujeres siguen durmiendo el sue\u00f1o de los justos. Hay sobre\nla mesa quejas y solo quejas de mujeres que siguen enfrentando la\ninsensibilidad del funcionariado que las cuestiona y juzga cuando interponen\nuna denuncia por acoso sexual en la calle, por violaciones sexuales en el\nintocado transporte p\u00fablico o por las muchas agresiones de violencia que sufren\nen sus universidades, p\u00fablicas o privadas.<\/p>\n\n\n\n<p class=\"wp-block-paragraph\">En esta entidad, donde el n\u00famero de\nasesinatos, la gran mayor\u00eda de ellos que la Fiscal\u00eda de Oaxaca no considera\nfeminicidios y, sin embargo, nos muestra el tama\u00f1o del problema cuyo origen\nfundamental est\u00e1 en el no reconocimiento de los derechos de las mujeres, que lo\nque no existe son acciones de prevenci\u00f3n reales y efectivos. Los resultados\nest\u00e1n a la vista. <\/p>\n\n\n\n<p class=\"wp-block-paragraph\">As\u00ed,\nconsiderando que la pol\u00edtica, el poder, era hasta mediados del siglo pasado el\nlugar intocado por las mujeres en beneficio de los hombres pol\u00edticos que\nhicieron toda clase de argucias y pusieron toda clase de obst\u00e1culos, tantos que\nla participaci\u00f3n en paridad tuvo un largo camino, tan largo como si pensamos\nque la primera demanda de participaci\u00f3n pol\u00edtica de las mexicanas se gest\u00f3 tan\npronto termin\u00f3 la guerra de Independencia. Se trata de casi 200 a\u00f1os de\ndemandas, que \u201cconcluyeron\u201d a partir de 2014, con la Paridad en la\nConstituci\u00f3n, cuando los se\u00f1ores del poder no tuvieron m\u00e1s que entregar la\nmitad del pastel, al menos cuando los procesos se realizan por la v\u00eda\npartidista y con resultados a\u00fan por cuantificarse y cualificarse. Recordemos\nque todav\u00eda queda el remanente de los sistemas normativos internos, donde, las\ncosas son de otra manera y hay quienes piensan que todav\u00eda ser\u00e1 pleno hasta que\nlas condiciones lo permitan, como dicen algunas privilegiadas y a qui\u00e9nes\ntenemos que preguntarles si se refieren \u00bfa las condiciones o los se\u00f1ores del\npoder? <\/p>\n\n\n\n<p class=\"wp-block-paragraph\">Violencia\ngeneralizada contra las mujeres y las implicaciones que redundan en la falta de\njusticia son las razones por las cuales no se puede hablar de igualdad en este\npa\u00eds para todas las mujeres. Por eso est\u00e1n en la calle, rompen vidrios y hacen\nlo necesario para ser vistas y escuchadas, porque la simulaci\u00f3n gubernamental\n(de este y de muchos sexenios anteriores) es simplemente insostenible para una\nnueva generaci\u00f3n de feministas, acompa\u00f1adas de innumerables v\u00edctimas.<\/p>\n","protected":false},"excerpt":{"rendered":"<p>Enojo patriarcal por desobedecer el mandato <\/p>\n","protected":false},"author":3,"featured_media":8460,"comment_status":"open","ping_status":"open","sticky":false,"template":"","format":"standard","meta":{"_monsterinsights_skip_tracking":false,"footnotes":""},"categories":[690,96,75],"tags":[],"class_list":["post-11065","post","type-post","status-publish","format-standard","has-post-thumbnail","category-690","category-mujeres-y-politica","category-soledad-jarquin-edgar"],"_links":{"self":[{"href":"https:\/\/redsemlac.com\/semmexico\/wp-json\/wp\/v2\/posts\/11065","targetHints":{"allow":["GET"]}}],"collection":[{"href":"https:\/\/redsemlac.com\/semmexico\/wp-json\/wp\/v2\/posts"}],"about":[{"href":"https:\/\/redsemlac.com\/semmexico\/wp-json\/wp\/v2\/types\/post"}],"author":[{"embeddable":true,"href":"https:\/\/redsemlac.com\/semmexico\/wp-json\/wp\/v2\/users\/3"}],"replies":[{"embeddable":true,"href":"https:\/\/redsemlac.com\/semmexico\/wp-json\/wp\/v2\/comments?post=11065"}],"version-history":[{"count":0,"href":"https:\/\/redsemlac.com\/semmexico\/wp-json\/wp\/v2\/posts\/11065\/revisions"}],"wp:featuredmedia":[{"embeddable":true,"href":"https:\/\/redsemlac.com\/semmexico\/wp-json\/wp\/v2\/media\/8460"}],"wp:attachment":[{"href":"https:\/\/redsemlac.com\/semmexico\/wp-json\/wp\/v2\/media?parent=11065"}],"wp:term":[{"taxonomy":"category","embeddable":true,"href":"https:\/\/redsemlac.com\/semmexico\/wp-json\/wp\/v2\/categories?post=11065"},{"taxonomy":"post_tag","embeddable":true,"href":"https:\/\/redsemlac.com\/semmexico\/wp-json\/wp\/v2\/tags?post=11065"}],"curies":[{"name":"wp","href":"https:\/\/api.w.org\/{rel}","templated":true}]}}