{"id":11059,"date":"2019-08-20T00:47:22","date_gmt":"2019-08-20T00:47:22","guid":{"rendered":"https:\/\/redsemlac.com\/semmexico\/?p=11059"},"modified":"2023-07-21T14:52:20","modified_gmt":"2023-07-21T19:52:20","slug":"anuncian-cambios-estructurales-en-inmujeres-por-austeridad","status":"publish","type":"post","link":"https:\/\/redsemlac.com\/semmexico\/anuncian-cambios-estructurales-en-inmujeres-por-austeridad\/","title":{"rendered":"Anuncian cambios estructurales en INMUJERES, por austeridad"},"content":{"rendered":"\n<p class=\"wp-block-paragraph\"><strong>* Pierden\namparos tres organizaciones que buscaban rescatar el ProEquidad<\/strong><\/p>\n\n\n\n<p class=\"wp-block-paragraph\"><strong>* Nombrar\u00edan\nSecretaria T\u00e9cnica de la Junta de Gobierno a Ma. Consuelo Mej\u00eda Pi\u00f1eros<\/strong><\/p>\n\n\n\n<p class=\"wp-block-paragraph\"><strong>Sara Lovera<\/strong><\/p>\n\n\n\n<p class=\"wp-block-paragraph\">SemM\u00e9xico, Cd. de M\u00e9xico, 19 agosto 2019.- Cambios\nestructurales y otras acciones, como la derrota legal para reintegrar a las\norganizaciones civiles los 87 millones del ProEquidad, porque la Circular 1 de\neliminar a las asociaciones civiles fue obligatorio para el Instituto Nacional\nde las Mujeres (INMUJERES), ser\u00e1n discutidos este martes por la Junta de\nGobierno del Instituto que presidir\u00e1 Olga S\u00e1nchez Cordero, secretaria de Gobernaci\u00f3n.<\/p>\n\n\n\n<p class=\"wp-block-paragraph\">Seg\u00fan informaci\u00f3n verificada por SemM\u00e9xico, a\nprop\u00f3sito de la tercera sesi\u00f3n\nordinaria de 2019 de la Junta de Gobierno, se anuncia una reestructuraci\u00f3n\norg\u00e1nica que impactar\u00e1 las contrataciones del instituto por razones de\nausteridad y otros cambios administrativos.<\/p>\n\n\n\n<p class=\"wp-block-paragraph\">Tambi\u00e9n se prev\u00e9 el\nnombramiento de Mar\u00eda Consuelo Mej\u00eda Pi\u00f1eros, exdirectora de Cat\u00f3licas por el Derecho a Decidir como\nSecretaria T\u00e9cnica de la Junta de Gobierno, de acuerdo al orden del d\u00eda.<\/p>\n\n\n\n<p class=\"wp-block-paragraph\">En esta reuni\u00f3n, donde las\nautoridades del gobierno federal y 32 consejeras habr\u00e1n de discutir y, en su\ncaso acordar 18 puntos, se incluyen cambios en el Reglamento de Adquisiciones;\nigual se dar\u00e1 cuenta de la renuncia al Consejo Consultivo de la campechana\nClara Valderrama Barbeitia. Y la erogaci\u00f3n de un mill\u00f3n 500 mil pesos destinado\nal Mecanismo de Seguimiento de la Convenci\u00f3n de Bel\u00e9m do Par\u00e1, MESECVI de la\nOEA. <\/p>\n\n\n\n<p class=\"wp-block-paragraph\">Hasta ahora no se sabe\nc\u00f3mo se reestructurar\u00e1 el Instituto que fue creado en 2007 para velar y\npromover la pol\u00edtica de g\u00e9nero del Gobierno Federal; ni se ha cuantificado\np\u00fablicamente c\u00f3mo se impact\u00f3 al personal hasta con 18 a\u00f1os de antig\u00fcedad, ni\nque \u00e1reas han sido limitadas. Discusi\u00f3n de este martes.<\/p>\n\n\n\n<p class=\"wp-block-paragraph\"><strong>El ProEquidad<\/strong><\/p>\n\n\n\n<p class=\"wp-block-paragraph\">Como se recordar\u00e1 desde hace tres meses las\nconsejeras de INMUJERES iniciaron una batalla para que no desapareciera el ProEquidad\ndestinado hace 18 a\u00f1os para las organizaciones sociales. <\/p>\n\n\n\n<p class=\"wp-block-paragraph\">Tres juzgados en materia administrativa negaron\namparo a organizaciones civiles para que ese programa se reintegrara a las\norganizaciones civiles como fue su prop\u00f3sito de creaci\u00f3n. Se adujo que no\nexiste el acto reclamado y que la Junta de Gobierno del INMUJERES no es la\nautoridad para decidir el destino de los recursos, aunque sus fondos ya se\nrepartieron a Secretar\u00edas e Institutos de las Mujeres en las entidades del pa\u00eds\npara fortalecer las acciones que eviten el embarazo en adolescentes.<\/p>\n\n\n\n<p class=\"wp-block-paragraph\">Las demandas de amparo, ahora improcedentes, fueron\ninterpuestas por: Equis, Justicia para las Mujeres, Asociaci\u00f3n Civil, ante la\nJueza Decimosegunda de Distrito en Materia Administrativa en la Ciudad de\nM\u00e9xico; el Colectivo de Mujeres por la Equidad, la Salud y la Educaci\u00f3n,\nAsociaci\u00f3n Civil, ante el Juez D\u00e9cimo de Distrito en Materia Administrativa en\nla Ciudad de M\u00e9xico; por la Unidad de Atenci\u00f3n Sicol\u00f3gica, Sexol\u00f3gica y\nEducativa, para el Crecimiento Personal, Asociaci\u00f3n Civil, a la Jueza Cuarta de\nDistrito en M\u00e9rida, Yucat\u00e1n.<\/p>\n\n\n\n<p class=\"wp-block-paragraph\">Las organizaciones se\u00f1alaron como responsables al INMUJERES\ny a la Junta de Gobierno del Instituto. El reclamo fue por la manera como se\nemiti\u00f3 la Convocatoria del ProEquidad 2019 y la omisi\u00f3n de incluir a las\norganizaciones de la sociedad civil en la participaci\u00f3n de la Convocatoria.<\/p>\n\n\n\n<p class=\"wp-block-paragraph\">Sus argumentos fueron: a) La Convocatoria del ProEquidad\n2019 vulnera el principio de progresividad y no regresividad de los derechos. b)\nComo derecho vulnerado la libertad de asociaci\u00f3n. Se menciona que el Estado\ntiene el deber de facilitar los medios necesarios para que las personas\ndefensoras de derechos humanos realicen sus actividades, as\u00ed como evitar\nobstaculizar su labor. c) La aplicaci\u00f3n de la Circular No. 1 que implica un\nacto de discriminaci\u00f3n indirecta y vulnera el derecho a la igualdad.<\/p>\n\n\n\n<p class=\"wp-block-paragraph\">Ah\u00ed los juzgadores argumentan que lo planteado en\nlos informes justificados, y las demandas \u201cson improcedentes en atenci\u00f3n a que\nno existe el acto reclamado, puesto que la Junta de Gobierno no es la autoridad\nque emiti\u00f3 y public\u00f3 las Bases de participaci\u00f3n de la convocatoria\u201d, INMUJERES\ntampoco \u201cporque la publicaci\u00f3n y emisi\u00f3n de las Bases corresponde al ejercicio\nde las atribuciones y obligaciones que el Instituto tiene, a trav\u00e9s de la\nPresidencia de \u00e9ste.<\/p>\n\n\n\n<p class=\"wp-block-paragraph\">Luego los jueces dicen que el INMUJERES no dej\u00f3 de\nconsiderar la participaci\u00f3n de las asociaciones civiles, en virtud de que se\nestableci\u00f3 la vinculaci\u00f3n social de las mismas, mediante las Instancias de las Mujeres\nen las Entidades Federativas. <\/p>\n\n\n\n<p class=\"wp-block-paragraph\">Adem\u00e1s, la asignaci\u00f3n de los recursos en los\nejercicios anteriores se realiz\u00f3 bajo un principio de coadyuvancia y de\ncolaboraci\u00f3n con las organizaciones de la sociedad civil, sin que esto suponga\nuna obligaci\u00f3n para que los proyectos y programas se ejecuten \u00fanicamente a\ntrav\u00e9s de dichas organizaciones. Las Bases cuentan con la fundamentaci\u00f3n y\nmotivaci\u00f3n que reflejan las razones sociales actuales que motivaron su manera\nde operar y que no violentan los derechos de las organizaciones civiles. Y\nagrega la aplicaci\u00f3n de la Circular 1 es un acto obligatorio para el INMUJERES.<\/p>\n\n\n\n<p class=\"wp-block-paragraph\"><strong>Austeridad\nrepublicana<\/strong><\/p>\n\n\n\n<p class=\"wp-block-paragraph\">Los documentos para la discusi\u00f3n conocidos se\u00f1alan\nque por razones de austeridad ser\u00e1 modificada toda la estructura org\u00e1nica y\nocupacional del INMUJERES.<\/p>\n\n\n\n<p class=\"wp-block-paragraph\">La reuni\u00f3n de la Junta de Gobierno\nestar\u00e1 rodeada de varias inquietudes, y&nbsp;\nempa\u00f1ada por un libelo difundido en los correos electr\u00f3nicos de algunas\npersonas, entre ellas, a la directora de SemM\u00e9xico donde se asegura que tambi\u00e9n\nse incorporar\u00e1, para las tareas de reestructuraci\u00f3n del INMUJERES a la doctora\nTeresa Incha\u00fastegui, ex directora del Instituto de las Mujeres de la Ciudad de\nM\u00e9xico en una responsabilidad de nueva creaci\u00f3n: la Direcci\u00f3n de\nInnovaci\u00f3n y proyectos especiales parte de&nbsp;\nla reestructura que est\u00e1 en proceso.<\/p>\n\n\n\n<p class=\"wp-block-paragraph\">Sin firma con el correo <a href=\"mailto:informacioninm@gmail.com\">informacioninm@gmail.com<\/a>,\nel s\u00e1bado 17 de agosto se\u00f1ala entre otras cosas: que se est\u00e1 realizando en\nc\u00f3nclave sin tomar en cuenta la opini\u00f3n de las \u00e1reas del Instituto. Que con un \u201cAs\u201d\nbajo la manga los cambios estar\u00edan liderados por Mal\u00fa Micher, senadora de la\nRep\u00fablica. Y dice que se trata de debilitar a la presidencia del INMUJERES.<\/p>\n\n\n\n<p class=\"wp-block-paragraph\">Sobre la reestructura, que s\u00ed est\u00e1 en proceso, seg\u00fan\nel orden del d\u00eda de la Junta de Gobierno prevista para este martes, el libelo\nse\u00f1ala que \u201cla alta direcci\u00f3n quedar\u00e1 a cargo de la Secretaria Ejecutiva y no\nde la Presidencia, con lo cual se busca limitar el poder de la Presidenta,\naislarla de la toma de decisiones, dejarla sola para que los resultados que\npresente sean m\u00ednimos y sirvan de catapulta a las aspiraciones de este grupo\u201d. <\/p>\n\n\n\n<p class=\"wp-block-paragraph\">Alerta a las Consejeras Sociales y Consultivas,\nquienes dicen \u201cdeber\u00edan estar muy atentas para que el INMUJERES no deje de\nhacer tareas trascendentales en torno a la Pol\u00edtica P\u00fablica\u201d.<\/p>\n\n\n\n<p class=\"wp-block-paragraph\">Finalmente se dice que siguen los despidos en el\ninstituto, no importando el cargo, los conocimientos, experiencia y\ntrayectoria.<\/p>\n\n\n\n<p class=\"wp-block-paragraph\"><strong>La Secretaria T\u00e9cnica de la Junta de Gobierno, Mej\u00eda\nPi\u00f1eros<\/strong><strong><\/strong><\/p>\n\n\n\n<p class=\"wp-block-paragraph\">Antrop\u00f3loga y Maestra en Estudios Latinoamericanos\nAntrop\u00f3loga con Maestr\u00eda en Estudios Latinoamericanos por la Universidad\nNacional Aut\u00f3noma de M\u00e9xico (UNAM), cuenta con los cr\u00e9ditos del Doctorado en\nEstudios Latinoamericanos en la Facultad de Filosof\u00eda y Letras de la UNAM.\nHasta mayo de este a\u00f1o fue directora del grupo internacional Cat\u00f3licas por el\nDerecho a Decidir.<\/p>\n\n\n\n<p class=\"wp-block-paragraph\">Ha sido promotora incansable de los derechos\nsexuales y reproductivos, como activista, acad\u00e9mica y como promotora directa en\nnumerosas conferencias y organizaciones internacionales. Ha promovido redes e\niniciativas que han servido a la discusi\u00f3n sobre la Interrupci\u00f3n legal del\nembarazo y aliada de otras muchas causas.<\/p>\n\n\n\n<p class=\"wp-block-paragraph\">En octubre de 2006 recibi\u00f3 la medalla \u201cOmec\u00edhuatl\u201d\npor parte del Instituto de las Mujeres del Distrito Federal por su destacada\nlabor y liderazgo comunitario; en noviembre de 2007 recibe el reconocimiento \u201cA\nlas mujeres que abrieron camino en pol\u00edtica\u201d, otorgado por el Instituto de las\nMujeres del Distrito Federal, la Secretar\u00eda de Desarrollo Social y el Gobierno\ndel Distrito Federal por su destacada participaci\u00f3n en el proceso de\ndespenalizaci\u00f3n del aborto en la Ciudad de M\u00e9xico; en esa misma fecha,\nCat\u00f3licas por el Derecho a Decidir recibe un reconocimiento por su destacada\nlabor en defensa de los derechos de las mujeres por parte de la Procuradur\u00eda\nGeneral de Justicia del Distrito Federal.<\/p>\n\n\n\n<p class=\"wp-block-paragraph\">En el a\u00f1o 2008, se hace acreedora de la Medalla de\nHonor por su contribuci\u00f3n individual a la Salud Sexual y Reproductiva que\notorga la Federaci\u00f3n Internacional de Planificaci\u00f3n de la Familia, Regi\u00f3n del\nHemisferio Occidental (IPPF\/WHR); en noviembre del mismo a\u00f1o, Cat\u00f3licas por el\nDerecho a Decidir recibe el Premio Hermila Galindo por su destacada trayectoria\nen la defensa y promoci\u00f3n de los derechos de las mujeres, y el impulso de la\nequidad de g\u00e9nero en la Ciudad de M\u00e9xico. En 2010, Mej\u00eda Pi\u00f1eros recibe el\nPremio Hermila Galindo por su contribuci\u00f3n individual a la defensa de los\nderechos humanos de las mujeres; en 2011 es nominada por la organizaci\u00f3n\ninternacional Women Deliver como una de las 100 mujeres del mundo m\u00e1s\ninspiradoras y comprometidas con la vida de las mujeres y las ni\u00f1as.<\/p>\n\n\n\n<p class=\"wp-block-paragraph\">En marzo de 2019 en sesi\u00f3n solemne, el Senado\nmexicano le confiri\u00f3 por unanimidad la presea Elvia Carrillo Puerto, como\nreconocimiento a su liderazgo y a su compromiso con los derechos humanos de las\nmujeres. El reconocimiento Elvia Carillo Puerto se otorga anualmente por la\nComisi\u00f3n de Igualdad de G\u00e9nero del Senado para reconocer a las mujeres\ndistinguidas que han influido en la lucha social, cultural, pol\u00edtica y\necon\u00f3mica en favor de los derechos humanos de las mujeres y la igualdad de\ng\u00e9nero en M\u00e9xico.<\/p>\n\n\n\n<p class=\"wp-block-paragraph\">SEM\/sl\/sj<\/p>\n","protected":false},"excerpt":{"rendered":"<p>Pierden amparos tres organizaciones que buscaban rescatar el ProEquidad<\/p>\n","protected":false},"author":3,"featured_media":11060,"comment_status":"open","ping_status":"open","sticky":false,"template":"","format":"standard","meta":{"_monsterinsights_skip_tracking":false,"footnotes":""},"categories":[690,51],"tags":[],"class_list":["post-11059","post","type-post","status-publish","format-standard","has-post-thumbnail","category-690","category-ejecutivo"],"_links":{"self":[{"href":"https:\/\/redsemlac.com\/semmexico\/wp-json\/wp\/v2\/posts\/11059","targetHints":{"allow":["GET"]}}],"collection":[{"href":"https:\/\/redsemlac.com\/semmexico\/wp-json\/wp\/v2\/posts"}],"about":[{"href":"https:\/\/redsemlac.com\/semmexico\/wp-json\/wp\/v2\/types\/post"}],"author":[{"embeddable":true,"href":"https:\/\/redsemlac.com\/semmexico\/wp-json\/wp\/v2\/users\/3"}],"replies":[{"embeddable":true,"href":"https:\/\/redsemlac.com\/semmexico\/wp-json\/wp\/v2\/comments?post=11059"}],"version-history":[{"count":0,"href":"https:\/\/redsemlac.com\/semmexico\/wp-json\/wp\/v2\/posts\/11059\/revisions"}],"wp:featuredmedia":[{"embeddable":true,"href":"https:\/\/redsemlac.com\/semmexico\/wp-json\/wp\/v2\/media\/11060"}],"wp:attachment":[{"href":"https:\/\/redsemlac.com\/semmexico\/wp-json\/wp\/v2\/media?parent=11059"}],"wp:term":[{"taxonomy":"category","embeddable":true,"href":"https:\/\/redsemlac.com\/semmexico\/wp-json\/wp\/v2\/categories?post=11059"},{"taxonomy":"post_tag","embeddable":true,"href":"https:\/\/redsemlac.com\/semmexico\/wp-json\/wp\/v2\/tags?post=11059"}],"curies":[{"name":"wp","href":"https:\/\/api.w.org\/{rel}","templated":true}]}}