{"id":10902,"date":"2019-08-16T20:07:52","date_gmt":"2019-08-16T20:07:52","guid":{"rendered":"https:\/\/redsemlac.com\/semmexico\/?p=10902"},"modified":"2023-07-21T14:52:26","modified_gmt":"2023-07-21T19:52:26","slug":"oaxaca-13","status":"publish","type":"post","link":"https:\/\/redsemlac.com\/semmexico\/oaxaca-13\/","title":{"rendered":"\u00abBrillanteada\u00bb esta tarde en Oaxaca"},"content":{"rendered":"\n<p class=\"wp-block-paragraph\"><strong>Colectivos feministas, organizaciones civiles y ciudadanas de la capital de Oaxaca se manifestar\u00e1n de manera pacifica en uni\u00f3n y solidaridad para protestar contra los abusos y violaciones cometidas por polic\u00edas en CDMX<\/strong><\/p>\n\n\n\n<p class=\"wp-block-paragraph\"><strong>Patricia Brise\u00f1o<\/strong><br>SemM\u00e9xico. Oaxaca, Oax. 16 de agosto de 2019.-\u00a0 Para denunciar los abusos, acoso y agresiones que enfrentan las mujeres d\u00eda a d\u00eda, este viernes habr\u00e1 \u201cbrillanteada\u201d en la ciudad de Oaxaca, y en decenas de plazas p\u00fablicas del centro e interior del pa\u00eds.<\/p>\n\n\n\n<p class=\"wp-block-paragraph\">Colectivos feministas, organizaciones civiles y ciudadanas de la capital de Oaxaca se manifestar\u00e1n de manera pacifica en uni\u00f3n y solidaridad para protestar contra los abusos y violaciones cometidas por polic\u00edas en CDMX, al igual que el acoso sexual que sufren las mujeres de todo el pa\u00eds. Por esta raz\u00f3n, la movilizaci\u00f3n de mujeres tienen\u00a0 como lema #NoMeCuidanMeViolan.<\/p>\n\n\n\n<p class=\"wp-block-paragraph\">La concentraci\u00f3n se llevar\u00e1 a cabo en la Fuente de las Ocho Regiones a las 19:00 horas, en la zona norte,\u00a0 y a las interesadas se les invita a llevar diamantina rosa, utilizando materiales alternativos y ecol\u00f3gicos como aserr\u00edn, arena, sal o az\u00facar pintada.<\/p>\n\n\n\n<p class=\"wp-block-paragraph\">Conviene mencionar que\u00a0 el tema de la brillantina tom\u00f3 fuerza el lunes 12 de agosto, cuando\u00a0 el secretario de Seguridad Ciudadana de la CDMX, Jes\u00fas Orta, al tratar de dialogar con un grupo de activistas fue rociado con diamantina en la cabeza.<\/p>\n","protected":false},"excerpt":{"rendered":"<p>Colectivos feministas, organizaciones civiles y ciudadanas de la capital de Oaxaca se manifestar\u00e1n de manera pacifica en uni\u00f3n y solidaridad para protestar contra los abusos y violaciones cometidas por polic\u00edas en CDMX<\/p>\n","protected":false},"author":3,"featured_media":10903,"comment_status":"open","ping_status":"open","sticky":false,"template":"","format":"standard","meta":{"_monsterinsights_skip_tracking":false,"footnotes":""},"categories":[690,54],"tags":[],"class_list":["post-10902","post","type-post","status-publish","format-standard","has-post-thumbnail","category-690","category-mujeres"],"_links":{"self":[{"href":"https:\/\/redsemlac.com\/semmexico\/wp-json\/wp\/v2\/posts\/10902","targetHints":{"allow":["GET"]}}],"collection":[{"href":"https:\/\/redsemlac.com\/semmexico\/wp-json\/wp\/v2\/posts"}],"about":[{"href":"https:\/\/redsemlac.com\/semmexico\/wp-json\/wp\/v2\/types\/post"}],"author":[{"embeddable":true,"href":"https:\/\/redsemlac.com\/semmexico\/wp-json\/wp\/v2\/users\/3"}],"replies":[{"embeddable":true,"href":"https:\/\/redsemlac.com\/semmexico\/wp-json\/wp\/v2\/comments?post=10902"}],"version-history":[{"count":0,"href":"https:\/\/redsemlac.com\/semmexico\/wp-json\/wp\/v2\/posts\/10902\/revisions"}],"wp:featuredmedia":[{"embeddable":true,"href":"https:\/\/redsemlac.com\/semmexico\/wp-json\/wp\/v2\/media\/10903"}],"wp:attachment":[{"href":"https:\/\/redsemlac.com\/semmexico\/wp-json\/wp\/v2\/media?parent=10902"}],"wp:term":[{"taxonomy":"category","embeddable":true,"href":"https:\/\/redsemlac.com\/semmexico\/wp-json\/wp\/v2\/categories?post=10902"},{"taxonomy":"post_tag","embeddable":true,"href":"https:\/\/redsemlac.com\/semmexico\/wp-json\/wp\/v2\/tags?post=10902"}],"curies":[{"name":"wp","href":"https:\/\/api.w.org\/{rel}","templated":true}]}}