{"id":10829,"date":"2019-08-15T19:57:40","date_gmt":"2019-08-15T19:57:40","guid":{"rendered":"https:\/\/redsemlac.com\/semmexico\/?p=10829"},"modified":"2023-07-21T14:52:28","modified_gmt":"2023-07-21T19:52:28","slug":"opinion-43","status":"publish","type":"post","link":"https:\/\/redsemlac.com\/semmexico\/opinion-43\/","title":{"rendered":"R\u00e1faga"},"content":{"rendered":"\n<h2 class=\"wp-block-heading\"> Urge que AMLO fije una posici\u00f3n digna ante Trump <\/h2>\n\n\n\n<p class=\"wp-block-paragraph\"><strong>* Los amagos del estadounidense no cesan<\/strong><\/p>\n\n\n\n<p class=\"wp-block-paragraph\"><strong>Jorge Herrera Valenzuela<\/strong><\/p>\n\n\n\n<p class=\"wp-block-paragraph\">SemM\u00e9xico, 15 agosto 2019.- Durante los doce a\u00f1os de\ncampa\u00f1a pol\u00edtica del actual Presidente de M\u00e9xico, no pocas veces se mostr\u00f3\nmolesto por la inacci\u00f3n del Gobierno Federal frente a las agresiones nada\ndiplom\u00e1ticas del gobierno estadounidense, sobre todo en materia econ\u00f3mica. Cierto\nes que a partir del sexenio salinista se impuso una serie de medidas que poco o\nnada beneficiaron a M\u00e9xico, particularmente en 1994 al entrar en vigor el\nTratado de Libre Comercio.<\/p>\n\n\n\n<p class=\"wp-block-paragraph\">Bueno, en los \u00faltimos casi nueve meses del gobierno\nde Andr\u00e9s Manuel L\u00f3pez Obrador, el presidente norteamericano ha dedicado la\nmayor parte de su tiempo en estar amenazando, insultando, agrediendo, dentro y\nfuera de su territorio, a la poblaci\u00f3n mexicana. Sus discursos han propiciado\nuna era de racismo similar a la que, tiempo atr\u00e1s, hubo contra los hombres de\ncolor (hoy llamados afroamericanos) y ahora el ataque es hacia los mexicanos,\ncomo ocurri\u00f3 el 3 del presente mes en El Paso, Texas. <\/p>\n\n\n\n<p class=\"wp-block-paragraph\">Donald Trump comenz\u00f3 su plan contra el pueblo\nmexicano al anunciar la construcci\u00f3n de un muro, a lo largo de m\u00e1s tres mil\nkil\u00f3metros de frontera, cuando ya sus antecesores hab\u00edan colocado las barreras\npara impedir el paso de indocumentados o \u201cmojados\u201d como se le calific\u00f3 durante\nmucho, porque cruzan a nado el R\u00edo Bravo o R\u00edo Grande. El empresario\nrepublicano reiteradamente ha dicho que ese murro lo pagar\u00e1 el gobierno de\nM\u00e9xico.<\/p>\n\n\n\n<p class=\"wp-block-paragraph\">Al presentarse el tiempo para la revisi\u00f3n del\nTratado de Libre Comercio, Trump amenaz\u00f3 con eliminarlo. El infundado argumento\nera que M\u00e9xico hab\u00eda sacado el mayor provecho, perjudicando a la econom\u00eda\nyanqui. Durante el \u00faltimo a\u00f1o del gobierno anterior, la delegaci\u00f3n mexicana\nbatall\u00f3 mucho. Los encuentros fueron constantes con los norteamericanos y los\ncanadienses, logr\u00e1ndose una soluci\u00f3n, en principio aparentemente equitativa.\nSin embargo, los amagos de Trump no cesan.<\/p>\n\n\n\n<p class=\"wp-block-paragraph\">Una tercera ocasi\u00f3n se present\u00f3 al anunciar Trump\nque impondr\u00eda nuevos aranceles a todas las importaciones de productos de origen\nmexicano. Ahora el motivo fue que el gobierno mexicano deber\u00eda de tener una\nactualizaci\u00f3n en su pol\u00edtica migratoria. En pocas palabras, frenar el paso de\ncentroamericanos, asi\u00e1ticos, africanos y cubanos, que emprend\u00edan la aventura\npara llegar a la frontera y pasar a territorio norteamericano. Ni tardo ni\nperezoso L\u00f3pez Obrador desplaz\u00f3 a la Guardia Nacional, cuya funci\u00f3n es policial\nurbana y no contendedora de migrantes.<\/p>\n\n\n\n<p class=\"wp-block-paragraph\">En fecha m\u00e1s reciente el hombre que despacha en el\nSal\u00f3n Oval de la Casa Blanca, se sac\u00f3 del bolsillo la nueva orden para las\nautoridades mexicanas. Esta fue la de combatir con m\u00e1s fuerza el narcotr\u00e1fico y\nsi en un a\u00f1o no hay resultados que le satisfagan a Trump, \u00e9ste \u201cdescertificar\u00e1\u201d\na nuestro pa\u00eds, reduciendo en un 50 por ciento el apoyo econ\u00f3mico y bloqueando\npr\u00e9stamos del Banco Mundial y del Banco Interamericano de Desarrollo. No\nnecesita proceder en esto \u00faltimo, porque L\u00f3pez Obrador ha dicho que no se\nsujetar\u00e1 a los lineamientos y pol\u00edticas de esos bancos.<\/p>\n\n\n\n<p class=\"wp-block-paragraph\">A todo lo anterior, comentado en forma sintetizada,\nse suma la permanente agresi\u00f3n f\u00edsica e intimidatoria de la polic\u00eda yanqui y lo\nm\u00e1s grave, las redadas para deportar a los que no tienen documentaci\u00f3n para\nresidir o bien que son sospechosos de tener antecedentes como delincuentes. Las\ndeportaciones est\u00e1n a la orden del d\u00eda. Aunque los C\u00f3nsules mexicanos\nacreditados en Estados Unidos trabajen horas, Trump da \u00f3rdenes de proceder para\nsacar de su pa\u00eds a millones de indocumentados. Ya en otra etapa, recordemos,\ncomo separ\u00f3 a los ni\u00f1os de sus padres.<\/p>\n\n\n\n<p class=\"wp-block-paragraph\">&nbsp;\u00bfY? Pues que\nL\u00f3pez Obrador se concreta a decir que no buscar\u00e1 enfrentamiento con Trump; que\nquiere el di\u00e1logo. Su frase m\u00e1s reiterativa es que guarda respeto porque hay\nmuy buenas relaciones con el hombre que anda en campa\u00f1a para reelegirse. Pero,\nel pero que nunca falta, lo que deseamos los mexicanos es que el gobierno\nfederal deje de cumplir las \u00f3rdenes norteamericanas y que busque los\nantecedentes de los gobiernos sexenales del siglo pasado, donde encontrar\u00e1 un\ndiscurso muy objetivo, respetuoso, del presidente Gustavo D\u00edaz Ordaz\ndefendiendo la dignidad y la soberan\u00eda de M\u00e9xico.<\/p>\n\n\n\n<p class=\"wp-block-paragraph\">Por lo que estamos viviendo, cabe citar el di\u00e1logo\nque al encontrarse, en 1928, el general Pershing y el abogado poblano Luis\nCabrera sostuvieron: Pershing dijo: \u201c<strong>El\nproblema con ustedes, mexicanos, siempre est\u00e1n pensando, pero no act\u00faan<\/strong>\u201d y\ncontest\u00f3 Cabrera: \u201c<strong>El problema con ustedes\namericanos, siempre act\u00faan, pero nunca piensan<\/strong>\u201d.<\/p>\n\n\n\n<p class=\"wp-block-paragraph\"><strong>Pregunta para meditar:<\/strong><\/p>\n\n\n\n<p class=\"wp-block-paragraph\">\u00bfL\u00f3pez Obrador seguir\u00e1 pensando o decidir\u00e1 actuar,\nmientras que Trump continuar\u00e1 actuando, sin importarle pensar?<\/p>\n\n\n\n<p class=\"wp-block-paragraph\"><strong>jherrerav@live.com.mx<\/strong><\/p>\n","protected":false},"excerpt":{"rendered":"<p>Urge que AMLO fije una posici\u00f3n digna ante Trump <\/p>\n","protected":false},"author":3,"featured_media":10830,"comment_status":"open","ping_status":"open","sticky":false,"template":"","format":"standard","meta":{"_monsterinsights_skip_tracking":false,"footnotes":""},"categories":[690,94,107],"tags":[],"class_list":["post-10829","post","type-post","status-publish","format-standard","has-post-thumbnail","category-690","category-jorge-herrera-valenzuela","category-rafaga"],"_links":{"self":[{"href":"https:\/\/redsemlac.com\/semmexico\/wp-json\/wp\/v2\/posts\/10829","targetHints":{"allow":["GET"]}}],"collection":[{"href":"https:\/\/redsemlac.com\/semmexico\/wp-json\/wp\/v2\/posts"}],"about":[{"href":"https:\/\/redsemlac.com\/semmexico\/wp-json\/wp\/v2\/types\/post"}],"author":[{"embeddable":true,"href":"https:\/\/redsemlac.com\/semmexico\/wp-json\/wp\/v2\/users\/3"}],"replies":[{"embeddable":true,"href":"https:\/\/redsemlac.com\/semmexico\/wp-json\/wp\/v2\/comments?post=10829"}],"version-history":[{"count":0,"href":"https:\/\/redsemlac.com\/semmexico\/wp-json\/wp\/v2\/posts\/10829\/revisions"}],"wp:featuredmedia":[{"embeddable":true,"href":"https:\/\/redsemlac.com\/semmexico\/wp-json\/wp\/v2\/media\/10830"}],"wp:attachment":[{"href":"https:\/\/redsemlac.com\/semmexico\/wp-json\/wp\/v2\/media?parent=10829"}],"wp:term":[{"taxonomy":"category","embeddable":true,"href":"https:\/\/redsemlac.com\/semmexico\/wp-json\/wp\/v2\/categories?post=10829"},{"taxonomy":"post_tag","embeddable":true,"href":"https:\/\/redsemlac.com\/semmexico\/wp-json\/wp\/v2\/tags?post=10829"}],"curies":[{"name":"wp","href":"https:\/\/api.w.org\/{rel}","templated":true}]}}