{"id":10755,"date":"2019-08-13T17:21:24","date_gmt":"2019-08-13T17:21:24","guid":{"rendered":"https:\/\/redsemlac.com\/semmexico\/?p=10755"},"modified":"2023-07-21T14:52:31","modified_gmt":"2023-07-21T19:52:31","slug":"segun-este-estudio-el-uso-de-terminos-neutrales-de-genero-si-que-favorece-la-igualdad-de-genero","status":"publish","type":"post","link":"https:\/\/redsemlac.com\/semmexico\/segun-este-estudio-el-uso-de-terminos-neutrales-de-genero-si-que-favorece-la-igualdad-de-genero\/","title":{"rendered":"Seg\u00fan este estudio, el uso de t\u00e9rminos neutrales de g\u00e9nero s\u00ed que favorece la igualdad de g\u00e9nero"},"content":{"rendered":"\n<p class=\"wp-block-paragraph\"><strong><em> En su estudio publicado en\u00a0Proceedings of the National Academy of Sciences,\u00a0Margit Tavits\u00a0y\u00a0Efr\u00e9n P\u00e9rez\u00a0describen experimentos que realizaron con voluntarios suecos. <\/em><\/strong><\/p>\n\n\n\n<p class=\"wp-block-paragraph\">SemM\u00e9xico\/ Xataka.com. Cuidad de M\u00e9xico. 13 de agosto 2019.-  Seg\u00fan un nuevo estudio sueco, hay evidencia que sugiere que\u00a0<strong>el uso de t\u00e9rminos neutrales de g\u00e9nero para describir a las personas promueve la igualdad de g\u00e9nero<\/strong>.<\/p>\n\n\n\n<p class=\"wp-block-paragraph\">En su estudio publicado en&nbsp;<em>Proceedings of the National Academy of Sciences<\/em>,&nbsp;<strong>Margit Tavits<\/strong>&nbsp;y&nbsp;<strong>Efr\u00e9n P\u00e9rez<\/strong>&nbsp;describen experimentos que realizaron con voluntarios suecos.<\/p>\n\n\n\n<h2 class=\"wp-block-heading\">Elles<\/h2>\n\n\n\n<p class=\"wp-block-paragraph\">En 2012, los suecos empezaron a debatir la adici\u00f3n de una nueva palabra a su idioma para describir a las personas de manera neutral en cuanto al g\u00e9nero. El idioma ya ten\u00eda las palabras hon y han, para \u00e9l y ella respectivamente, pero la palabra \u00abhen\u00bb&nbsp;<strong>fue propuesta para describir a las personas sin referirse a su g\u00e9nero<\/strong>.<\/p>\n\n\n\n<p class=\"wp-block-paragraph\">Hacia el 2015, el uso de la nueva palabra se hab\u00eda convertido en algo com\u00fan y se agreg\u00f3 al glosario de la Academia Sueca. Para averiguar si la inclusi\u00f3n de este t\u00e9rmino hab\u00eda reducio el sesgo sexual,&nbsp;<strong>se realizaron tres experimentos con m\u00e1s de 3 000 voluntarios<\/strong>.<\/p>\n\n\n\n<p class=\"wp-block-paragraph\">En el primer experimento,&nbsp;<strong>los voluntarios miraron una imagen que mostraba a un personaje andr\u00f3gino paseando a un perro<\/strong>. A cada uno se le pidi\u00f3 que usara el conocido hon o han o la nueva palabra, hen, para describir la acci\u00f3n en la imagen. En el segundo experimento, los voluntarios completaron una historia corta sobre una persona de g\u00e9nero desconocido que se postula para un cargo. El experimento final consisti\u00f3 en solicitar opiniones de personas LGBT y no binarias.<\/p>\n\n\n\n<p class=\"wp-block-paragraph\">Las personas que usaron la nueva palabra, hen, para describir la imagen de quien paseaba al perro ten\u00edan menor probabilidad de usar un nombre masculino para su personaje. Tambi\u00e9n descubrieron que las personas se tomaban la misma cantidad de tiempo para escribir la historia sobre la persona que se postulaba para un cargo, independientemente del t\u00e9rmino que usaban para describirlas. Tambi\u00e9n mostraban mayor aceptaci\u00f3n hacia las personas LGBT.<\/p>\n\n\n\n<p class=\"wp-block-paragraph\">Los investigadores concluyen sugiriendo que la introducci\u00f3n de la nueva palabra en el l\u00e9xico sueco ha llevado a un lenguaje m\u00e1s inclusivo de g\u00e9nero.&nbsp;<strong>Sugieren adem\u00e1s que tal inclusi\u00f3n podr\u00eda estar conduciendo a un menor sesgo de g\u00e9nero y la promoci\u00f3n de la igualdad de g\u00e9nero<\/strong>.<\/p>\n\n\n\n<p class=\"wp-block-paragraph\">Naturalmente, es todav\u00eda prematuro establecer una relaci\u00f3n de causa-efecto: el lenguaje tiene un impacto muy d\u00e9bil en nuestro pensamiento y en nuestros prejuicios (a pesar de las\u00a0<a href=\"https:\/\/es.wikipedia.org\/wiki\/Hip%C3%B3tesis_de_Sapir-Whorf\">hip\u00f3tesis periclitadas de Sapir-Whorf<\/a>), y m\u00e1s bien hay m\u00e1s evidencia de que todo funciona exactamente al rev\u00e9s:\u00a0<strong>cambiamos el lenguaje cuando cambia nuestra percepci\u00f3n de la realidad<\/strong>.<\/p>\n\n\n\n<p class=\"wp-block-paragraph\"> SEM\/ Xataka.com <\/p>\n","protected":false},"excerpt":{"rendered":"<p>En su estudio publicado en Proceedings of the National Academy of Sciences, Margit Tavits y Efr\u00e9n P\u00e9rez describen experimentos que realizaron con voluntarios suecos.<\/p>\n","protected":false},"author":3,"featured_media":10757,"comment_status":"open","ping_status":"open","sticky":false,"template":"","format":"standard","meta":{"_monsterinsights_skip_tracking":false,"footnotes":""},"categories":[690,56],"tags":[],"class_list":["post-10755","post","type-post","status-publish","format-standard","has-post-thumbnail","category-690","category-redes"],"_links":{"self":[{"href":"https:\/\/redsemlac.com\/semmexico\/wp-json\/wp\/v2\/posts\/10755","targetHints":{"allow":["GET"]}}],"collection":[{"href":"https:\/\/redsemlac.com\/semmexico\/wp-json\/wp\/v2\/posts"}],"about":[{"href":"https:\/\/redsemlac.com\/semmexico\/wp-json\/wp\/v2\/types\/post"}],"author":[{"embeddable":true,"href":"https:\/\/redsemlac.com\/semmexico\/wp-json\/wp\/v2\/users\/3"}],"replies":[{"embeddable":true,"href":"https:\/\/redsemlac.com\/semmexico\/wp-json\/wp\/v2\/comments?post=10755"}],"version-history":[{"count":0,"href":"https:\/\/redsemlac.com\/semmexico\/wp-json\/wp\/v2\/posts\/10755\/revisions"}],"wp:featuredmedia":[{"embeddable":true,"href":"https:\/\/redsemlac.com\/semmexico\/wp-json\/wp\/v2\/media\/10757"}],"wp:attachment":[{"href":"https:\/\/redsemlac.com\/semmexico\/wp-json\/wp\/v2\/media?parent=10755"}],"wp:term":[{"taxonomy":"category","embeddable":true,"href":"https:\/\/redsemlac.com\/semmexico\/wp-json\/wp\/v2\/categories?post=10755"},{"taxonomy":"post_tag","embeddable":true,"href":"https:\/\/redsemlac.com\/semmexico\/wp-json\/wp\/v2\/tags?post=10755"}],"curies":[{"name":"wp","href":"https:\/\/api.w.org\/{rel}","templated":true}]}}